{"id":26383,"date":"2023-05-04T16:15:16","date_gmt":"2023-05-04T20:15:16","guid":{"rendered":"https:\/\/portal.sma.gob.cl\/?p=26383"},"modified":"2025-07-21T15:27:29","modified_gmt":"2025-07-21T19:27:29","slug":"sma-realiza-taller-de-asistencia-al-cumplimiento-ambiental-para-establecimientos-afectos-al-impuesto-verde-2023","status":"publish","type":"post","link":"https:\/\/portal.sma.gob.cl\/index.php\/sma-realiza-taller-de-asistencia-al-cumplimiento-ambiental-para-establecimientos-afectos-al-impuesto-verde-2023\/","title":{"rendered":"SMA realiza taller de asistencia al cumplimiento ambiental para establecimientos afectos al Impuesto Verde 2023"},"content":{"rendered":"<p><strong>La actividad estuvo orientada a los encargados de establecimientos que tienen la obligaci\u00f3n de reportar a la SMA y fue desarrollada por la Secci\u00f3n de Calidad de Aire y Emisiones Atmosf\u00e9ricas y del Departamento de Seguimiento e Informaci\u00f3n Ambiental.<\/strong><!--more--><\/p>\n<p><strong>Santiago, 3 de mayo de 2023. <\/strong>M\u00e1s de 100 personas se conectaron al taller online<strong> \u201cActualizaci\u00f3n de Monitoreo, Reporte y Verificaci\u00f3n de Impuesto Verde\u201d. La actividad, organizada por la SMA, se da en <\/strong>el marco del proceso de asistencia al cumplimiento a establecimientos afectos a las obligaciones de la Resoluci\u00f3n Exenta N\u00b0 585 SMA 2023, que \u201cEstablece instrucciones generales para el Monitoreo, Reporte y Verificaci\u00f3n de las emisiones afectas al Impuesto establecido en el art\u00edculo 8\u00b0 de la Ley N\u00b0 20.780, modificado por la Ley N\u00b0 21.210, y deroga la Resoluci\u00f3n Exenta N\u00b0 55, de fecha 12 de enero de 2018.<\/p>\n<p>En la actividad se explicaron los principales cambios que contempla la reforma al impuesto verde a contar del a\u00f1o 2023, as\u00ed como tambi\u00e9n, de las diferentes obligaciones que tienen los establecimientos afectos.<\/p>\n<p>A la vez, se presentaron los nuevos m\u00f3dulos de reportes que estar\u00e1n vigentes en el Sistema de Seguimiento Atmosf\u00e9rico (SISAT) de la SMA, a contar del mes de mayo del presente a\u00f1o.<\/p>\n<h3>Presentaciones realizadas:<\/h3>\n<p><strong>&#8211;<a href=\"https:\/\/portal.sma.gob.cl\/index.php\/download\/presentacion-n-1\/?wpdmdl=26387&amp;masterkey=Va8iXBM5wzhDPCVWSy7GK-wSGDxyTT2-BgPNPu5Z7rxZeKkx3ELr0nfXFPqFPn9cQcEzN4bC6gbXtKYOrVxbw3XAeYK28n8IUAgqHkOZAho\">Presentaci\u00f3n N\u00b0 1,<\/a> <\/strong>Actualizaci\u00f3n MRV Impuesto Verde. Relator: Juan Pablo Rodr\u00edguez, jefe de la Secci\u00f3n Calidad de Aire y Emisiones, Divisi\u00f3n de Fiscalizaci\u00f3n.<\/p>\n<p><strong>&#8211;<a href=\"https:\/\/portal.sma.gob.cl\/index.php\/download\/presentacion-n-2\/?wpdmdl=26388&amp;masterkey=U_noXomTIWWzZhlAKk4S6r6zatOaoE4HbbTYSk8GEgbr_izNx6wAm-fdcB4ywcxWB4TXEaQRH1lIM-QT2A8x2gnH8-sVFCwlL_FTIVSga-4\">Presentaci\u00f3n N\u00b0 2,<\/a><\/strong> Implementaci\u00f3n Impuesto Verde a\u00f1o 2023. Relator: V\u00edctor Hugo Delgado, profesional de la Secci\u00f3n Calidad de Aire y Emisiones, Divisi\u00f3n de Fiscalizaci\u00f3n.<\/p>\n<p><strong>&#8211;<a href=\"https:\/\/portal.sma.gob.cl\/index.php\/download\/presentacion-n-3\/?wpdmdl=26389&amp;masterkey=a9oG03mm471JE1O7Bwqe9KK1ygsFzYos9PeI-IgZAuKjSITCAttZOFgCPmxQ9u6enWAUJnUFVm9vnH7kK3592e9jXR7g1bEVyjKC9cL9sss\">Presentaci\u00f3n N\u00b0 3<\/a>,<\/strong> Sistema de Seguimiento Atmosf\u00e9rico SISAT, M\u00f3dulos de Reporte. Relator: Renzo Stanley, Departamento de Seguimiento e Informaci\u00f3n Ambiental.<\/p>\n<p>&nbsp;<\/p>\n<h3>Video del taller<\/h3>\n<div class=\"video-shortcode\"><iframe title=\"SMA realiza taller a establecimientos afectos al Impuesto Verde\" width=\"1100\" height=\"619\" src=\"https:\/\/www.youtube.com\/embed\/aBa2s-cAB10?feature=oembed\" frameborder=\"0\" allow=\"accelerometer; autoplay; clipboard-write; encrypted-media; gyroscope; picture-in-picture; web-share\" allowfullscreen><\/iframe><\/div>\n","protected":false},"excerpt":{"rendered":"<p>La actividad estuvo orientada a los encargados de establecimientos que tienen la obligaci\u00f3n de reportar a la SMA y fue desarrollada por la Secci\u00f3n de Calidad de Aire y Emisiones Atmosf\u00e9ricas y del Departamento de Seguimiento e Informaci\u00f3n Ambiental.<\/p>\n","protected":false},"author":9,"featured_media":26385,"comment_status":"open","ping_status":"open","sticky":false,"template":"","format":"standard","meta":{"footnotes":""},"categories":[252,90,225,283],"tags":[],"class_list":["post-26383","post","type-post","status-publish","format-standard","has-post-thumbnail","hentry","category-asistencia-al-cumplimiento","category-comunicados-noticias","category-macrozona-centro","category-sisat"],"_links":{"self":[{"href":"https:\/\/portal.sma.gob.cl\/index.php\/wp-json\/wp\/v2\/posts\/26383","targetHints":{"allow":["GET"]}}],"collection":[{"href":"https:\/\/portal.sma.gob.cl\/index.php\/wp-json\/wp\/v2\/posts"}],"about":[{"href":"https:\/\/portal.sma.gob.cl\/index.php\/wp-json\/wp\/v2\/types\/post"}],"author":[{"embeddable":true,"href":"https:\/\/portal.sma.gob.cl\/index.php\/wp-json\/wp\/v2\/users\/9"}],"replies":[{"embeddable":true,"href":"https:\/\/portal.sma.gob.cl\/index.php\/wp-json\/wp\/v2\/comments?post=26383"}],"version-history":[{"count":6,"href":"https:\/\/portal.sma.gob.cl\/index.php\/wp-json\/wp\/v2\/posts\/26383\/revisions"}],"predecessor-version":[{"id":26394,"href":"https:\/\/portal.sma.gob.cl\/index.php\/wp-json\/wp\/v2\/posts\/26383\/revisions\/26394"}],"wp:featuredmedia":[{"embeddable":true,"href":"https:\/\/portal.sma.gob.cl\/index.php\/wp-json\/wp\/v2\/media\/26385"}],"wp:attachment":[{"href":"https:\/\/portal.sma.gob.cl\/index.php\/wp-json\/wp\/v2\/media?parent=26383"}],"wp:term":[{"taxonomy":"category","embeddable":true,"href":"https:\/\/portal.sma.gob.cl\/index.php\/wp-json\/wp\/v2\/categories?post=26383"},{"taxonomy":"post_tag","embeddable":true,"href":"https:\/\/portal.sma.gob.cl\/index.php\/wp-json\/wp\/v2\/tags?post=26383"}],"curies":[{"name":"wp","href":"https:\/\/api.w.org\/{rel}","templated":true}]}}