{"id":26429,"date":"2023-05-10T12:00:18","date_gmt":"2023-05-10T16:00:18","guid":{"rendered":"https:\/\/portal.sma.gob.cl\/?p=26429"},"modified":"2023-05-25T09:09:51","modified_gmt":"2023-05-25T13:09:51","slug":"sma-publica-listado-de-grandes-establecimientos-que-deben-paralizar-en-episodios-criticos-en-la-rm-2","status":"publish","type":"post","link":"https:\/\/portal.sma.gob.cl\/index.php\/sma-publica-listado-de-grandes-establecimientos-que-deben-paralizar-en-episodios-criticos-en-la-rm-2\/","title":{"rendered":"SMA actualiza listado de Grandes Establecimientos que deben paralizar en episodios cr\u00edticos en la RM"},"content":{"rendered":"<p><strong>Santiago, 24 de mayo de 2023.<\/strong> La Superintendencia del Medio Ambiente informa que ha actualizado el listado de paralizaci\u00f3n de empresas\u00a0 que deben paralizar todas sus fuentes estacionarias, cuando la Delegaci\u00f3n Presidencial declare pre-emergencia o emergencia ambiental en la Regi\u00f3n Metropolitana.<\/p>\n<p>Seg\u00fan datos disponibles al d\u00eda 19 de mayo 2023, contenidos <a href=\"https:\/\/www.diariooficial.interior.gob.cl\/publicaciones\/2023\/05\/24\/43559\/01\/2319020.pdf\">Resoluci\u00f3n Exenta N\u00b0 836\/2023<\/a>, en total <strong>10 Grandes Establecimientos <\/strong>deber\u00e1n paralizar cuando se decrete episodio GEC. Cabe destacar que dicha lista puede variar, en la medida que se actualizan datos de los Planes de Reducci\u00f3n de Emisiones en nuestro Sistema SISAT.<\/p>\n<p><strong>Listado vigente al 19 de mayo de 2023<\/strong><\/p>\n<table class=\"table-1\" width=\"576\">\n<tbody>\n<tr>\n<td width=\"208\"><strong>EMPRESA TITULAR<\/strong><\/td>\n<td width=\"142\"><strong>ESTADO DE PARALIZACI\u00d3N<\/strong><\/td>\n<td width=\"227\"><strong>MOTIVO DE PARALIZACI\u00d3N<\/strong><\/td>\n<\/tr>\n<tr>\n<td width=\"208\">ACEROS CHILE S.A.<\/td>\n<td width=\"142\">PARALIZA<\/td>\n<td width=\"227\">Faltan antecedentes para cumplimiento PRE<\/td>\n<\/tr>\n<tr>\n<td width=\"208\">AUTOMOTORA INALCO S.A.<\/td>\n<td width=\"142\">PARALIZA<\/td>\n<td width=\"227\">Faltan antecedentes para cumplimiento PRE<\/td>\n<\/tr>\n<tr>\n<td width=\"208\">CONSORCIO SANTA MARTA S.A.<\/td>\n<td width=\"142\">PARALIZA<\/td>\n<td width=\"227\">Faltan antecedentes para cumplimiento PRE<\/td>\n<\/tr>\n<tr>\n<td width=\"208\">EXTRUDER S.A.<\/td>\n<td width=\"142\">PARALIZA<\/td>\n<td width=\"227\">Faltan antecedentes para el cumplimiento PRE<\/td>\n<\/tr>\n<tr>\n<td width=\"208\">FAMAE<\/td>\n<td width=\"142\">PARALIZA<\/td>\n<td width=\"227\">\u00a0Faltan antecedentes para el cumplimiento PRE<\/td>\n<\/tr>\n<tr>\n<td width=\"208\">INDS. PROFAL S.A.<\/td>\n<td width=\"142\">PARALIZA<\/td>\n<td width=\"227\">Sin PRE<\/td>\n<\/tr>\n<tr>\n<td width=\"208\">MANUEL MORALES MENESES<\/p>\n<p>(EFEMM FERTILIZANTES LTDA.)<\/td>\n<td width=\"142\">PARALIZA<\/td>\n<td width=\"227\">Faltan antecedentes para cumplimiento PRE<\/td>\n<\/tr>\n<tr>\n<td width=\"208\">PROC. Y EXTRUSORA DE ALIMENTOS LTDA.<\/td>\n<td width=\"142\">PARALIZA<\/td>\n<td width=\"227\">Sin PRE<\/td>\n<\/tr>\n<tr>\n<td width=\"208\">SCHAFFNER S.A.<\/td>\n<td width=\"142\">PARALIZA<\/td>\n<td width=\"227\">Faltan antecedentes para el cumplimiento PRE<\/td>\n<\/tr>\n<tr>\n<td width=\"208\">CEMENTOS BICENTENARIO S.A.<\/td>\n<td width=\"142\">PARALIZA<\/td>\n<td width=\"227\">\u00a0SIN PRE<\/td>\n<\/tr>\n<\/tbody>\n<\/table>\n<p>&nbsp;<\/p>\n","protected":false},"excerpt":{"rendered":"<p>Santiago, 24 de mayo de 2023. La Superintendencia del Medio Ambiente informa que ha actualizado el listado de paralizaci\u00f3n de empresas\u00a0 que deben paralizar todas sus fuentes estacionarias, cuando la Delegaci\u00f3n Presidencial declare pre-emergencia o emergencia ambiental en la Regi\u00f3n Metropolitana. Seg\u00fan datos disponibles al d\u00eda 19 de mayo 2023, contenidos Resoluci\u00f3n Exenta N\u00b0 836\/2023, en <a href=\"https:\/\/portal.sma.gob.cl\/index.php\/sma-publica-listado-de-grandes-establecimientos-que-deben-paralizar-en-episodios-criticos-en-la-rm-2\/\">Leer m\u00e1s<\/a><\/p>\n","protected":false},"author":9,"featured_media":20321,"comment_status":"open","ping_status":"open","sticky":false,"template":"","format":"standard","meta":{"footnotes":""},"categories":[90,107,225],"tags":[],"class_list":["post-26429","post","type-post","status-publish","format-standard","has-post-thumbnail","hentry","category-comunicados-noticias","category-destacado","category-macrozona-centro"],"_links":{"self":[{"href":"https:\/\/portal.sma.gob.cl\/index.php\/wp-json\/wp\/v2\/posts\/26429","targetHints":{"allow":["GET"]}}],"collection":[{"href":"https:\/\/portal.sma.gob.cl\/index.php\/wp-json\/wp\/v2\/posts"}],"about":[{"href":"https:\/\/portal.sma.gob.cl\/index.php\/wp-json\/wp\/v2\/types\/post"}],"author":[{"embeddable":true,"href":"https:\/\/portal.sma.gob.cl\/index.php\/wp-json\/wp\/v2\/users\/9"}],"replies":[{"embeddable":true,"href":"https:\/\/portal.sma.gob.cl\/index.php\/wp-json\/wp\/v2\/comments?post=26429"}],"version-history":[{"count":14,"href":"https:\/\/portal.sma.gob.cl\/index.php\/wp-json\/wp\/v2\/posts\/26429\/revisions"}],"predecessor-version":[{"id":26527,"href":"https:\/\/portal.sma.gob.cl\/index.php\/wp-json\/wp\/v2\/posts\/26429\/revisions\/26527"}],"wp:featuredmedia":[{"embeddable":true,"href":"https:\/\/portal.sma.gob.cl\/index.php\/wp-json\/wp\/v2\/media\/20321"}],"wp:attachment":[{"href":"https:\/\/portal.sma.gob.cl\/index.php\/wp-json\/wp\/v2\/media?parent=26429"}],"wp:term":[{"taxonomy":"category","embeddable":true,"href":"https:\/\/portal.sma.gob.cl\/index.php\/wp-json\/wp\/v2\/categories?post=26429"},{"taxonomy":"post_tag","embeddable":true,"href":"https:\/\/portal.sma.gob.cl\/index.php\/wp-json\/wp\/v2\/tags?post=26429"}],"curies":[{"name":"wp","href":"https:\/\/api.w.org\/{rel}","templated":true}]}}