{"id":26446,"date":"2023-05-11T15:43:23","date_gmt":"2023-05-11T19:43:23","guid":{"rendered":"https:\/\/portal.sma.gob.cl\/?p=26446"},"modified":"2023-05-11T18:09:11","modified_gmt":"2023-05-11T22:09:11","slug":"26446","status":"publish","type":"post","link":"https:\/\/portal.sma.gob.cl\/index.php\/26446\/","title":{"rendered":"SMA organiza reuni\u00f3n que da inicio al Ciclo de Programaci\u00f3n de Fiscalizaci\u00f3n Ambiental 2023-2024"},"content":{"rendered":"<p><strong>La Superintendenta Plumer dio la bienvenida a esta cita donde participan los servicios p\u00fablicos que forman parte de la Red Nacional de Fiscalizaci\u00f3n, y que buscan una escucha activa para planificar los programas para la vigilancia de los distintos instrumentos de car\u00e1cter ambiental y que se ejecutan a\u00f1o a a\u00f1o.<\/strong><!--more--><\/p>\n<p><strong>\u00a0<\/strong><strong>Santiago, 11 de mayo de 2023. \u00a0La Superintendencia del Medio Ambiente (SMA) cit\u00f3 hoy a una reuni\u00f3n que da inicio al ciclo de programaci\u00f3n de la <\/strong>fiscalizaci\u00f3n 2023 \u2013 2024, que cada a\u00f1o se realiza en conjunto con los Organismos Sectoriales de la Red Nacional de Fiscalizaci\u00f3n Ambiental (RENFA). Estas reuniones finalizan con la elaboraci\u00f3n de los programas y subprogramas de fiscalizaci\u00f3n para el a\u00f1o 2024.<\/p>\n<p>Por parte de los Organizamos Sectoriales, este a\u00f1o participaron representantes de CONADI, CONAF, CMN, CCHEN, DGA, DGAC, DIRECTEMAR, SISS, SERNAGEOMIN, SAG, SERNAPESCA, SUBPESCA, SUBSALUD Y VIALIDAD. Por parte de la SMA, la Superintendenta Marie Claude Plumer dio la bienvenida a la reuni\u00f3n, relevando la importancia del trabajo en equipo entre distintos servicios p\u00fablicos a la hora de fiscalizar ambientalmente. Tambi\u00e9n participaron los jefes de las Oficinas Regionales y los equipos de la Divisi\u00f3n de Fiscalizaci\u00f3n y la Oficina de Gesti\u00f3n Estrat\u00e9gica.<\/p>\n<p>Durante la reuni\u00f3n, la Superintendenta Plumer agradeci\u00f3 el trabajo realizado por los diferentes organismos en materia de fiscalizaci\u00f3n ambiental a lo largo del pa\u00eds, resaltando la importancia de seguir fortaleciendo la coordinaci\u00f3n con la SMA en cada regi\u00f3n. Asimismo, present\u00f3 los lineamientos de trabajo para el periodo 2023 \u2013 2024, enfatizando el inter\u00e9s en priorizar la atenci\u00f3n de denuncias, la fiscalizaci\u00f3n en \u00e1mbitos prioritarios como contaminaci\u00f3n ambiental, biodiversidad y escasez h\u00eddrica, y una especial atenci\u00f3n al cuidado de los territorios de transici\u00f3n socio ecol\u00f3gica y el fortalecimiento al uso de tecnolog\u00edas para la fiscalizaci\u00f3n remota y masiva. Posteriormente, Claudia Pastore, Jefa de la Divisi\u00f3n de Fiscalizaci\u00f3n (S), revis\u00f3 los logros del a\u00f1o 2022, y profundiz\u00f3 en la forma y calendario de trabajo para el a\u00f1o 2023.<\/p>\n<p>Cabe destacar que los Programas y Subprogramas de Fiscalizaci\u00f3n son herramientas de gesti\u00f3n p\u00fablica establecidas en la Ley Org\u00e1nica de la SMA, en las cuales se definen los procesos de fiscalizaci\u00f3n ambiental que ser\u00e1n ejecutados en un a\u00f1o por parte de la propia Superintendencia y los Organismos Sectoriales de la RENFA para los distintos instrumentos de car\u00e1cter ambiental de competencia, identificando la cantidad, presupuestos y servicios participantes en cada uno.<\/p>\n<p>Esta herramienta constituye la base de la acci\u00f3n preventiva de la SMA y la RENFA, y establece adem\u00e1s las principales pautas estrat\u00e9gicas para la acci\u00f3n fiscalizadora del a\u00f1o correspondiente. Para este a\u00f1o 2023, dichos programas incluyen la planificaci\u00f3n de m\u00e1s de 3.200 procesos de fiscalizaci\u00f3n a ejecutar entre los distintos instrumentos de car\u00e1cter ambiental, entre los cuales se incluyen -de forma in\u00e9dita- 1.600 procesos de fiscalizaci\u00f3n remota y masiva.<\/p>\n<p><strong>\u00a0<\/strong>De esta forma, para 2023, se cuentan con 7 resoluciones de programas y subprogramas, para los siguientes instrumentos:<\/p>\n<ul>\n<li>Programa y subprogramas de Resoluciones de Calificaci\u00f3n Ambiental (RCA).<\/li>\n<li>Programa y subprogramas de Normas de Emisi\u00f3n<\/li>\n<li>Programa y subprogramas de Planes de Prevenci\u00f3n y\/o Descontaminaci\u00f3n Ambiental (PPDA).<\/li>\n<li>Programa de Normas de Calidad<\/li>\n<li>Programa de Entidades T\u00e9cnicas de Fiscalizaci\u00f3n Ambiental (ETFA)<\/li>\n<li>Programa de aplicaci\u00f3n la \u201cLey de impuestos Verde\u201d<\/li>\n<li>Programa de Programas de Cumplimiento (PdC).<\/li>\n<\/ul>\n<blockquote><p>Las resoluciones de programas y subprogramas de este a\u00f1o, junto con las de a\u00f1os anteriores, pueden ser consultadas en SNIFA, en el siguiente enlace: <a href=\"https:\/\/snifa.sma.gob.cl\/Resolucion\/Programa\">https:\/\/snifa.sma.gob.cl\/Resolucion\/Programa<\/a><\/p><\/blockquote>\n<p>&nbsp;<\/p>\n<p>&nbsp;<\/p>\n","protected":false},"excerpt":{"rendered":"<p>La Superintendenta Plumer dio la bienvenida a esta cita donde participan los servicios p\u00fablicos que forman parte de la Red Nacional de Fiscalizaci\u00f3n, y que buscan una escucha activa para planificar los programas para la vigilancia de los distintos instrumentos de car\u00e1cter ambiental y que se ejecutan a\u00f1o a a\u00f1o.<\/p>\n","protected":false},"author":9,"featured_media":26449,"comment_status":"open","ping_status":"open","sticky":false,"template":"","format":"standard","meta":{"footnotes":""},"categories":[90,107,225],"tags":[],"class_list":["post-26446","post","type-post","status-publish","format-standard","has-post-thumbnail","hentry","category-comunicados-noticias","category-destacado","category-macrozona-centro"],"_links":{"self":[{"href":"https:\/\/portal.sma.gob.cl\/index.php\/wp-json\/wp\/v2\/posts\/26446","targetHints":{"allow":["GET"]}}],"collection":[{"href":"https:\/\/portal.sma.gob.cl\/index.php\/wp-json\/wp\/v2\/posts"}],"about":[{"href":"https:\/\/portal.sma.gob.cl\/index.php\/wp-json\/wp\/v2\/types\/post"}],"author":[{"embeddable":true,"href":"https:\/\/portal.sma.gob.cl\/index.php\/wp-json\/wp\/v2\/users\/9"}],"replies":[{"embeddable":true,"href":"https:\/\/portal.sma.gob.cl\/index.php\/wp-json\/wp\/v2\/comments?post=26446"}],"version-history":[{"count":2,"href":"https:\/\/portal.sma.gob.cl\/index.php\/wp-json\/wp\/v2\/posts\/26446\/revisions"}],"predecessor-version":[{"id":26448,"href":"https:\/\/portal.sma.gob.cl\/index.php\/wp-json\/wp\/v2\/posts\/26446\/revisions\/26448"}],"wp:featuredmedia":[{"embeddable":true,"href":"https:\/\/portal.sma.gob.cl\/index.php\/wp-json\/wp\/v2\/media\/26449"}],"wp:attachment":[{"href":"https:\/\/portal.sma.gob.cl\/index.php\/wp-json\/wp\/v2\/media?parent=26446"}],"wp:term":[{"taxonomy":"category","embeddable":true,"href":"https:\/\/portal.sma.gob.cl\/index.php\/wp-json\/wp\/v2\/categories?post=26446"},{"taxonomy":"post_tag","embeddable":true,"href":"https:\/\/portal.sma.gob.cl\/index.php\/wp-json\/wp\/v2\/tags?post=26446"}],"curies":[{"name":"wp","href":"https:\/\/api.w.org\/{rel}","templated":true}]}}