{"id":26466,"date":"2023-05-17T11:47:46","date_gmt":"2023-05-17T15:47:46","guid":{"rendered":"https:\/\/portal.sma.gob.cl\/?p=26466"},"modified":"2023-05-17T11:47:46","modified_gmt":"2023-05-17T15:47:46","slug":"superintendenta-plumer-presenta-ante-el-consejo-de-la-sociedad-civil-la-cuenta-publica-2023","status":"publish","type":"post","link":"https:\/\/portal.sma.gob.cl\/index.php\/superintendenta-plumer-presenta-ante-el-consejo-de-la-sociedad-civil-la-cuenta-publica-2023\/","title":{"rendered":"Superintendenta Plumer presenta ante el Consejo de la Sociedad Civil la Cuenta P\u00fablica 2023"},"content":{"rendered":"<p><strong>Los seis integrantes de la instancia de participaci\u00f3n ciudadana conocieron la gesti\u00f3n de la instituci\u00f3n y entregaron recomendaciones para la presentaci\u00f3n de estos datos hacia la poblaci\u00f3n.<\/strong><\/p>\n<p><!--more--><\/p>\n<p><strong>Santiago, 16 de mayo de 2023.<\/strong> Cada a\u00f1o, antes de realizar la Cuenta P\u00fablica abierta hacia la ciudadan\u00eda, la Superintendencia del Medio Ambiente presenta al Consejo de la Sociedad Civil (COSOC) los contenidos de esta rendici\u00f3n de cuentas para conocer sus observaciones e incorporarlas a la versi\u00f3n final que se presentar\u00e1, este a\u00f1o, el 25 de mayo en la ciudad de Temuco.<\/p>\n<p>En la sesi\u00f3n particip\u00f3 Paula Nieto, representante del Centro de Ciencias Ambientales EULA de la U. de Concepci\u00f3n \u2014y quien presidenta del COSOC 2022\u2014; Paulina Riquelme, representante de la CPC; Carlos Descourvi\u00e8res G\u00f3mez, de Chilealimentos; Mat\u00edas Pi\u00f1a de la Fundaci\u00f3n Espacio P\u00fablico; Luis Patricio L\u00e9pez de la Sociedad Geol\u00f3gica de Chile; y Sof\u00eda Aravena, representante del Colegio de Ge\u00f3logos.<\/p>\n<p>La Superintendenta Marie Claude Plumer estuvo a cargo de mostrar las principales cifras de la gesti\u00f3n 2022 del organismo. En ese sentido, explic\u00f3 que las denuncias casi rozaron las 6.000, donde un 50% de ellas se relaciona con ruido (D.S. 38\/2011).<\/p>\n<p>A la par, destac\u00f3 que la fiscalizaci\u00f3n ha ido aumentando a lo largo de los a\u00f1os, y en el \u00faltimo tiempo, \u201cnos hemos ido apoyando en plataformas tecnol\u00f3gicas. Esto ha sido fundamental para la fiscalizaci\u00f3n del sector acu\u00edcola y el tratamiento de Residuos L\u00edquidos Industriales (Riles)\u201d.<\/p>\n<p>Respecto al \u00e1rea sancionatoria, en 2022 se iniciaron 378 procedimientos sancionatorios. Dentro de esos, se presentaron ante la SMA m\u00e1s de 195 Programas de Cumplimiento, una herramienta \u201cque est\u00e1 siendo ampliamente utilizada por las empresas infractoras, y la cual busca que se establezca un plan de acciones para volver al cumplimiento ambiental\u201d.<\/p>\n<p>La Superintendenta tambi\u00e9n present\u00f3 elementos de la gesti\u00f3n interna, como es el 96% de ejecuci\u00f3n presupuestaria alcanzada en 2022, y destac\u00f3 la certificaci\u00f3n en la Norma de Equidad de G\u00e9nero (NCh 3262). Hoy la instituci\u00f3n cuenta en su n\u00f3mina con un 51% de mujeres y un 49% de hombres.<\/p>\n<p>Los representantes del COSOC realizaron consultas respecto al uso de herramientas tecnol\u00f3gicas como apoyo a la fiscalizaci\u00f3n y tambi\u00e9n respecto a los plazos de tramitaci\u00f3n de distintas solicitudes ciudadanas, lo cual se incluir\u00e1 en la presentaci\u00f3n final a la ciudadan\u00eda que se realizar\u00e1 la pr\u00f3xima semana en la ciudad de Temuco.<\/p>\n","protected":false},"excerpt":{"rendered":"<p>Los seis integrantes de la instancia de participaci\u00f3n ciudadana conocieron la gesti\u00f3n de la instituci\u00f3n y entregaron recomendaciones para la presentaci\u00f3n de estos datos hacia la poblaci\u00f3n.<\/p>\n","protected":false},"author":9,"featured_media":26460,"comment_status":"open","ping_status":"open","sticky":false,"template":"","format":"standard","meta":{"footnotes":""},"categories":[90,107,225],"tags":[],"class_list":["post-26466","post","type-post","status-publish","format-standard","has-post-thumbnail","hentry","category-comunicados-noticias","category-destacado","category-macrozona-centro"],"_links":{"self":[{"href":"https:\/\/portal.sma.gob.cl\/index.php\/wp-json\/wp\/v2\/posts\/26466","targetHints":{"allow":["GET"]}}],"collection":[{"href":"https:\/\/portal.sma.gob.cl\/index.php\/wp-json\/wp\/v2\/posts"}],"about":[{"href":"https:\/\/portal.sma.gob.cl\/index.php\/wp-json\/wp\/v2\/types\/post"}],"author":[{"embeddable":true,"href":"https:\/\/portal.sma.gob.cl\/index.php\/wp-json\/wp\/v2\/users\/9"}],"replies":[{"embeddable":true,"href":"https:\/\/portal.sma.gob.cl\/index.php\/wp-json\/wp\/v2\/comments?post=26466"}],"version-history":[{"count":1,"href":"https:\/\/portal.sma.gob.cl\/index.php\/wp-json\/wp\/v2\/posts\/26466\/revisions"}],"predecessor-version":[{"id":26467,"href":"https:\/\/portal.sma.gob.cl\/index.php\/wp-json\/wp\/v2\/posts\/26466\/revisions\/26467"}],"wp:featuredmedia":[{"embeddable":true,"href":"https:\/\/portal.sma.gob.cl\/index.php\/wp-json\/wp\/v2\/media\/26460"}],"wp:attachment":[{"href":"https:\/\/portal.sma.gob.cl\/index.php\/wp-json\/wp\/v2\/media?parent=26466"}],"wp:term":[{"taxonomy":"category","embeddable":true,"href":"https:\/\/portal.sma.gob.cl\/index.php\/wp-json\/wp\/v2\/categories?post=26466"},{"taxonomy":"post_tag","embeddable":true,"href":"https:\/\/portal.sma.gob.cl\/index.php\/wp-json\/wp\/v2\/tags?post=26466"}],"curies":[{"name":"wp","href":"https:\/\/api.w.org\/{rel}","templated":true}]}}