{"id":26502,"date":"2023-05-23T20:33:25","date_gmt":"2023-05-24T00:33:25","guid":{"rendered":"https:\/\/portal.sma.gob.cl\/?p=26502"},"modified":"2023-06-30T13:47:46","modified_gmt":"2023-06-30T17:47:46","slug":"sma-dicta-medidas-provisionales-contra-7-empresas-de-la-bahia-de-concon-quintero-y-puchuncavi","status":"publish","type":"post","link":"https:\/\/portal.sma.gob.cl\/index.php\/sma-dicta-medidas-provisionales-contra-7-empresas-de-la-bahia-de-concon-quintero-y-puchuncavi\/","title":{"rendered":"SMA dicta medidas provisionales contra 7 empresas de la Bah\u00eda de Conc\u00f3n, Quintero y Puchuncav\u00ed"},"content":{"rendered":"<p><strong>Tras episodio cr\u00edtico asociado a emisiones atmosf\u00e9ricas y que han generado afectaci\u00f3n a la salud de la comunidad de dichas comunas. Acciones apuntan a disminuir los contaminantes vol\u00e1tiles en la atm\u00f3sfera.<\/strong><\/p>\n<p><strong>Valpara\u00edso, 23 de mayo de 2023. <\/strong>La Superintendencia del Medio Ambiente ha procedido a dictar Medidas Provisionales por 10 d\u00edas corridos a 7 empresas del cord\u00f3n industrial de Conc\u00f3n, Quintero y Puchuncav\u00ed, luego de constatar aumento en las atenciones de salud con diagn\u00f3stico asociado a contaminaci\u00f3n atmosf\u00e9rica (T59) en distintos centros de urgencias de la comuna de Quintero; sumado a la declaraci\u00f3n de Gesti\u00f3n de Episodios Cr\u00edticos (GEC) por parte de la Delegaci\u00f3n Presidencial Regional de Valpara\u00edso y por datos arrojados por dos de los siete equipos Pyxis instalados en la bah\u00eda, entre marzo y abril de este a\u00f1o.<\/p>\n<p>Las medidas que comienzan a regir de manera inmediata est\u00e1n ordenadas a las empresas ENAP Refiner\u00edas S.A. respecto de las Unidades Fiscalizables \u201cTerminal Mar\u00edtimo de Quintero ENAP\u201d y \u201cRefiner\u00eda Aconcagua Conc\u00f3n\u201d; Compa\u00f1\u00eda de Petr\u00f3leos de Chile COPEC S.A., \u201cTerminal Mar\u00edtimo de Quinteros\u201d y la \u201cPlanta de Combustibles Conc\u00f3n\u201d; Lipigas, \u201cPlanta Lipigas Conc\u00f3n\u201d; Oxiquim S.A., \u201cTerminal Mar\u00edtimo Quintero Oxiquim\u201d; Abastible, \u201cPlanta de Llenado de Cilindros Abastible Conc\u00f3n\u201d; Empresa Nacional de Energ\u00eda ENEX S.A., \u201cTerminal de Asfaltos y Combustibles ENEX (ex Cordex S.A.)\u201d; y BASF Chile S.A., \u201cBASF Planta Conc\u00f3n\u201d.<\/p>\n<p>Al respecto, la Superintendenta del Medio Ambiente, Marie Claude Plumer explic\u00f3 que: \u201cEstas medidas provisionales se ordenan en atenci\u00f3n a que los episodios de intoxicaci\u00f3n registrados durante la jornada de hoy, se relacionar\u00edan con la emisi\u00f3n de Compuestos Org\u00e1nicos Vol\u00e1tiles (COVs) en el cord\u00f3n industrial de Conc\u00f3n, Quintero y Puchuncav\u00ed. Como no es posible todav\u00eda determinar a un causante espec\u00edfico de los eventos es que, sobre la base del principio preventivo y precautorio, se proceden a dictar medidas en contra de las empresas que m\u00e1s emiten estos compuestos en la zona. Dichas medidas limitan de forma directa su actividad productiva, sin perjudicar el abastecimiento primario\u201d.<\/p>\n<p>Las medidas ordenadas son las siguientes:<\/p>\n<ul>\n<li><strong>Ante condici\u00f3n de \u201cmala ventilaci\u00f3n\u201d y\/o dos promedios horarios consecutivos de inversi\u00f3n t\u00e9rmica mayor o igual a 1,5\u00b0C:<\/strong> reducir en un 70% sus flujos nominales de cargas y descargas de productos combustibles que emitan COVs. As\u00ed tambi\u00e9n, reducir en 50% cargas y\/o transporte de productos combustibles de camiones.<\/li>\n<li><strong>Ante condici\u00f3n de \u201cregular ventilaci\u00f3n\u201d: <\/strong>reducir en un 50% sus flujos nominales de cargas y descargas de productos combustibles que emitan COVs. As\u00ed tambi\u00e9n, reducir en 30% cargas y\/o transporte de productos combustibles de camiones.<\/li>\n<li><strong>En caso de que no exista carga y descargas de combustibles:<\/strong> se aplicar\u00e1 el plan operacional correspondiente a cada empresa, considerando una condici\u00f3n de \u201cmala ventilaci\u00f3n\u201d.<\/li>\n<\/ul>\n<p>M\u00e1s informaci\u00f3n del caso en el <a href=\"https:\/\/snifa.sma.gob.cl\/MedidaProvisional\/Ficha\/429\">Sistema Nacional de Informaci\u00f3n de Fiscalizaci\u00f3n Ambiental (SNIFA).<\/a><\/p>\n","protected":false},"excerpt":{"rendered":"<p>Tras episodio cr\u00edtico asociado a emisiones atmosf\u00e9ricas y que han generado afectaci\u00f3n a la salud de la comunidad de dichas comunas. Acciones apuntan a disminuir los contaminantes vol\u00e1tiles en la atm\u00f3sfera. Valpara\u00edso, 23 de mayo de 2023. La Superintendencia del Medio Ambiente ha procedido a dictar Medidas Provisionales por 10 d\u00edas corridos a 7 empresas del <a href=\"https:\/\/portal.sma.gob.cl\/index.php\/sma-dicta-medidas-provisionales-contra-7-empresas-de-la-bahia-de-concon-quintero-y-puchuncavi\/\">Leer m\u00e1s<\/a><\/p>\n","protected":false},"author":8,"featured_media":26499,"comment_status":"open","ping_status":"open","sticky":false,"template":"","format":"standard","meta":{"footnotes":""},"categories":[90,107,225],"tags":[],"class_list":["post-26502","post","type-post","status-publish","format-standard","has-post-thumbnail","hentry","category-comunicados-noticias","category-destacado","category-macrozona-centro"],"_links":{"self":[{"href":"https:\/\/portal.sma.gob.cl\/index.php\/wp-json\/wp\/v2\/posts\/26502","targetHints":{"allow":["GET"]}}],"collection":[{"href":"https:\/\/portal.sma.gob.cl\/index.php\/wp-json\/wp\/v2\/posts"}],"about":[{"href":"https:\/\/portal.sma.gob.cl\/index.php\/wp-json\/wp\/v2\/types\/post"}],"author":[{"embeddable":true,"href":"https:\/\/portal.sma.gob.cl\/index.php\/wp-json\/wp\/v2\/users\/8"}],"replies":[{"embeddable":true,"href":"https:\/\/portal.sma.gob.cl\/index.php\/wp-json\/wp\/v2\/comments?post=26502"}],"version-history":[{"count":8,"href":"https:\/\/portal.sma.gob.cl\/index.php\/wp-json\/wp\/v2\/posts\/26502\/revisions"}],"predecessor-version":[{"id":27037,"href":"https:\/\/portal.sma.gob.cl\/index.php\/wp-json\/wp\/v2\/posts\/26502\/revisions\/27037"}],"wp:featuredmedia":[{"embeddable":true,"href":"https:\/\/portal.sma.gob.cl\/index.php\/wp-json\/wp\/v2\/media\/26499"}],"wp:attachment":[{"href":"https:\/\/portal.sma.gob.cl\/index.php\/wp-json\/wp\/v2\/media?parent=26502"}],"wp:term":[{"taxonomy":"category","embeddable":true,"href":"https:\/\/portal.sma.gob.cl\/index.php\/wp-json\/wp\/v2\/categories?post=26502"},{"taxonomy":"post_tag","embeddable":true,"href":"https:\/\/portal.sma.gob.cl\/index.php\/wp-json\/wp\/v2\/tags?post=26502"}],"curies":[{"name":"wp","href":"https:\/\/api.w.org\/{rel}","templated":true}]}}