{"id":26541,"date":"2023-05-25T12:30:59","date_gmt":"2023-05-25T16:30:59","guid":{"rendered":"https:\/\/portal.sma.gob.cl\/?p=26541"},"modified":"2023-05-25T15:04:03","modified_gmt":"2023-05-25T19:04:03","slug":"desde-la-araucania-mma-sea-y-sma-presentan-cuenta-publica-participativa-de-la-institucionalidad-ambiental-con-los-principales-hitos-del-2022","status":"publish","type":"post","link":"https:\/\/portal.sma.gob.cl\/index.php\/desde-la-araucania-mma-sea-y-sma-presentan-cuenta-publica-participativa-de-la-institucionalidad-ambiental-con-los-principales-hitos-del-2022\/","title":{"rendered":"Desde La Araucan\u00eda: MMA, SEA y SMA presentan Cuenta P\u00fablica Participativa de la Institucionalidad Ambiental con los principales hitos del 2022"},"content":{"rendered":"<ul>\n<li><em>La Ministra del Medio Ambiente, Maisa Rojas, la Directora Ejecutiva del SEA, Valentina Dur\u00e1n, y la Superintendenta del Medio Ambiente, Marie Claude Plumer, realizaron sus respectivas rendiciones de cuenta, desde Temuco. Esto se llev\u00f3 a cabo luego de una actividad participativa, que incluy\u00f3 mesas de conversaci\u00f3n con cerca de 30 actores locales.<\/em><\/li>\n<li><em>Las tres autoridades destacaron los principales hitos del a\u00f1o pasado, adem\u00e1s de dar a conocer los desaf\u00edos ambientales para el 2023. <\/em><\/li>\n<\/ul>\n<p><strong>Temuco, 25 de mayo de 2023.<\/strong> Con mesas de trabajo y escuchando las consultas de la ciudadan\u00eda se realiz\u00f3 la Cuenta P\u00fablica Participativa 2023 de la institucionalidad Ambiental. Por primera vez, el Ministerio del Medio Ambiente (MMA), el Servicio de Evaluaci\u00f3n Ambiental (SEA) y la Superintendencia del Medio Ambiente (SMA) realizaron una actividad conjunta para dar a conocer la gesti\u00f3n que se orienta hacia el cuidado del medioambiente y la salud de las personas.<\/p>\n<p>La actividad, llevada a cabo en la Universidad Cat\u00f3lica de Temuco, cont\u00f3 con alrededor de 150 asistentes entre autoridades locales y representantes de comunidades ind\u00edgenas, sociedad civil y mundo acad\u00e9mico.<\/p>\n<p>La <strong>Ministra del Medio Ambiente, Maisa Rojas<\/strong>, abri\u00f3 la jornada relevando la protecci\u00f3n del medioambiente que su cartera ha impulsado, posicionando la Transici\u00f3n Socioecol\u00f3gica Justa como un concepto orientador en la toma de decisiones en diferentes \u00e1mbitos de gobierno. \u201cEn esta l\u00ednea, destacamos la creaci\u00f3n del Comit\u00e9 Interministerial que ha dado seguimiento a temas como el cierre de la Fundici\u00f3n Codelco Ventanas y el proceso gradual de cierre de las termoel\u00e9ctricas en el pa\u00eds\u201d, coment\u00f3.<\/p>\n<p>Asimismo, destac\u00f3 la promulgaci\u00f3n en junio de 2022 de la Ley Marco de Cambio Clim\u00e1tico \u2014cuyo objetivo es que Chile sea un pa\u00eds carbono neutral y resiliente al clima a m\u00e1s tardar al 2050\u2014, y destac\u00f3 la importancia de contar con el Servicio de Biodiversidad y \u00c1reas Protegidas, que se encuentra en su recta final de tramitaci\u00f3n legislativa.<\/p>\n<p>La titular de Medio Ambiente destac\u00f3 la firma del Acuerdo de Escaz\u00fa, pacto del que Chile es Estado parte desde el 11 de septiembre de 2022, y las capacitaciones que han realizado en esta materia m\u00e1s de 1.300 funcionarios de la institucionalidad. \u201cEste a\u00f1o se deber\u00e1 poner en marcha el plan de implementaci\u00f3n participativa del acuerdo, con evaluaci\u00f3n, l\u00edneas de base, brechas y desaf\u00edos\u201d, remarc\u00f3 Rojas.<\/p>\n<p>Por su parte, <strong>la Directora Ejecutiva del Servicio de Evaluaci\u00f3n Ambiental, Valentina Dur\u00e1n<\/strong>, se\u00f1al\u00f3 que \u201cen el SEA venimos trabajando de manera proactiva para enfrentar los desaf\u00edos que implica evaluar proyectos de inversi\u00f3n, tanto p\u00fablicos como privados, de distinta complejidad t\u00e9cnica, social y territorial. En ese contexto, la evaluaci\u00f3n ambiental debe ser, como he se\u00f1alado, de excelencia. Las empresas y las comunidades as\u00ed lo exigen. Deben tener reglas claras y certezas. Debemos ser \u00e1giles y eficientes, sin que ello signifique sacrificar el necesario cuidado del medioambiente, que es nuestro primer deber\u201d.<\/p>\n<p>Con relaci\u00f3n a la participaci\u00f3n ciudadana, Valentina Dur\u00e1n afirm\u00f3 que &#8220;hemos asumido el desaf\u00edo de la implementaci\u00f3n gradual del Acuerdo de Escaz\u00fa, que busca asegurar el acceso a la participaci\u00f3n y a la justicia ambiental. Como resultado de lo anterior, podemos observar que, durante el 2022, hubo participaci\u00f3n ciudadana (PAC) en el 11% de los proyectos ingresados al SEIA, cifra que es mayor a la observada entre el 2014 y el 2021, donde en promedio se realiz\u00f3 PAC en el 8% de los proyectos\u201d.<\/p>\n<p>Finalmente, la directora ejecutiva del SEA, destac\u00f3 el hecho que \u201cen el servicio nos estamos preparando de manera proactiva, destinando equipos y recursos, para abordar la evaluaci\u00f3n ambiental de futuros proyectos de importancia estrat\u00e9gica para Chile, como son, por ejemplo, la l\u00ednea de transmisi\u00f3n de corriente continua Kimal-Lo Aguirre, junto con las diversas iniciativas vinculadas al desarrollo y generaci\u00f3n del hidr\u00f3geno verde, en las regiones de Magallanes y Antofagasta. Todo en l\u00ednea con declarado en m\u00faltiples ocasiones el Presidente Gabriel Boric, en cuanto a que la evaluaci\u00f3n de impacto ambiental y la protecci\u00f3n del medio ambiente no son una barrera al desarrollo, sino que son una condici\u00f3n del desarrollo sostenible\u201d.<\/p>\n<p>En tanto, la <strong>Superintendenta del Medio Ambiente, Marie Claude Plumer<\/strong>, destac\u00f3 que uno de los ejes de la instituci\u00f3n es la atenci\u00f3n de denuncias de la ciudadan\u00eda, las que el a\u00f1o pasado casi rozaron las 6.000 \u2014su m\u00e1ximo hist\u00f3rico\u2014, y donde un 50% de ellas se relaciona con ruidos molestos de fuentes fijas como la construcci\u00f3n o los locales nocturnos.<\/p>\n<p>Adem\u00e1s, destac\u00f3 que la fiscalizaci\u00f3n ha ido aumentando a lo largo de los a\u00f1os, y en el \u00faltimo tiempo, \u201cnos hemos ido apoyando en plataformas tecnol\u00f3gicas. Esto ha sido fundamental para la fiscalizaci\u00f3n del sector acu\u00edcola y el tratamiento de Residuos L\u00edquidos Industriales (Riles)\u201d.<\/p>\n<p>Respecto al \u00e1rea sancionatoria, en 2022 se iniciaron 378 procedimientos sancionatorios, cifra r\u00e9cord considerando los 10 a\u00f1os del servicio. Dentro de esos casos, se presentaron ante la SMA m\u00e1s de 195 Programas de Cumplimiento, una herramienta \u201cque est\u00e1 siendo ampliamente utilizada por las empresas infractoras, y la cual busca que se establezca un plan de acciones para volver al cumplimiento ambiental. En ese sentido, las inversiones comprometidas en estos Programas alcanzaron la cifra de 216 millones de d\u00f3lares, la m\u00e1s alta que se tenga registro\u201d, expuso la Jefa de Servicio.<\/p>\n<p>La Superintendenta tambi\u00e9n present\u00f3 elementos de la gesti\u00f3n interna, como es el 96% de ejecuci\u00f3n presupuestaria alcanzada en 2022, y destac\u00f3 la certificaci\u00f3n en la Norma de Equidad de G\u00e9nero (NCh 3262). Hoy la instituci\u00f3n cuenta en su n\u00f3mina con un 51% de mujeres y un 49% de hombres.<\/p>\n","protected":false},"excerpt":{"rendered":"<p>La Ministra del Medio Ambiente, Maisa Rojas, la Directora Ejecutiva del SEA, Valentina Dur\u00e1n, y la Superintendenta del Medio Ambiente, Marie Claude Plumer, realizaron sus respectivas rendiciones de cuenta, desde Temuco. Esto se llev\u00f3 a cabo luego de una actividad participativa, que incluy\u00f3 mesas de conversaci\u00f3n con cerca de 30 actores locales. Las tres autoridades destacaron <a href=\"https:\/\/portal.sma.gob.cl\/index.php\/desde-la-araucania-mma-sea-y-sma-presentan-cuenta-publica-participativa-de-la-institucionalidad-ambiental-con-los-principales-hitos-del-2022\/\">Leer m\u00e1s<\/a><\/p>\n","protected":false},"author":9,"featured_media":26544,"comment_status":"open","ping_status":"open","sticky":false,"template":"","format":"standard","meta":{"footnotes":""},"categories":[90,107,226],"tags":[],"class_list":["post-26541","post","type-post","status-publish","format-standard","has-post-thumbnail","hentry","category-comunicados-noticias","category-destacado","category-macrozona-sur"],"_links":{"self":[{"href":"https:\/\/portal.sma.gob.cl\/index.php\/wp-json\/wp\/v2\/posts\/26541","targetHints":{"allow":["GET"]}}],"collection":[{"href":"https:\/\/portal.sma.gob.cl\/index.php\/wp-json\/wp\/v2\/posts"}],"about":[{"href":"https:\/\/portal.sma.gob.cl\/index.php\/wp-json\/wp\/v2\/types\/post"}],"author":[{"embeddable":true,"href":"https:\/\/portal.sma.gob.cl\/index.php\/wp-json\/wp\/v2\/users\/9"}],"replies":[{"embeddable":true,"href":"https:\/\/portal.sma.gob.cl\/index.php\/wp-json\/wp\/v2\/comments?post=26541"}],"version-history":[{"count":2,"href":"https:\/\/portal.sma.gob.cl\/index.php\/wp-json\/wp\/v2\/posts\/26541\/revisions"}],"predecessor-version":[{"id":26548,"href":"https:\/\/portal.sma.gob.cl\/index.php\/wp-json\/wp\/v2\/posts\/26541\/revisions\/26548"}],"wp:featuredmedia":[{"embeddable":true,"href":"https:\/\/portal.sma.gob.cl\/index.php\/wp-json\/wp\/v2\/media\/26544"}],"wp:attachment":[{"href":"https:\/\/portal.sma.gob.cl\/index.php\/wp-json\/wp\/v2\/media?parent=26541"}],"wp:term":[{"taxonomy":"category","embeddable":true,"href":"https:\/\/portal.sma.gob.cl\/index.php\/wp-json\/wp\/v2\/categories?post=26541"},{"taxonomy":"post_tag","embeddable":true,"href":"https:\/\/portal.sma.gob.cl\/index.php\/wp-json\/wp\/v2\/tags?post=26541"}],"curies":[{"name":"wp","href":"https:\/\/api.w.org\/{rel}","templated":true}]}}