{"id":26549,"date":"2023-05-26T15:00:29","date_gmt":"2023-05-26T19:00:29","guid":{"rendered":"https:\/\/portal.sma.gob.cl\/?p=26549"},"modified":"2023-05-26T15:00:29","modified_gmt":"2023-05-26T19:00:29","slug":"sma-inaugura-delegacion-exclusiva-araucania-lacustre-en-pucon","status":"publish","type":"post","link":"https:\/\/portal.sma.gob.cl\/index.php\/sma-inaugura-delegacion-exclusiva-araucania-lacustre-en-pucon\/","title":{"rendered":"SMA inaugura delegaci\u00f3n exclusiva Araucan\u00eda Lacustre en Puc\u00f3n"},"content":{"rendered":"<ul>\n<li><strong>La oficina se encuentra en<\/strong> <strong>la <\/strong><strong>Avenida Bernardo O&#8217;Higgins N\u00ba483, al interior de la Ilustre Municipalidad de Puc\u00f3n, en el primer piso, y tendr\u00e1 como foco la fiscalizaci\u00f3n de los principales proyectos ambientales de esta zona, como tambi\u00e9n el an\u00e1lisis de denuncias.<\/strong><\/li>\n<\/ul>\n<p><strong>Puc\u00f3n, 26 de mayo de 2023.<\/strong>\u00a0La Superintendencia del Medio Ambiente (SMA) inaugur\u00f3 durante este mediod\u00eda su Delegaci\u00f3n Exclusiva Araucan\u00eda Lacustre, en la comuna de Puc\u00f3n, Regi\u00f3n de La Araucan\u00eda, la cual permitir\u00e1 una gesti\u00f3n integrada en el territorio, para la fiscalizaci\u00f3n de las distintas unidades productivas de esta zona prioritaria para la SMA, junto a una atenci\u00f3n m\u00e1s \u00e1gil de las denuncias ciudadanas que se presentan en esta localidad. La actividad cont\u00f3 con la presencia de la Superintendenta del Medio Ambiente, Marie Claude Plumer; la ministra del Medio Ambiente, Maisa Rojas; el subsecretario de la misma cartera, Maximiliano Proa\u00f1o; el alcalde de Puc\u00f3n, Carlos Barra y representantes del Consejo Municipal.<\/p>\n<p>\u201cComo Superintendencia, estamos muy contentos de poder inaugurar una nueva Delegaci\u00f3n Exclusiva. Sabemos que hay muchos territorios en el pa\u00eds, alejados de las capitales regionales que requieren una presencia m\u00e1s permanente de nuestra instituci\u00f3n. Para nosotros, este tipo de delegaciones permite acercar la SMA al territorio, descentralizar y poder hacer una gesti\u00f3n m\u00e1s r\u00e1pida y eficaz\u201d, destac\u00f3 la Superintendenta del Medio Ambiente, Marie Claude Plumer.<\/p>\n<p>En tanto, la secretaria de la cartera del Medio Ambiente, Maisa Rojas valor\u00f3 que \u201ccon esta nueva delegaci\u00f3n exclusiva, la SMA cuenta desde hoy con una mayor presencia en la regi\u00f3n de La Araucan\u00eda para desplegar todo su accionar, y tambi\u00e9n, las y los vecinos de Puc\u00f3n y otras comunas cercanas dispondr\u00e1n de una fiscalizaci\u00f3n m\u00e1s efectiva a sus requerimientos, lo que nos permite como gobierno avanzar tambi\u00e9n en equidad territorial\u201d, sostuvo.<\/p>\n<p>Por su parte, el alcalde Barra sostuvo que la presencia de la SMA en la comuna de Puc\u00f3n \u201cnos dar\u00e1 seguridad de que las denuncias y requerimientos planteados por nuestras y nuestros vecinos tendr\u00e1n una acci\u00f3n m\u00e1s oportuna y \u00e1gil. Adem\u00e1s, nuestro equipo de medioambiente podr\u00e1 tramitar de forma m\u00e1s \u00e1gil y directa las coordinaciones con la SMA, m\u00e1ximo organismo fiscalizador del pa\u00eds en t\u00e9rminos medioambientales\u201d.<\/p>\n<p>Con esta nueva dependencia, la Superintendencia del Medio Ambiente suma un total de 10 delegaciones a lo largo del pa\u00eds, ya operativas en ciudades como Calama, Huasco, Quintero, Puchuncav\u00ed, Catemu, Provincia San Antonio, Coronel, Osorno y Chilo\u00e9. Todas ellas permiten a la instituci\u00f3n priorizar territorios que requieren atenci\u00f3n en fiscalizaci\u00f3n y acciones de correcci\u00f3n por su vulnerabilidad ambiental. Estas instalaciones se suman a la presencia de las 16 Oficinas Regionales de la SMA ubicadas en todas las capitales del territorio nacional.<\/p>\n<p>La delegaci\u00f3n exclusiva Araucan\u00eda Lacustre se encuentra en la Avenida Bernardo O&#8217;Higgins N\u00ba483, al interior de la Ilustre Municipalidad de Puc\u00f3n, en el primer piso. Jos\u00e9 Ignacio Jim\u00e9nez, Ingeniero Civil Ambiental de La Universidad de La Frontera (UFRO) es el fiscalizador a cargo de la Delegaci\u00f3n Exclusiva.<\/p>\n<p>El profesional ser\u00e1 apoyado por el equipo de la Oficina Regional de La Araucan\u00eda, cuyo jefe, Luis Mu\u00f1oz, comenta: \u201cJos\u00e9 Ignacio lleva un par de d\u00edas ya instalado en Puc\u00f3n; lo hemos podido acompa\u00f1ar en fiscalizaciones y se le han entregado conocimientos y metodolog\u00edas para desempe\u00f1ar su rol. Toda la oficina est\u00e1 atenta a sus gestiones y necesidades, ya que cuando haya casos m\u00e1s grandes, o que por su complejidad requieran de apoyo, viajaremos para estar en terreno en conjunto\u201d.<\/p>\n","protected":false},"excerpt":{"rendered":"<p>La oficina se encuentra en la Avenida Bernardo O&#8217;Higgins N\u00ba483, al interior de la Ilustre Municipalidad de Puc\u00f3n, en el primer piso, y tendr\u00e1 como foco la fiscalizaci\u00f3n de los principales proyectos ambientales de esta zona, como tambi\u00e9n el an\u00e1lisis de denuncias. Puc\u00f3n, 26 de mayo de 2023.\u00a0La Superintendencia del Medio Ambiente (SMA) inaugur\u00f3 durante este <a href=\"https:\/\/portal.sma.gob.cl\/index.php\/sma-inaugura-delegacion-exclusiva-araucania-lacustre-en-pucon\/\">Leer m\u00e1s<\/a><\/p>\n","protected":false},"author":8,"featured_media":26551,"comment_status":"open","ping_status":"open","sticky":false,"template":"","format":"standard","meta":{"footnotes":""},"categories":[90,107,226],"tags":[],"class_list":["post-26549","post","type-post","status-publish","format-standard","has-post-thumbnail","hentry","category-comunicados-noticias","category-destacado","category-macrozona-sur"],"_links":{"self":[{"href":"https:\/\/portal.sma.gob.cl\/index.php\/wp-json\/wp\/v2\/posts\/26549","targetHints":{"allow":["GET"]}}],"collection":[{"href":"https:\/\/portal.sma.gob.cl\/index.php\/wp-json\/wp\/v2\/posts"}],"about":[{"href":"https:\/\/portal.sma.gob.cl\/index.php\/wp-json\/wp\/v2\/types\/post"}],"author":[{"embeddable":true,"href":"https:\/\/portal.sma.gob.cl\/index.php\/wp-json\/wp\/v2\/users\/8"}],"replies":[{"embeddable":true,"href":"https:\/\/portal.sma.gob.cl\/index.php\/wp-json\/wp\/v2\/comments?post=26549"}],"version-history":[{"count":1,"href":"https:\/\/portal.sma.gob.cl\/index.php\/wp-json\/wp\/v2\/posts\/26549\/revisions"}],"predecessor-version":[{"id":26550,"href":"https:\/\/portal.sma.gob.cl\/index.php\/wp-json\/wp\/v2\/posts\/26549\/revisions\/26550"}],"wp:featuredmedia":[{"embeddable":true,"href":"https:\/\/portal.sma.gob.cl\/index.php\/wp-json\/wp\/v2\/media\/26551"}],"wp:attachment":[{"href":"https:\/\/portal.sma.gob.cl\/index.php\/wp-json\/wp\/v2\/media?parent=26549"}],"wp:term":[{"taxonomy":"category","embeddable":true,"href":"https:\/\/portal.sma.gob.cl\/index.php\/wp-json\/wp\/v2\/categories?post=26549"},{"taxonomy":"post_tag","embeddable":true,"href":"https:\/\/portal.sma.gob.cl\/index.php\/wp-json\/wp\/v2\/tags?post=26549"}],"curies":[{"name":"wp","href":"https:\/\/api.w.org\/{rel}","templated":true}]}}