{"id":26555,"date":"2023-05-26T16:31:15","date_gmt":"2023-05-26T20:31:15","guid":{"rendered":"https:\/\/portal.sma.gob.cl\/?p=26555"},"modified":"2023-05-26T16:41:10","modified_gmt":"2023-05-26T20:41:10","slug":"sma-intensifica-monitoreo-en-la-bahia-de-quintero-y-despliega-mayor-fiscalizacion-en-cordon-industrial","status":"publish","type":"post","link":"https:\/\/portal.sma.gob.cl\/index.php\/sma-intensifica-monitoreo-en-la-bahia-de-quintero-y-despliega-mayor-fiscalizacion-en-cordon-industrial\/","title":{"rendered":"SMA intensifica monitoreo en la bah\u00eda de Quintero y despliega mayor fiscalizaci\u00f3n en cord\u00f3n industrial\u00a0\u00a0"},"content":{"rendered":"<ul style=\"font-weight: 400;\">\n<li><strong>Profesionales de la Superintendencia, junto a la Armada y personal de la Delegaci\u00f3n Presidencial y de la Seremi de Medio Ambiente, realizaron una inspecci\u00f3n en la bah\u00eda donde se encuentran buques con combustibles a la espera de descargar.<\/strong><\/li>\n<li><strong>Tambi\u00e9n se reforzaron las fiscalizaciones a las 7 empresas del sector industrial afectas a medidas provisionales que obligan a una baja en su producci\u00f3n cuando las condiciones de ventilaci\u00f3n sean \u201cmalas\u201d o \u201cregulares\u201d. El despliegue en terreno se realiza junto a la Seremi de Salud y la\u00a0Superintendencia de Electricidad y Combustibles (SEC).<\/strong><strong>\u00a0<\/strong><\/li>\n<\/ul>\n<p style=\"font-weight: 400;\"><strong>Quintero, 25 de mayo de 2023.<\/strong>\u00a0La Superintendencia del Medio Ambiente (SMA) informa que se ha reforzado la fiscalizaci\u00f3n a las 7 empresas del cord\u00f3n industrial Conc\u00f3n, Quintero y Puchuncav\u00ed, afectas a las medidas provisionales dictadas el martes 23 de mayo. Esto, considerando que las atenciones m\u00e9dicas siguen mostrando casos de personas afectadas en su salud con diagn\u00f3sticos asociados a contaminaci\u00f3n atmosf\u00e9rica (T59).<\/p>\n<p style=\"font-weight: 400;\">La jornada de ayer, se realiz\u00f3 una ronda inspectiva a las instalaciones de COPEC TPI y Lubricantes Copec. Hoy, junto a equipos de la Seremi de Salud y de la Superintendencia de Electricidad y Combustibles (SEC), se est\u00e1n fiscalizando las instalaciones de ENAP Terminal Quintero.<\/p>\n<p style=\"font-weight: 400;\">Adicionalmente, en coordinaci\u00f3n con Armada, y junto al Seremi de Medio Ambiente y profesionales de la Delegaci\u00f3n Presidencial de Valpara\u00edso, se realiz\u00f3 un recorrido mar\u00edtimo por la Bah\u00eda de Quintero, especialmente en la zona donde se encuentran los buques que transportan combustibles esperando atracar en los puertos de la zona, con el fin de verificar si se evidenciaban olores en la atm\u00f3sfera para tomar muestras, lo cual fue descartado por falta de evidencia.<\/p>\n<p style=\"font-weight: 400;\">Cabe destacar que al finalizar el per\u00edodo de las medidas provisionales \u2014el 1 de junio de 2023\u2014, las empresas deber\u00e1n presentar un informe que d\u00e9 cuenta de los medios de verificaci\u00f3n solicitados para comprobar el cumplimiento de las medidas. Una vez que se analice de dicha informaci\u00f3n, se revisar\u00e1 si alguna de las empresas incumpli\u00f3 alguna de las medidas, lo que podr\u00eda derivar en un procedimiento sancionatorio.<\/p>\n<p style=\"font-weight: 400;\">\u201cLas medidas provisionales, dictadas el martes 23 de mayo, tienen como objetivo proteger la salud de las personas, disminuir los hidrocarburos totales en el sector, entre \u00e9stos el benceno restringiendo operaciones de carga y descarga de buques y camiones en malas y regulares condiciones de ventilaci\u00f3n\u201d, explica la Superintendenta del Medio Ambiente, Marie Claude Plumer.<\/p>\n","protected":false},"excerpt":{"rendered":"<p>Profesionales de la Superintendencia, junto a la Armada y personal de la Delegaci\u00f3n Presidencial y de la Seremi de Medio Ambiente, realizaron una inspecci\u00f3n en la bah\u00eda donde se encuentran buques con combustibles a la espera de descargar. Tambi\u00e9n se reforzaron las fiscalizaciones a las 7 empresas del sector industrial afectas a medidas provisionales que obligan <a href=\"https:\/\/portal.sma.gob.cl\/index.php\/sma-intensifica-monitoreo-en-la-bahia-de-quintero-y-despliega-mayor-fiscalizacion-en-cordon-industrial\/\">Leer m\u00e1s<\/a><\/p>\n","protected":false},"author":9,"featured_media":26561,"comment_status":"open","ping_status":"open","sticky":false,"template":"","format":"standard","meta":{"footnotes":""},"categories":[90,107,225],"tags":[],"class_list":["post-26555","post","type-post","status-publish","format-standard","has-post-thumbnail","hentry","category-comunicados-noticias","category-destacado","category-macrozona-centro"],"_links":{"self":[{"href":"https:\/\/portal.sma.gob.cl\/index.php\/wp-json\/wp\/v2\/posts\/26555","targetHints":{"allow":["GET"]}}],"collection":[{"href":"https:\/\/portal.sma.gob.cl\/index.php\/wp-json\/wp\/v2\/posts"}],"about":[{"href":"https:\/\/portal.sma.gob.cl\/index.php\/wp-json\/wp\/v2\/types\/post"}],"author":[{"embeddable":true,"href":"https:\/\/portal.sma.gob.cl\/index.php\/wp-json\/wp\/v2\/users\/9"}],"replies":[{"embeddable":true,"href":"https:\/\/portal.sma.gob.cl\/index.php\/wp-json\/wp\/v2\/comments?post=26555"}],"version-history":[{"count":1,"href":"https:\/\/portal.sma.gob.cl\/index.php\/wp-json\/wp\/v2\/posts\/26555\/revisions"}],"predecessor-version":[{"id":26556,"href":"https:\/\/portal.sma.gob.cl\/index.php\/wp-json\/wp\/v2\/posts\/26555\/revisions\/26556"}],"wp:featuredmedia":[{"embeddable":true,"href":"https:\/\/portal.sma.gob.cl\/index.php\/wp-json\/wp\/v2\/media\/26561"}],"wp:attachment":[{"href":"https:\/\/portal.sma.gob.cl\/index.php\/wp-json\/wp\/v2\/media?parent=26555"}],"wp:term":[{"taxonomy":"category","embeddable":true,"href":"https:\/\/portal.sma.gob.cl\/index.php\/wp-json\/wp\/v2\/categories?post=26555"},{"taxonomy":"post_tag","embeddable":true,"href":"https:\/\/portal.sma.gob.cl\/index.php\/wp-json\/wp\/v2\/tags?post=26555"}],"curies":[{"name":"wp","href":"https:\/\/api.w.org\/{rel}","templated":true}]}}