{"id":26592,"date":"2023-06-02T08:55:41","date_gmt":"2023-06-02T12:55:41","guid":{"rendered":"https:\/\/portal.sma.gob.cl\/?p=26592"},"modified":"2023-06-02T10:37:55","modified_gmt":"2023-06-02T14:37:55","slug":"sma-requiere-evaluacion-ambiental-a-11-centros-de-cultivo-de-mariscos-en-los-lagos","status":"publish","type":"post","link":"https:\/\/portal.sma.gob.cl\/index.php\/sma-requiere-evaluacion-ambiental-a-11-centros-de-cultivo-de-mariscos-en-los-lagos\/","title":{"rendered":"SMA requiere evaluaci\u00f3n ambiental a 11 centros de cultivo de mit\u00edlidos en Los Lagos"},"content":{"rendered":"<p><strong>Las empresas productoras del \u201cmejill\u00f3n chileno\u201d -tambi\u00e9n conocido como \u201cchorito\u201d- deber\u00e1n ingresar al Servicio de Evaluaci\u00f3n Ambiental. En este caso, se recibieron denuncias de Sernapesca y de Comit\u00e9s de Defensa del Borde Costero.<\/strong><!--more--><\/p>\n<p><strong>Puerto Montt, 2 de junio de 2023.<\/strong> La Superintendencia del Medio Ambiente (SMA) ha iniciado procesos administrativos para requerir el ingreso al Sistema de Evaluaci\u00f3n de Impacto Ambiental a 11 centros de cultivo de mit\u00edlidos -conocidos como chorito o mejill\u00f3n chileno-, que operan en distintas comunas de la Regi\u00f3n de Los Lagos y que no cuentan con un permiso ambiental que los regule.<\/p>\n<p>Las empresas afectadas son Agromarina La Estancia; Sociedad De Cultivos Austral CVH; Optimar; Inversiones Puelmapu; y otras siete concesiones otorgadas a personas naturales. En estos casos, la normativa ambiental para las actividades de acuicultura, con m\u00e9todos de producci\u00f3n extensivos en aguas mar\u00edtimas, contempla que, si un centro sobrepasa el l\u00edmite anual de 300 toneladas y\/o ocupa una superficie de cultivo igual o superior a 6 hect\u00e1reas, debe ingresar al SEIA.<\/p>\n<p>La Superintendenta del Medio Ambiente, Marie Claude Plumer, explic\u00f3 que \u201ceste caso lo iniciamos, siguiendo nuestra planificaci\u00f3n estrat\u00e9gica para el sector de Pesca y Acuicultura. Adicionalmente, contamos con denuncias de Sernapesca y de los Comit\u00e9s de Defensa del Borde Costero. Es importante resaltar que, en la Regi\u00f3n de Los Lagos, seg\u00fan el Registro Nacional de Acuicultura, hasta el a\u00f1o 2019 exist\u00edan 930 cultivos los que ocupan m\u00e1s de 9.000 hect\u00e1reas, lo que corresponde al 97% de los centros de mitilicultura del pa\u00eds. Por esta raz\u00f3n, constantemente estamos revisando el cumplimiento a la normativa ambiental. Este el segundo tipo de cultivo m\u00e1s importante en la zona sur, despu\u00e9s del salm\u00f3n\u201d.<\/p>\n<p>Por su parte, la Jefa Regional de la SMA en Los Lagos, Ivonne Mansilla, agreg\u00f3 que el cultivo de mit\u00edlidos es de gran relevancia para la econom\u00eda local. \u201cUn 35% de las RCA en nuestra regi\u00f3n corresponden al cultivo de moluscos, por lo que debemos fiscalizar sus operaciones con nuestro personal, y tambi\u00e9n a trav\u00e9s de Sernapesca, quienes nos derivan sus informes. En ese sentido, este servicio nos denunci\u00f3 que existen algunos de estos centros de cultivos que, en base a sus operaciones y producciones, no han obtenido este permiso ambiental, y por eso se inicia este procedimiento administrativo, el cual tiene como objeto determinar si corresponde o no exigir el ingreso al SEIA\u201d.<\/p>\n<p>Seg\u00fan cifras de CORFO, Chile es el primer exportador a nivel mundial de este producto, siendo Espa\u00f1a, Rusia y Estados Unidos los pa\u00edses que concentran los env\u00edos. El 90% de la producci\u00f3n se exporta. El sector est\u00e1 compuesto por 620 empresas, de las cuales un 89% son micros y peque\u00f1as, y un 11% son grandes y medianas empresas, generando m\u00e1s de 17.000 empleos, equivalente al 4% de los empleos de la regi\u00f3n. En los \u00faltimos 10 a\u00f1os, el volumen de producci\u00f3n pas\u00f3 de 60.700 toneladas a m\u00e1s de 450.000 toneladas.<\/p>\n<p>Los titulares de los centros de mit\u00edlidos notificados tienen un plazo de 15 d\u00edas para hacer llegar sus observaciones, alegaciones, o pruebas, que estime pertinente frente a la hip\u00f3tesis de elusi\u00f3n levantada por esta Superintendencia.<\/p>\n","protected":false},"excerpt":{"rendered":"<p>Las empresas productoras del \u201cmejill\u00f3n chileno\u201d -tambi\u00e9n conocido como \u201cchorito\u201d- deber\u00e1n ingresar al Servicio de Evaluaci\u00f3n Ambiental. En este caso, se recibieron denuncias de Sernapesca y de Comit\u00e9s de Defensa del Borde Costero.<\/p>\n","protected":false},"author":9,"featured_media":26590,"comment_status":"open","ping_status":"open","sticky":false,"template":"","format":"standard","meta":{"footnotes":""},"categories":[90,107,226],"tags":[],"class_list":["post-26592","post","type-post","status-publish","format-standard","has-post-thumbnail","hentry","category-comunicados-noticias","category-destacado","category-macrozona-sur"],"_links":{"self":[{"href":"https:\/\/portal.sma.gob.cl\/index.php\/wp-json\/wp\/v2\/posts\/26592","targetHints":{"allow":["GET"]}}],"collection":[{"href":"https:\/\/portal.sma.gob.cl\/index.php\/wp-json\/wp\/v2\/posts"}],"about":[{"href":"https:\/\/portal.sma.gob.cl\/index.php\/wp-json\/wp\/v2\/types\/post"}],"author":[{"embeddable":true,"href":"https:\/\/portal.sma.gob.cl\/index.php\/wp-json\/wp\/v2\/users\/9"}],"replies":[{"embeddable":true,"href":"https:\/\/portal.sma.gob.cl\/index.php\/wp-json\/wp\/v2\/comments?post=26592"}],"version-history":[{"count":4,"href":"https:\/\/portal.sma.gob.cl\/index.php\/wp-json\/wp\/v2\/posts\/26592\/revisions"}],"predecessor-version":[{"id":26597,"href":"https:\/\/portal.sma.gob.cl\/index.php\/wp-json\/wp\/v2\/posts\/26592\/revisions\/26597"}],"wp:featuredmedia":[{"embeddable":true,"href":"https:\/\/portal.sma.gob.cl\/index.php\/wp-json\/wp\/v2\/media\/26590"}],"wp:attachment":[{"href":"https:\/\/portal.sma.gob.cl\/index.php\/wp-json\/wp\/v2\/media?parent=26592"}],"wp:term":[{"taxonomy":"category","embeddable":true,"href":"https:\/\/portal.sma.gob.cl\/index.php\/wp-json\/wp\/v2\/categories?post=26592"},{"taxonomy":"post_tag","embeddable":true,"href":"https:\/\/portal.sma.gob.cl\/index.php\/wp-json\/wp\/v2\/tags?post=26592"}],"curies":[{"name":"wp","href":"https:\/\/api.w.org\/{rel}","templated":true}]}}