{"id":26601,"date":"2023-06-05T09:46:38","date_gmt":"2023-06-05T13:46:38","guid":{"rendered":"https:\/\/portal.sma.gob.cl\/?p=26601"},"modified":"2023-06-05T09:48:19","modified_gmt":"2023-06-05T13:48:19","slug":"para-explicar-normativa-ambiental-sobre-ruidos-sma-organiza-taller-con-mas-de-35-representantes-de-iglesias-de-la-zona-sur","status":"publish","type":"post","link":"https:\/\/portal.sma.gob.cl\/index.php\/para-explicar-normativa-ambiental-sobre-ruidos-sma-organiza-taller-con-mas-de-35-representantes-de-iglesias-de-la-zona-sur\/","title":{"rendered":"Para explicar normativa ambiental sobre ruidos: SMA organiza taller con m\u00e1s de 35 representantes de iglesias de la zona sur"},"content":{"rendered":"<ul>\n<li><strong>La actividad, liderada por la Jefa Regional de Los Lagos, Ivonne Mansilla, explic\u00f3 a pastores y representantes de distintos credos la gran cantidad de denuncias que se reciben en contra de los centros de culto por ruidos provenientes de sus instalaciones.<\/strong><\/li>\n<\/ul>\n<p><!--more--><\/p>\n<p><strong>Puerto Montt, 31 de mayo de 2023.<\/strong> Los ruidos molestos representan m\u00e1s del 50% de las denuncias que recibe la Superintendencia del Medio Ambiente (SMA) a\u00f1o a a\u00f1o. Los rubros con m\u00e1s quejas son la construcci\u00f3n y los locales nocturnos. Un poco m\u00e1s abajo en el listado, figuran las quejas contra centros de culto, debido al uso de parlantes, amplificadores y construcciones deficitarias que dejan escapar los sonidos a los hogares que se ubican alrededor.<\/p>\n<p>\u201cComo una forma de acercarnos a estas iglesias, buscamos apoyo en el Ministerio Secretar\u00eda General de la Presidencia (Minsegpres), a trav\u00e9s del representante para la Zona Sur de la Oficina Nacional de Asuntos Religiosos (ONAR), en la Regi\u00f3n de Los Lagos. En esta cita, realizada el 18 de mayo, se congregaron m\u00e1s de 35 pastores y representantes de diversas iglesias de las regiones de Los Lagos, Ays\u00e9n y Magallanes\u201d, cuenta Ivonne Mansilla, jefa de la Oficina Regional de la SMA en Los Lagos.<\/p>\n<p>En la cita se dio a conocer el Decreto Supremo N\u00b038\/2011 que regula el ruido de fuentes fijas, entre ellos, el de actividades de servicio, entre los que se cuentan las de tipo religioso. Se les explic\u00f3 los l\u00edmites que establece la normativa, donde en horario nocturno (de 21.00 a 7.00 horas), en la mayor\u00eda de las zonas urbanas se establece un m\u00e1ximo de 45 decibeles, as\u00ed como otras materias como las atribuciones de esta Superintendencia en tema de ruidos.<\/p>\n<p>Mansilla explica que \u201cse dio a conocer c\u00f3mo se mide el ruido, con qu\u00e9 instrumento se mide ruido, donde se mide, y cu\u00e1les son los limites seg\u00fan la zona del plan regulador donde se ubica el templo o Sal\u00f3n, y tambi\u00e9n se les mostr\u00f3 un caso exitoso, que fue el \u201c Templo Fuego de Dios\u201d, ubicado en una zona rural de Puerto Montt. En ese caso, se inici\u00f3 un proceso sancionatorio por superaci\u00f3n de la norma en horario diurno, y all\u00ed su pastor present\u00f3 un Programa de Cumplimiento, que es plan de acciones presentado por la iglesia hacerse cargo de las infracciones y corregir las desviaciones ambientales que fueron constatadas por la SMA\u201d.<\/p>\n<p>En este sentido, \u201clas acciones comprenden mejorar el material aislante de las paredes del centro de culto -en general, los materiales m\u00e1s utilizados son las espumas ac\u00fasticas de poliestireno y la lana mineral- as\u00ed como en el exterior, como tambi\u00e9n la reubicaci\u00f3n de parlantes e instrumentos y equipos generadoras de ruido. \u00a0Al verificar el cumplimiento de la norma, el sancionatorio finaliza sin una multa\u201d, explica Mansilla.<\/p>\n<p>Los representantes de iglesias de la zona sur realizaron varias consultas, reconocieron que en muchos casos generan ruidos y se comprometieron a revisar en primera instancia la ubicaci\u00f3n de sus Salones y Templos, seg\u00fan el Plan regulador, as\u00ed como a hacer mediciones para verificar el cumplimiento de la norma y a mejorar la infraestructura de sus instalaciones, con el objetivo de cumplir la normativa y mantener una sana convivencia con su comunidad vecina.<\/p>\n","protected":false},"excerpt":{"rendered":"<p>La actividad, liderada por la Jefa Regional de Los Lagos, Ivonne Mansilla, explic\u00f3 a pastores y representantes de distintos credos la gran cantidad de denuncias que se reciben en contra de los centros de culto por ruidos provenientes de sus instalaciones.<\/p>\n","protected":false},"author":9,"featured_media":26603,"comment_status":"open","ping_status":"open","sticky":false,"template":"","format":"standard","meta":{"footnotes":""},"categories":[90,107,226],"tags":[],"class_list":["post-26601","post","type-post","status-publish","format-standard","has-post-thumbnail","hentry","category-comunicados-noticias","category-destacado","category-macrozona-sur"],"_links":{"self":[{"href":"https:\/\/portal.sma.gob.cl\/index.php\/wp-json\/wp\/v2\/posts\/26601","targetHints":{"allow":["GET"]}}],"collection":[{"href":"https:\/\/portal.sma.gob.cl\/index.php\/wp-json\/wp\/v2\/posts"}],"about":[{"href":"https:\/\/portal.sma.gob.cl\/index.php\/wp-json\/wp\/v2\/types\/post"}],"author":[{"embeddable":true,"href":"https:\/\/portal.sma.gob.cl\/index.php\/wp-json\/wp\/v2\/users\/9"}],"replies":[{"embeddable":true,"href":"https:\/\/portal.sma.gob.cl\/index.php\/wp-json\/wp\/v2\/comments?post=26601"}],"version-history":[{"count":1,"href":"https:\/\/portal.sma.gob.cl\/index.php\/wp-json\/wp\/v2\/posts\/26601\/revisions"}],"predecessor-version":[{"id":26602,"href":"https:\/\/portal.sma.gob.cl\/index.php\/wp-json\/wp\/v2\/posts\/26601\/revisions\/26602"}],"wp:featuredmedia":[{"embeddable":true,"href":"https:\/\/portal.sma.gob.cl\/index.php\/wp-json\/wp\/v2\/media\/26603"}],"wp:attachment":[{"href":"https:\/\/portal.sma.gob.cl\/index.php\/wp-json\/wp\/v2\/media?parent=26601"}],"wp:term":[{"taxonomy":"category","embeddable":true,"href":"https:\/\/portal.sma.gob.cl\/index.php\/wp-json\/wp\/v2\/categories?post=26601"},{"taxonomy":"post_tag","embeddable":true,"href":"https:\/\/portal.sma.gob.cl\/index.php\/wp-json\/wp\/v2\/tags?post=26601"}],"curies":[{"name":"wp","href":"https:\/\/api.w.org\/{rel}","templated":true}]}}