{"id":26727,"date":"2023-06-12T15:30:16","date_gmt":"2023-06-12T19:30:16","guid":{"rendered":"https:\/\/portal.sma.gob.cl\/?p=26727"},"modified":"2023-09-29T11:23:40","modified_gmt":"2023-09-29T14:23:40","slug":"sma-fiscaliza-division-codelco-ventana-tras-inicio-de-su-proceso-de-cierre","status":"publish","type":"post","link":"https:\/\/portal.sma.gob.cl\/index.php\/sma-fiscaliza-division-codelco-ventana-tras-inicio-de-su-proceso-de-cierre\/","title":{"rendered":"SMA fiscaliza Divisi\u00f3n Codelco Ventana tras inicio de su proceso de cierre"},"content":{"rendered":"<ul>\n<li style=\"text-align: justify;\"><strong>La inspecci\u00f3n, que se enmarca en el proceso de cierre de la fundici\u00f3n de la cupr\u00edfera estatal, se da en el contexto de una serie de acciones y medidas que la Superintendencia est\u00e1 desplegando en las comunas de Conc\u00f3n, Quintero y Puchuncav\u00ed.<\/strong><\/li>\n<\/ul>\n<p style=\"text-align: justify;\">En el contexto del cierre de la Fundici\u00f3n Ventanas de Codelco, que se concret\u00f3 el pasado 31 de mayo y que forma parte del <a href=\"https:\/\/www.gob.cl\/noticias\/autoridades-participan-del-cierre-de-fundicion-ventanas-conozca-el-plan-de-40-acciones-que-impulsara-el-gobierno-para-concon-quintero-y-puchuncavi\/\" target=\"_blank\" rel=\"noopener\"><strong>plan de 40 acciones que impulsa el Gobierno para las comunas de Conc\u00f3n, Quintero y Puchuncav\u00ed,<\/strong> <\/a>profesionales de la Superintendencia de Medio Ambiente (SMA) del Nivel Central, junto con profesionales de la Oficina Regional de Valpara\u00edso, desplegaron una inspecci\u00f3n ambiental a la <strong>Divisi\u00f3n Ventanas<\/strong> el d\u00eda 6 de junio. La fiscalizaci\u00f3n tuvo como objetivo realizar un recorrido en terreno de los procesos unitarios que mantienen su operaci\u00f3n post cierre de la planta, espec\u00edficamente en los procesos unitarios, hornos de refino a fuego (RAF), refiner\u00eda electrol\u00edtica y \u00e1rea de calderas.<\/p>\n<p style=\"text-align: justify;\">Al respecto, la jefa (s) de la Divisi\u00f3n de Fiscalizaci\u00f3n de la SMA, Claudia Pastore, explic\u00f3 que <em>\u201cdurante la inspecci\u00f3n se verific\u00f3 la operaci\u00f3n de los RAF realizando un levantamiento de sus etapas, carga, fusi\u00f3n, escoriado, reducci\u00f3n y descarga del cobre l\u00edquido a las dos ruedas de moldeo que dispone Divisi\u00f3n Codelco Ventanas, haciendo \u00e9nfasis en el manejo de emisiones generadas durante el proceso que tiene asociada una planta de tratamiento de humos visibles\u201d.<\/em><\/p>\n<p>Respecto a la Refiner\u00eda Electrol\u00edtica, se realiz\u00f3 el recorrido por la nave donde se produce el proceso de refinaci\u00f3n de los \u00e1nodos para obtener c\u00e1todos de 99,99% de pureza, m\u00e1quina preparadora de \u00e1nodos (MPA) y sala de control de procesamiento de barro an\u00f3dico. Adicionalmente, el equipo fiscalizador constat\u00f3 en terreno la detenci\u00f3n de los equipos de la Fundici\u00f3n Ventanas, Convertidor Teniente, Convertidores Pierce Smith, Horno de limpieza de escoria y Planta de \u00e1cido.<\/p>\n<p>Junto a esta fiscalizaci\u00f3n, la Superintendencia del Medio Ambiente estar\u00e1 realizando el seguimiento de los instrumentos de car\u00e1cter ambiental vigentes que tiene la empresa cupr\u00edfera con el cierre de la Fundici\u00f3n. Estas medidas se suman tambi\u00e9n a las inspecciones que se realizan de forma constante a las instalaciones de la zona que cuentan con <strong>Planes Operacionales<\/strong> durante todo el periodo de Gesti\u00f3n de Episodios Cr\u00edticos (GEC) y que rige para el Plan de Descontaminaci\u00f3n Atmosf\u00e9rica vigente para las comunas de Conc\u00f3n, Quintero y Puchuncav\u00ed.<\/p>\n","protected":false},"excerpt":{"rendered":"<p>La inspecci\u00f3n, que se enmarca en el proceso de cierre de la fundici\u00f3n de la cupr\u00edfera estatal, se da en el contexto de una serie de acciones y medidas que la Superintendencia est\u00e1 desplegando en las comunas de Conc\u00f3n, Quintero y Puchuncav\u00ed. En el contexto del cierre de la Fundici\u00f3n Ventanas de Codelco, que se concret\u00f3 <a href=\"https:\/\/portal.sma.gob.cl\/index.php\/sma-fiscaliza-division-codelco-ventana-tras-inicio-de-su-proceso-de-cierre\/\">Leer m\u00e1s<\/a><\/p>\n","protected":false},"author":3,"featured_media":26696,"comment_status":"open","ping_status":"open","sticky":false,"template":"","format":"standard","meta":{"footnotes":""},"categories":[245,225],"tags":[],"class_list":["post-26727","post","type-post","status-publish","format-standard","has-post-thumbnail","hentry","category-boletin-cqp-junio","category-macrozona-centro"],"_links":{"self":[{"href":"https:\/\/portal.sma.gob.cl\/index.php\/wp-json\/wp\/v2\/posts\/26727","targetHints":{"allow":["GET"]}}],"collection":[{"href":"https:\/\/portal.sma.gob.cl\/index.php\/wp-json\/wp\/v2\/posts"}],"about":[{"href":"https:\/\/portal.sma.gob.cl\/index.php\/wp-json\/wp\/v2\/types\/post"}],"author":[{"embeddable":true,"href":"https:\/\/portal.sma.gob.cl\/index.php\/wp-json\/wp\/v2\/users\/3"}],"replies":[{"embeddable":true,"href":"https:\/\/portal.sma.gob.cl\/index.php\/wp-json\/wp\/v2\/comments?post=26727"}],"version-history":[{"count":3,"href":"https:\/\/portal.sma.gob.cl\/index.php\/wp-json\/wp\/v2\/posts\/26727\/revisions"}],"predecessor-version":[{"id":26736,"href":"https:\/\/portal.sma.gob.cl\/index.php\/wp-json\/wp\/v2\/posts\/26727\/revisions\/26736"}],"wp:featuredmedia":[{"embeddable":true,"href":"https:\/\/portal.sma.gob.cl\/index.php\/wp-json\/wp\/v2\/media\/26696"}],"wp:attachment":[{"href":"https:\/\/portal.sma.gob.cl\/index.php\/wp-json\/wp\/v2\/media?parent=26727"}],"wp:term":[{"taxonomy":"category","embeddable":true,"href":"https:\/\/portal.sma.gob.cl\/index.php\/wp-json\/wp\/v2\/categories?post=26727"},{"taxonomy":"post_tag","embeddable":true,"href":"https:\/\/portal.sma.gob.cl\/index.php\/wp-json\/wp\/v2\/tags?post=26727"}],"curies":[{"name":"wp","href":"https:\/\/api.w.org\/{rel}","templated":true}]}}