{"id":26730,"date":"2023-06-12T15:32:38","date_gmt":"2023-06-12T19:32:38","guid":{"rendered":"https:\/\/portal.sma.gob.cl\/?p=26730"},"modified":"2023-09-29T11:24:03","modified_gmt":"2023-09-29T14:24:03","slug":"sma-refuerza-accionar-sancionatorio-preventivo-y-precautorio-en-la-bahia-de-concon-quintero-y-puchuncavi","status":"publish","type":"post","link":"https:\/\/portal.sma.gob.cl\/index.php\/sma-refuerza-accionar-sancionatorio-preventivo-y-precautorio-en-la-bahia-de-concon-quintero-y-puchuncavi\/","title":{"rendered":"Instituci\u00f3n refuerza accionar sancionatorio, preventivo y precautorio en la bah\u00eda de Conc\u00f3n, Quintero y Puchuncav\u00ed"},"content":{"rendered":"<ul>\n<li style=\"text-align: justify;\"><strong>Se han iniciado dos procedimientos sancionatorios que est\u00e1n en pleno desarrollo y se ordenaron medidas provisionales pre-procedimentales contra nueve unidades fiscalizables.<\/strong><\/li>\n<\/ul>\n<p style=\"text-align: justify;\">En el contexto de las \u00faltimas contingencias ambientales registradas durante la activaci\u00f3n del periodo de Gesti\u00f3n de Episodios Cr\u00edticos (GEC) que rige para el Plan de Prevenci\u00f3n y Descontaminaci\u00f3n Atmosf\u00e9rica (PPDA) para las comunas de Conc\u00f3n, Quintero y Puchuncav\u00ed, la Superintendencia del Medio Ambiente (SMA) ha realizado m\u00e1s de 70 actividades de fiscalizaci\u00f3n -entre inspecciones y ex\u00e1menes de informaci\u00f3n- centradas en las principales unidades fiscalizables emisoras de compuestos org\u00e1nicos vol\u00e1tiles (COVs).<\/p>\n<p style=\"text-align: justify;\">De estas contingencias,<strong> tres fechas presentaron antecedentes a nivel de alerta en marzo:<\/strong> el d\u00eda 16 se identificaron \u00edndices de di\u00f3xido de azufre (SO2), por lo que se fiscaliz\u00f3 a las empresas Codelco Ventanas y a la Termoel\u00e9ctrica de Aes Andes; los d\u00edas 17 y 18 se visualizaron incrementos respecto de las condiciones generalmente observadas para los datos de hidrocarburos totales, lo que propici\u00f3 una fiscaliz\u00f3 a ENAP Terminal Quintero y a ENAP Refiner\u00eda Aconcagua.<\/p>\n<p style=\"text-align: justify;\">Con todos estos antecedentes, y tras la identificaci\u00f3n de incumplimientos a los Planes Operacionales de dos titulares, se iniciaron procedimientos sancionatorios contra el<strong> Terminal Mar\u00edtimo de ENAP y el Complejo Termoel\u00e9ctrico Ventanas de AES ANDES.<\/strong> En ambos casos, las empresas no dieron cumplimiento a la reducci\u00f3n de las operaciones establecidas en los planes, que tienen por objetivo disminuir inmediatamente las emisiones de los contaminantes regulados en el Plan de Descontaminaci\u00f3n, apenas se registre un nivel de alerta, pre-emergencia o emergencia ambiental.<\/p>\n<p style=\"text-align: justify;\">Estos procedimientos sancionatorios est\u00e1n en desarrollo. En el caso de ENAP, la empresa present\u00f3 un Programa de Cumplimiento que se encuentra en etapa de revisi\u00f3n; y en el caso de Aes Andes la empresa present\u00f3 sus descargos, es decir, su defensa respecto de los cargos formulados en su contra.<\/p>\n<p style=\"text-align: justify;\">En relaci\u00f3n a los episodios m\u00e1s recientes, y sobre la base del principio preventivo y precautorio, la SMA orden\u00f3 medidas provisionales contra las empresas que, de acuerdo con sus operaciones, emiten la mayor\u00eda de los COVS presentes en el territorio: ENAP Refiner\u00edas S.A., Compa\u00f1\u00eda de Petr\u00f3leos de Chile Copec S.A., Lipigas, Oxiquim S.A., Abastible, Empresa Nacional de Energ\u00eda ENEX S.A. y BASF Chile S.A.<\/p>\n<p style=\"text-align: justify;\">Esto se dio luego de constatar un aumento en las atenciones de salud con diagn\u00f3stico asociado a contaminaci\u00f3n atmosf\u00e9rica (T59) en distintos centros de urgencias de la comuna de Quintero; sumado a la declaraci\u00f3n del GEC por parte de la Delegaci\u00f3n Presidencial Regional de Valpara\u00edso y por incrementos de los hidrocarburos totales observados en las estaciones de calidad del aire en complemento con los datos arrojados por dos de los siete equipos Pyxis instalados en la bah\u00eda, entre marzo y abril de este a\u00f1o. Estas medidas -que tuvieron una duraci\u00f3n de 10 d\u00edas- apuntaron a disminuir los contaminantes vol\u00e1tiles en la atm\u00f3sfera.<\/p>\n","protected":false},"excerpt":{"rendered":"<p>Se han iniciado dos procedimientos sancionatorios que est\u00e1n en pleno desarrollo y se ordenaron medidas provisionales pre-procedimentales contra nueve unidades fiscalizables. En el contexto de las \u00faltimas contingencias ambientales registradas durante la activaci\u00f3n del periodo de Gesti\u00f3n de Episodios Cr\u00edticos (GEC) que rige para el Plan de Prevenci\u00f3n y Descontaminaci\u00f3n Atmosf\u00e9rica (PPDA) para las comunas de <a href=\"https:\/\/portal.sma.gob.cl\/index.php\/sma-refuerza-accionar-sancionatorio-preventivo-y-precautorio-en-la-bahia-de-concon-quintero-y-puchuncavi\/\">Leer m\u00e1s<\/a><\/p>\n","protected":false},"author":3,"featured_media":26697,"comment_status":"open","ping_status":"open","sticky":false,"template":"","format":"standard","meta":{"footnotes":""},"categories":[245,225],"tags":[],"class_list":["post-26730","post","type-post","status-publish","format-standard","has-post-thumbnail","hentry","category-boletin-cqp-junio","category-macrozona-centro"],"_links":{"self":[{"href":"https:\/\/portal.sma.gob.cl\/index.php\/wp-json\/wp\/v2\/posts\/26730","targetHints":{"allow":["GET"]}}],"collection":[{"href":"https:\/\/portal.sma.gob.cl\/index.php\/wp-json\/wp\/v2\/posts"}],"about":[{"href":"https:\/\/portal.sma.gob.cl\/index.php\/wp-json\/wp\/v2\/types\/post"}],"author":[{"embeddable":true,"href":"https:\/\/portal.sma.gob.cl\/index.php\/wp-json\/wp\/v2\/users\/3"}],"replies":[{"embeddable":true,"href":"https:\/\/portal.sma.gob.cl\/index.php\/wp-json\/wp\/v2\/comments?post=26730"}],"version-history":[{"count":3,"href":"https:\/\/portal.sma.gob.cl\/index.php\/wp-json\/wp\/v2\/posts\/26730\/revisions"}],"predecessor-version":[{"id":26748,"href":"https:\/\/portal.sma.gob.cl\/index.php\/wp-json\/wp\/v2\/posts\/26730\/revisions\/26748"}],"wp:featuredmedia":[{"embeddable":true,"href":"https:\/\/portal.sma.gob.cl\/index.php\/wp-json\/wp\/v2\/media\/26697"}],"wp:attachment":[{"href":"https:\/\/portal.sma.gob.cl\/index.php\/wp-json\/wp\/v2\/media?parent=26730"}],"wp:term":[{"taxonomy":"category","embeddable":true,"href":"https:\/\/portal.sma.gob.cl\/index.php\/wp-json\/wp\/v2\/categories?post=26730"},{"taxonomy":"post_tag","embeddable":true,"href":"https:\/\/portal.sma.gob.cl\/index.php\/wp-json\/wp\/v2\/tags?post=26730"}],"curies":[{"name":"wp","href":"https:\/\/api.w.org\/{rel}","templated":true}]}}