{"id":26751,"date":"2023-06-12T17:21:27","date_gmt":"2023-06-12T21:21:27","guid":{"rendered":"https:\/\/portal.sma.gob.cl\/?p=26751"},"modified":"2023-06-12T17:37:39","modified_gmt":"2023-06-12T21:37:39","slug":"superintendenta-plumer-designa-nuevo-jefe-regional-para-la-oficina-de-la-sma-en-tarapaca","status":"publish","type":"post","link":"https:\/\/portal.sma.gob.cl\/index.php\/superintendenta-plumer-designa-nuevo-jefe-regional-para-la-oficina-de-la-sma-en-tarapaca\/","title":{"rendered":"Superintendenta Plumer designa nuevo jefe regional para la oficina de la SMA en Tarapac\u00e1"},"content":{"rendered":"<ul>\n<li><strong>Se trata del ingeniero Jos\u00e9 Miguel Pedraza, quien posee una amplia experiencia como supervisor de proyectos en la industria minera. <\/strong><\/li>\n<\/ul>\n<p><!--more--><\/p>\n<p><strong>Iquique, 12 de junio de 2023<\/strong>. Desde este lunes, la Oficina de la Superintendencia de Medio Ambiente (SMA) en Tarapac\u00e1 cuenta con un nuevo jefe regional: Jos\u00e9 Miguel Pedraza, Ingeniero Civil Ambiental de la Universidad de La Serena y Mag\u00edster en Derecho Ambiental de la Universidad de Chile.<\/p>\n<p>Adem\u00e1s, es experto en Prevenci\u00f3n de Riesgos de la Industria Extractiva Minera del Servicio Nacional de Geolog\u00eda y Miner\u00eda (Sernageomin) y tiene un Diplomado en Control de Gesti\u00f3n de la Universidad de Chile.<\/p>\n<p>Pedraza cuenta con una experiencia de m\u00e1s de 14 a\u00f1os en el sector privado, ligado a la elaboraci\u00f3n y tramitaci\u00f3n de Estudios y Declaraciones de Impacto Ambiental (DIA), cumplimiento de compromisos ambientales, entre otros aspectos relacionados con el sector minero.<\/p>\n<p>Previo a su llegada a la SMA en Tarapac\u00e1, se desempe\u00f1\u00f3 como Jefe de Medio Ambiente en Acciona, espec\u00edficamente en la construcci\u00f3n de la Planta Desaladora de la Minera Do\u00f1a In\u00e9s de Collahuasi. Entre 2020 y 2022 fue supervisor de Sustentabilidad en Antofagasta Minerals, y entre 2018 y 2020, ejerci\u00f3 como Ingeniero de Gesti\u00f3n de Riesgos Operacionales Ambientales de la Minera Los Pelambres.<\/p>\n<p>La Superintendenta Marie Claude Plumer destac\u00f3 el arribo de Jos\u00e9 Miguel Pedraza a la Oficina Regional de Tarapac\u00e1 y se\u00f1al\u00f3 que \u201cse trata de un profesional con larga experiencia en el rubro minero que es una de las principales actividades en la zona. Conf\u00edo en que llegar\u00e1 a reforzar a nuestra presencia en la regi\u00f3n y que aportar\u00e1 con todas las competencias t\u00e9cnicas que tiene para asumir el cargo\u201d.<\/p>\n<p>Pedraza comenta que se siente respaldado en su nuevo cargo. \u201cTengo una amplia experiencia en gesti\u00f3n ambiental minera y conozco el contexto ambiental regional. Uno de los principales desaf\u00edos es identificar y actuar sobre los focos para el seguimiento del cumplimiento ambiental normativo y de RCA, siempre alineado con la estrategia de la SMA\u201d<\/p>\n<p>En su primer d\u00eda, el nuevo jefe regional de la SMA en Tarapac\u00e1 sostuvo reuniones de trabajo con el Delegado Presidencial Regional, Daniel Quinteros, la seremi (s) de Medio Ambiente, Paula Gonz\u00e1lez, la directora (s) del Servicio de Evaluaci\u00f3n Ambiental, Sandra Pe\u00f1a, y con las y los funcionarios que forman parte de la oficina.<\/p>\n","protected":false},"excerpt":{"rendered":"<p>Se trata del ingeniero Jos\u00e9 Miguel Pedraza, quien posee una amplia experiencia como supervisor de proyectos en la industria minera.<\/p>\n","protected":false},"author":9,"featured_media":26753,"comment_status":"open","ping_status":"open","sticky":false,"template":"","format":"standard","meta":{"footnotes":""},"categories":[90,107,224],"tags":[],"class_list":["post-26751","post","type-post","status-publish","format-standard","has-post-thumbnail","hentry","category-comunicados-noticias","category-destacado","category-macrozona-norte"],"_links":{"self":[{"href":"https:\/\/portal.sma.gob.cl\/index.php\/wp-json\/wp\/v2\/posts\/26751","targetHints":{"allow":["GET"]}}],"collection":[{"href":"https:\/\/portal.sma.gob.cl\/index.php\/wp-json\/wp\/v2\/posts"}],"about":[{"href":"https:\/\/portal.sma.gob.cl\/index.php\/wp-json\/wp\/v2\/types\/post"}],"author":[{"embeddable":true,"href":"https:\/\/portal.sma.gob.cl\/index.php\/wp-json\/wp\/v2\/users\/9"}],"replies":[{"embeddable":true,"href":"https:\/\/portal.sma.gob.cl\/index.php\/wp-json\/wp\/v2\/comments?post=26751"}],"version-history":[{"count":1,"href":"https:\/\/portal.sma.gob.cl\/index.php\/wp-json\/wp\/v2\/posts\/26751\/revisions"}],"predecessor-version":[{"id":26752,"href":"https:\/\/portal.sma.gob.cl\/index.php\/wp-json\/wp\/v2\/posts\/26751\/revisions\/26752"}],"wp:featuredmedia":[{"embeddable":true,"href":"https:\/\/portal.sma.gob.cl\/index.php\/wp-json\/wp\/v2\/media\/26753"}],"wp:attachment":[{"href":"https:\/\/portal.sma.gob.cl\/index.php\/wp-json\/wp\/v2\/media?parent=26751"}],"wp:term":[{"taxonomy":"category","embeddable":true,"href":"https:\/\/portal.sma.gob.cl\/index.php\/wp-json\/wp\/v2\/categories?post=26751"},{"taxonomy":"post_tag","embeddable":true,"href":"https:\/\/portal.sma.gob.cl\/index.php\/wp-json\/wp\/v2\/tags?post=26751"}],"curies":[{"name":"wp","href":"https:\/\/api.w.org\/{rel}","templated":true}]}}