{"id":26784,"date":"2023-06-16T12:09:01","date_gmt":"2023-06-16T16:09:01","guid":{"rendered":"https:\/\/portal.sma.gob.cl\/?p=26784"},"modified":"2023-06-16T12:51:24","modified_gmt":"2023-06-16T16:51:24","slug":"planes-de-descontaminacion-atmosferica-de-la-zona-sur-se-han-realizado-mas-de-110-fiscalizaciones-en-episodios-de-preemergencia-y-emergencia","status":"publish","type":"post","link":"https:\/\/portal.sma.gob.cl\/index.php\/planes-de-descontaminacion-atmosferica-de-la-zona-sur-se-han-realizado-mas-de-110-fiscalizaciones-en-episodios-de-preemergencia-y-emergencia\/","title":{"rendered":"Planes de Descontaminaci\u00f3n Atmosf\u00e9rica de la zona sur: Se han realizado m\u00e1s de 110 fiscalizaciones en episodios de preemergencia y emergencia"},"content":{"rendered":"<p><strong>Durante este periodo GEC, se han reforzado las fiscalizaciones en los 10 Planes disponibles en comunas ubicadas entre las regiones de O\u00b4Higgins a Ays\u00e9n, para el control de contaminantes en fuentes fijas como calderas,<\/strong><strong> comercio de le\u00f1a seca, uso de calefactores a le\u00f1a en establecimientos comerciales y \u00f3rganos del Estado, entre otras. <\/strong><!--more--><\/p>\n<p><strong>\u00a0<\/strong><strong>Los Lagos, 16 de junio de 2023. <\/strong>Durante el mes de junio, las condiciones de ventilaci\u00f3n en las cuencas de la zona sur del pa\u00eds han ido empeorando de la mano de las bajas temperaturas. Por esa raz\u00f3n, la Superintendencia del Medio Ambiente (SMA) ha reforzado las medidas de fiscalizaci\u00f3n durante la declaraci\u00f3n de episodios cr\u00edticos de preemergencias y emergencias ambientales.<\/p>\n<p>En los 10 Planes de Descontaminaci\u00f3n de la zona centro sur, la SMA ha ejecutado m\u00e1s de 110 fiscalizaciones en per\u00edodo de Gesti\u00f3n de Episodios Cr\u00edticos (GEC) a 150 medidas regulatorias establecidas en los Planes entre las que se cuentan: la fiscalizaci\u00f3n de calderas y sus l\u00edmites de emisi\u00f3n; la inspecci\u00f3n al comercio de le\u00f1a; uso de calefactores a le\u00f1a en establecimientos comerciales y servicios p\u00fablicos, entre otras medidas.<\/p>\n<p>La encargada de Planes de Descontaminaci\u00f3n Zona Sur de la SMA, Jeanette Caroca, se\u00f1al\u00f3 que \u201cdesde la entrada en vigencia de los Planes de la zona Sur se han derivado m\u00e1s de 250 procesos al \u00e1rea de sanci\u00f3n por incumplimientos detectados en las distintas fiscalizaciones, en lo que lleva de este a\u00f1o se han derivado 10 procesos por incumplimiento en el control de emisiones de fuentes estacionarias principalmente, de los distintos planes\u201d.<\/p>\n<p>En lo que respecta al cumplimiento de l\u00edmites de emisi\u00f3n en fuentes fijas (calderas) para contaminantes normados en los Planes, Caroca explica que tambi\u00e9n se ha intensificado la fiscalizaci\u00f3n en la obligaci\u00f3n del catastro y registro de antecedentes para las fuentes afectas en el <a href=\"https:\/\/sisat.sma.gob.cl\/\">Sistema de Seguimiento Atmosf\u00e9rico (SISAT)<\/a> de la SMA, obligaci\u00f3n instruida a los titulares mediante <a href=\"https:\/\/transparencia.sma.gob.cl\/doc\/resoluciones\/RESOL_EXENTA_SMA_2021\/RESOL%20EXENTA%20N%202547%20SMA.PDF\">Resoluci\u00f3n Exenta N\u00b02547\/2021 SMA.<\/a><\/p>\n<h3><strong>Preemergencia en Concepci\u00f3n, Temuco y emergencia en Coyhaique<\/strong><\/h3>\n<p>Durante la jornada de ayer -15 de junio- cuando se decret\u00f3 la primera preemergencia en el Plan Prevenci\u00f3n y de Descontaminaci\u00f3n Atmosf\u00e9rica de Concepci\u00f3n, la SMA realiz\u00f3 diversas acciones de fiscalizaci\u00f3n en terreno para verificar la paralizaci\u00f3n de fuentes estacionarias (calderas) en las comunas afectas que considera el Plan de Concepci\u00f3n Metropolitano. Se concurri\u00f3 a la Planta Unipapel en San Pedro de La Paz, HualpenGas y Vidrios Lirqu\u00e9n.<\/p>\n<p>En tanto, hoy rige jornada de preemergencia para el PDA de Temuco y Padre Las Casas, luego de una semana de mala ventilaci\u00f3n en la zona. \u201cRespecto a la prohibici\u00f3n del uso de calefactores a le\u00f1a en comercio y servicios, se pudo constatar dos unidades con uso al momento de la inspecci\u00f3n: \u00a0Motel Saint Valentine y Maderas Tromen. En ambos casos, los representantes de las empresas se comprometieron, en un plazo acotado por la SMA, al retiro de dichos calefactores, bajo la l\u00ednea de correcci\u00f3n temprana de la SMA. Si no cumplen, se derivan al \u00e1rea sancionatoria\u201d, explic\u00f3 el Jefe Regional de la SMA en La Araucan\u00eda, Luis Mu\u00f1oz.<\/p>\n<p>Adem\u00e1s, se han inspeccionado tres le\u00f1er\u00edas -La Caserita, Le\u00f1as Pitraco y Le\u00f1er\u00eda Los Troncos- dando como resultado la constataci\u00f3n del cumplimiento de los l\u00edmites de humedad que establece la normativa (menor a un 25%). Mu\u00f1oz agrega que, respecto a la fiscalizaci\u00f3n de fuentes fijas, se inspeccionaron el Gimnasio YMCA (donde su caldera se transform\u00f3 a pellet, por lo que cumple la norma), el Campus Andr\u00e9s Bello de la Universidad de la Frontera (que realiz\u00f3 el cambio a gas para cumplir la normativa) y Maderas Promad. \u201cEsta \u00faltima sigue con caldera a le\u00f1a, pero est\u00e1 con un Programa de Cumplimiento asociado a l\u00edmites de emisi\u00f3n. En todos los casos se requirieron los informes isocin\u00e9ticos de las calderas a pellet y le\u00f1a para verificar condiciones actuales de ambos sistemas\u201d.<\/p>\n<p>La capital de la Regi\u00f3n de Ays\u00e9n, Coyhaique, hoy est\u00e1 viviendo su primera jornada de emergencia ambiental. \u201cDurante este d\u00eda realizaremos inspecciones a comercio de le\u00f1a y a locales comerciales. Hacemos un llamado a la comunidad a siempre preferir la le\u00f1a seca, ya que la contaminaci\u00f3n de nuestra ciudad est\u00e1 muy relacionada al uso de calefacci\u00f3n domiciliaria, m\u00e1s que el factor industrial\u201d; sostuvo el Jefe Regional de la SMA, \u00d3scar Leal.<\/p>\n<p>Cabe recordar que la Gesti\u00f3n de Episodios Cr\u00edticos (GEC) contempla un conjunto de medidas cuyo objetivo es enfrentar los episodios de contaminaci\u00f3n atmosf\u00e9rica por material particulado (MP10 &#8211; MP2.5), adoptando medidas preventivas y de control frente a situaciones que pongan en riesgo la salud de la poblaci\u00f3n.<\/p>\n<h2>Galer\u00eda de fotograf\u00edas<\/h2>\n<h3>PDA de Concepci\u00f3n Metropolitano<\/h3>\n\n\t\t<style type=\"text\/css\">\n\t\t\t#gallery-1 {\n\t\t\t\tmargin: auto;\n\t\t\t}\n\t\t\t#gallery-1 .gallery-item {\n\t\t\t\tfloat: left;\n\t\t\t\tmargin-top: 10px;\n\t\t\t\ttext-align: center;\n\t\t\t\twidth: 25%;\n\t\t\t}\n\t\t\t#gallery-1 img {\n\t\t\t\tborder: 2px solid #cfcfcf;\n\t\t\t}\n\t\t\t#gallery-1 .gallery-caption {\n\t\t\t\tmargin-left: 0;\n\t\t\t}\n\t\t\t\/* see gallery_shortcode() in wp-includes\/media.php *\/\n\t\t<\/style>\n\t\t<div id='gallery-1' class='gallery galleryid-26784 gallery-columns-4 gallery-size-thumbnail'><dl class='gallery-item'>\n\t\t\t<dt class='gallery-icon landscape'>\n\t\t\t\t<a data-rel=\"iLightbox[postimages]\" data-title=\"WhatsApp Image 2023-06-15 at 21.22.06\" data-caption=\"Planta Unipapel San Pedro de La Paz\" href='https:\/\/portal.sma.gob.cl\/whatsapp-image-2023-06-15-at-21-22-06\/'><img decoding=\"async\" width=\"150\" height=\"150\" src=\"https:\/\/portal.sma.gob.cl\/wp-content\/uploads\/2023\/06\/WhatsApp-Image-2023-06-15-at-21.22.06-150x150.jpeg\" class=\"attachment-thumbnail size-thumbnail\" alt=\"\" aria-describedby=\"gallery-1-26793\" srcset=\"https:\/\/portal.sma.gob.cl\/wp-content\/uploads\/2023\/06\/WhatsApp-Image-2023-06-15-at-21.22.06-66x66.jpeg 66w, https:\/\/portal.sma.gob.cl\/wp-content\/uploads\/2023\/06\/WhatsApp-Image-2023-06-15-at-21.22.06-150x150.jpeg 150w\" sizes=\"(max-width: 150px) 100vw, 150px\" \/><\/a>\n\t\t\t<\/dt>\n\t\t\t\t<dd class='wp-caption-text gallery-caption' id='gallery-1-26793'>\n\t\t\t\tPlanta Unipapel San Pedro de La Paz\n\t\t\t\t<\/dd><\/dl><dl class='gallery-item'>\n\t\t\t<dt class='gallery-icon landscape'>\n\t\t\t\t<a data-rel=\"iLightbox[postimages]\" data-title=\"WhatsApp Image 2023-06-15 at 19.26.34\" data-caption=\"Hualp\u00e9n Gas\" href='https:\/\/portal.sma.gob.cl\/whatsapp-image-2023-06-15-at-19-26-34\/'><img decoding=\"async\" width=\"150\" height=\"150\" src=\"https:\/\/portal.sma.gob.cl\/wp-content\/uploads\/2023\/06\/WhatsApp-Image-2023-06-15-at-19.26.34-150x150.jpeg\" class=\"attachment-thumbnail size-thumbnail\" alt=\"\" aria-describedby=\"gallery-1-26792\" srcset=\"https:\/\/portal.sma.gob.cl\/wp-content\/uploads\/2023\/06\/WhatsApp-Image-2023-06-15-at-19.26.34-66x66.jpeg 66w, https:\/\/portal.sma.gob.cl\/wp-content\/uploads\/2023\/06\/WhatsApp-Image-2023-06-15-at-19.26.34-150x150.jpeg 150w\" sizes=\"(max-width: 150px) 100vw, 150px\" \/><\/a>\n\t\t\t<\/dt>\n\t\t\t\t<dd class='wp-caption-text gallery-caption' id='gallery-1-26792'>\n\t\t\t\tHualp\u00e9n Gas\n\t\t\t\t<\/dd><\/dl><dl class='gallery-item'>\n\t\t\t<dt class='gallery-icon landscape'>\n\t\t\t\t<a data-rel=\"iLightbox[postimages]\" data-title=\"WhatsApp Image 2023-06-15 at 19.26.34 (1)\" data-caption=\"Hualp\u00e9n Gas\" href='https:\/\/portal.sma.gob.cl\/whatsapp-image-2023-06-15-at-19-26-34-1\/'><img decoding=\"async\" width=\"150\" height=\"150\" src=\"https:\/\/portal.sma.gob.cl\/wp-content\/uploads\/2023\/06\/WhatsApp-Image-2023-06-15-at-19.26.34-1-150x150.jpeg\" class=\"attachment-thumbnail size-thumbnail\" alt=\"\" aria-describedby=\"gallery-1-26791\" srcset=\"https:\/\/portal.sma.gob.cl\/wp-content\/uploads\/2023\/06\/WhatsApp-Image-2023-06-15-at-19.26.34-1-66x66.jpeg 66w, https:\/\/portal.sma.gob.cl\/wp-content\/uploads\/2023\/06\/WhatsApp-Image-2023-06-15-at-19.26.34-1-150x150.jpeg 150w\" sizes=\"(max-width: 150px) 100vw, 150px\" \/><\/a>\n\t\t\t<\/dt>\n\t\t\t\t<dd class='wp-caption-text gallery-caption' id='gallery-1-26791'>\n\t\t\t\tHualp\u00e9n Gas\n\t\t\t\t<\/dd><\/dl><dl class='gallery-item'>\n\t\t\t<dt class='gallery-icon landscape'>\n\t\t\t\t<a data-rel=\"iLightbox[postimages]\" data-title=\"WhatsApp Image 2023-06-15 at 19.25.28\" data-caption=\"Vidrios Lirqu\u00e9n\" href='https:\/\/portal.sma.gob.cl\/whatsapp-image-2023-06-15-at-19-25-28\/'><img decoding=\"async\" width=\"150\" height=\"150\" src=\"https:\/\/portal.sma.gob.cl\/wp-content\/uploads\/2023\/06\/WhatsApp-Image-2023-06-15-at-19.25.28-150x150.jpeg\" class=\"attachment-thumbnail size-thumbnail\" alt=\"\" aria-describedby=\"gallery-1-26790\" srcset=\"https:\/\/portal.sma.gob.cl\/wp-content\/uploads\/2023\/06\/WhatsApp-Image-2023-06-15-at-19.25.28-66x66.jpeg 66w, https:\/\/portal.sma.gob.cl\/wp-content\/uploads\/2023\/06\/WhatsApp-Image-2023-06-15-at-19.25.28-150x150.jpeg 150w\" sizes=\"(max-width: 150px) 100vw, 150px\" \/><\/a>\n\t\t\t<\/dt>\n\t\t\t\t<dd class='wp-caption-text gallery-caption' id='gallery-1-26790'>\n\t\t\t\tVidrios Lirqu\u00e9n\n\t\t\t\t<\/dd><\/dl><br style=\"clear: both\" \/>\n\t\t<\/div>\n\n<h3>PDA Temuco y Padre Las Casas<\/h3>\n\n\t\t<style type=\"text\/css\">\n\t\t\t#gallery-2 {\n\t\t\t\tmargin: auto;\n\t\t\t}\n\t\t\t#gallery-2 .gallery-item {\n\t\t\t\tfloat: left;\n\t\t\t\tmargin-top: 10px;\n\t\t\t\ttext-align: center;\n\t\t\t\twidth: 25%;\n\t\t\t}\n\t\t\t#gallery-2 img {\n\t\t\t\tborder: 2px solid #cfcfcf;\n\t\t\t}\n\t\t\t#gallery-2 .gallery-caption {\n\t\t\t\tmargin-left: 0;\n\t\t\t}\n\t\t\t\/* see gallery_shortcode() in wp-includes\/media.php *\/\n\t\t<\/style>\n\t\t<div id='gallery-2' class='gallery galleryid-26784 gallery-columns-4 gallery-size-thumbnail'><dl class='gallery-item'>\n\t\t\t<dt class='gallery-icon landscape'>\n\t\t\t\t<a data-rel=\"iLightbox[postimages]\" data-title=\"WhatsApp Image 2023-06-16 at 09.40.50\" data-caption=\"Campus Andres Bello de la UFRO\" href='https:\/\/portal.sma.gob.cl\/whatsapp-image-2023-06-16-at-09-40-50\/'><img decoding=\"async\" width=\"150\" height=\"150\" src=\"https:\/\/portal.sma.gob.cl\/wp-content\/uploads\/2023\/06\/WhatsApp-Image-2023-06-16-at-09.40.50-150x150.jpeg\" class=\"attachment-thumbnail size-thumbnail\" alt=\"\" aria-describedby=\"gallery-2-26789\" srcset=\"https:\/\/portal.sma.gob.cl\/wp-content\/uploads\/2023\/06\/WhatsApp-Image-2023-06-16-at-09.40.50-66x66.jpeg 66w, https:\/\/portal.sma.gob.cl\/wp-content\/uploads\/2023\/06\/WhatsApp-Image-2023-06-16-at-09.40.50-150x150.jpeg 150w\" sizes=\"(max-width: 150px) 100vw, 150px\" \/><\/a>\n\t\t\t<\/dt>\n\t\t\t\t<dd class='wp-caption-text gallery-caption' id='gallery-2-26789'>\n\t\t\t\tCampus Andres Bello de la UFRO\n\t\t\t\t<\/dd><\/dl><dl class='gallery-item'>\n\t\t\t<dt class='gallery-icon landscape'>\n\t\t\t\t<a data-rel=\"iLightbox[postimages]\" data-title=\"WhatsApp Image 2023-06-16 at 09.40.49\" data-caption=\"Maderas Promad\" href='https:\/\/portal.sma.gob.cl\/whatsapp-image-2023-06-16-at-09-40-49\/'><img decoding=\"async\" width=\"150\" height=\"150\" src=\"https:\/\/portal.sma.gob.cl\/wp-content\/uploads\/2023\/06\/WhatsApp-Image-2023-06-16-at-09.40.49-e1686931790251-150x150.jpeg\" class=\"attachment-thumbnail size-thumbnail\" alt=\"\" aria-describedby=\"gallery-2-26788\" srcset=\"https:\/\/portal.sma.gob.cl\/wp-content\/uploads\/2023\/06\/WhatsApp-Image-2023-06-16-at-09.40.49-e1686931790251-66x66.jpeg 66w, https:\/\/portal.sma.gob.cl\/wp-content\/uploads\/2023\/06\/WhatsApp-Image-2023-06-16-at-09.40.49-e1686931790251-150x150.jpeg 150w\" sizes=\"(max-width: 150px) 100vw, 150px\" \/><\/a>\n\t\t\t<\/dt>\n\t\t\t\t<dd class='wp-caption-text gallery-caption' id='gallery-2-26788'>\n\t\t\t\tMaderas Promad\n\t\t\t\t<\/dd><\/dl><dl class='gallery-item'>\n\t\t\t<dt class='gallery-icon landscape'>\n\t\t\t\t<a data-rel=\"iLightbox[postimages]\" data-title=\"WhatsApp Image 2023-06-16 at 09.40.44\" data-caption=\"Fiscalizaci\u00f3n al comercio\" href='https:\/\/portal.sma.gob.cl\/whatsapp-image-2023-06-16-at-09-40-44\/'><img decoding=\"async\" width=\"150\" height=\"150\" src=\"https:\/\/portal.sma.gob.cl\/wp-content\/uploads\/2023\/06\/WhatsApp-Image-2023-06-16-at-09.40.44-150x150.jpeg\" class=\"attachment-thumbnail size-thumbnail\" alt=\"\" aria-describedby=\"gallery-2-26787\" srcset=\"https:\/\/portal.sma.gob.cl\/wp-content\/uploads\/2023\/06\/WhatsApp-Image-2023-06-16-at-09.40.44-66x66.jpeg 66w, https:\/\/portal.sma.gob.cl\/wp-content\/uploads\/2023\/06\/WhatsApp-Image-2023-06-16-at-09.40.44-150x150.jpeg 150w\" sizes=\"(max-width: 150px) 100vw, 150px\" \/><\/a>\n\t\t\t<\/dt>\n\t\t\t\t<dd class='wp-caption-text gallery-caption' id='gallery-2-26787'>\n\t\t\t\tFiscalizaci\u00f3n al comercio\n\t\t\t\t<\/dd><\/dl><dl class='gallery-item'>\n\t\t\t<dt class='gallery-icon landscape'>\n\t\t\t\t<a data-rel=\"iLightbox[postimages]\" data-title=\"WhatsApp Image 2023-06-16 at 09.40.43\" data-caption=\"La madera debe tener una humedad inferior a 25%.\" href='https:\/\/portal.sma.gob.cl\/whatsapp-image-2023-06-16-at-09-40-43\/'><img decoding=\"async\" width=\"150\" height=\"150\" src=\"https:\/\/portal.sma.gob.cl\/wp-content\/uploads\/2023\/06\/WhatsApp-Image-2023-06-16-at-09.40.43-150x150.jpeg\" class=\"attachment-thumbnail size-thumbnail\" alt=\"\" aria-describedby=\"gallery-2-26786\" srcset=\"https:\/\/portal.sma.gob.cl\/wp-content\/uploads\/2023\/06\/WhatsApp-Image-2023-06-16-at-09.40.43-66x66.jpeg 66w, https:\/\/portal.sma.gob.cl\/wp-content\/uploads\/2023\/06\/WhatsApp-Image-2023-06-16-at-09.40.43-150x150.jpeg 150w\" sizes=\"(max-width: 150px) 100vw, 150px\" \/><\/a>\n\t\t\t<\/dt>\n\t\t\t\t<dd class='wp-caption-text gallery-caption' id='gallery-2-26786'>\n\t\t\t\tLa madera debe tener una humedad inferior a 25%.\n\t\t\t\t<\/dd><\/dl><br style=\"clear: both\" \/>\n\t\t<\/div>\n\n","protected":false},"excerpt":{"rendered":"<p>Durante este periodo GEC, se han reforzado las fiscalizaciones en los 10 Planes disponibles en comunas ubicadas entre las regiones de O\u00b4Higgins a Ays\u00e9n, para el control de contaminantes en fuentes fijas como calderas, comercio de le\u00f1a seca, uso de calefactores a le\u00f1a en establecimientos comerciales y \u00f3rganos del Estado, entre otras.<\/p>\n","protected":false},"author":9,"featured_media":26788,"comment_status":"open","ping_status":"open","sticky":false,"template":"","format":"standard","meta":{"footnotes":""},"categories":[90,107,226],"tags":[],"class_list":["post-26784","post","type-post","status-publish","format-standard","has-post-thumbnail","hentry","category-comunicados-noticias","category-destacado","category-macrozona-sur"],"_links":{"self":[{"href":"https:\/\/portal.sma.gob.cl\/index.php\/wp-json\/wp\/v2\/posts\/26784","targetHints":{"allow":["GET"]}}],"collection":[{"href":"https:\/\/portal.sma.gob.cl\/index.php\/wp-json\/wp\/v2\/posts"}],"about":[{"href":"https:\/\/portal.sma.gob.cl\/index.php\/wp-json\/wp\/v2\/types\/post"}],"author":[{"embeddable":true,"href":"https:\/\/portal.sma.gob.cl\/index.php\/wp-json\/wp\/v2\/users\/9"}],"replies":[{"embeddable":true,"href":"https:\/\/portal.sma.gob.cl\/index.php\/wp-json\/wp\/v2\/comments?post=26784"}],"version-history":[{"count":3,"href":"https:\/\/portal.sma.gob.cl\/index.php\/wp-json\/wp\/v2\/posts\/26784\/revisions"}],"predecessor-version":[{"id":26797,"href":"https:\/\/portal.sma.gob.cl\/index.php\/wp-json\/wp\/v2\/posts\/26784\/revisions\/26797"}],"wp:featuredmedia":[{"embeddable":true,"href":"https:\/\/portal.sma.gob.cl\/index.php\/wp-json\/wp\/v2\/media\/26788"}],"wp:attachment":[{"href":"https:\/\/portal.sma.gob.cl\/index.php\/wp-json\/wp\/v2\/media?parent=26784"}],"wp:term":[{"taxonomy":"category","embeddable":true,"href":"https:\/\/portal.sma.gob.cl\/index.php\/wp-json\/wp\/v2\/categories?post=26784"},{"taxonomy":"post_tag","embeddable":true,"href":"https:\/\/portal.sma.gob.cl\/index.php\/wp-json\/wp\/v2\/tags?post=26784"}],"curies":[{"name":"wp","href":"https:\/\/api.w.org\/{rel}","templated":true}]}}