{"id":26858,"date":"2023-06-16T16:36:53","date_gmt":"2023-06-16T20:36:53","guid":{"rendered":"https:\/\/portal.sma.gob.cl\/?p=26858"},"modified":"2023-06-20T16:37:39","modified_gmt":"2023-06-20T20:37:39","slug":"presidencia-pro-tempore-convoco-sesion-extraordinaria-de-trabajo-con-puntos-focales-de-redlafica","status":"publish","type":"post","link":"https:\/\/portal.sma.gob.cl\/index.php\/presidencia-pro-tempore-convoco-sesion-extraordinaria-de-trabajo-con-puntos-focales-de-redlafica\/","title":{"rendered":"Presidencia Pro Tempore convoc\u00f3 sesi\u00f3n extraordinaria de trabajo con puntos focales de REDLAFICA"},"content":{"rendered":"<ul>\n<li><strong>Durante la reuni\u00f3n se revis\u00f3 el estatus del Plan Estrat\u00e9gico de la Red comprometida para el periodo 2022-2024. Adem\u00e1s, se cont\u00f3 en calidad de invitados a representantes de la Unidad de Soluciones Ambientales y Sociales del BID para presentar las l\u00edneas generales establecidas en el Plan de Acci\u00f3n con REDLAFICA, que se enmarca en los Di\u00e1logos Regionales de Pol\u00edtica de Licenciamiento y Fiscalizaci\u00f3n Ambiental y Social (DRP).<\/strong><\/li>\n<\/ul>\n<p><strong>Santiago, Chile, 16 de junio de 2023.<\/strong>\u00a0La Presidencia Pro Tempore de la\u00a0<a href=\"http:\/\/www.redlafica.org\/\">Red Latinoamericana de Fiscalizaci\u00f3n y Cumplimiento Ambiental (REDLAFICA)<\/a>, a trav\u00e9s de <strong>Daniela Pe\u00f1a<\/strong>, jefa de la Oficina de Gesti\u00f3n Estrat\u00e9gica y Punto Focal de la Superintendencia del Medio Ambiente (SMA) de Chile para la Red; lider\u00f3 esta ma\u00f1ana una sesi\u00f3n extraordinaria de trabajo con todos y todas los Puntos Focales designados por los pa\u00edses miembros de la Entidad, con el objetivo de revisar los avances del Plan Estrat\u00e9gico comprometido para el periodo 2022-2024 y el Plan de Acci\u00f3n del BID con REDLAFICA, que se enmarca en los Di\u00e1logos Regionales de Pol\u00edtica de Licenciamiento y Fiscalizaci\u00f3n Ambiental y Social (DRP).<\/p>\n<p>La reuni\u00f3n comenz\u00f3 con la presentaci\u00f3n del BID, donde se abord\u00f3 el avance de las actividades de los seis ejes tem\u00e1ticos de acci\u00f3n establecidas en el Plan de Acci\u00f3n del BID con REDLAFICA, orientados a mejorar pr\u00e1cticas ambientales y sociales en los sistemas nacionales de licenciamiento y fiscalizaci\u00f3n a trav\u00e9s de las buenas pr\u00e1cticas internacionales como las pol\u00edticas del BID; la realizaci\u00f3n de talleres tem\u00e1ticos en pa\u00edses seleccionados; el intercambio de conocimientos entre agencias; potenciar una comunidad de pr\u00e1ctica de licenciamiento y cumplimiento ambiental y apoyo a REDLAFICA; promover y fortalecer el desarrollo de capacidades para las agencias; y el desarrollo de proyectos de cooperaci\u00f3n\/asistencia t\u00e9cnica para pa\u00edses de la REDLAFICA.<\/p>\n<p>Luego, Daniela Pe\u00f1a present\u00f3 sobre la coordinaci\u00f3n que est\u00e1 liderando la Superintendencia del Medio Ambiente (SMA) de Chile, instituci\u00f3n que fue elegida en el Acuerdo de Santo Domingo 2022 como Presidencia Pro Tempore por un per\u00edodo de tres a\u00f1os de REDLAFICA. Pe\u00f1a repas\u00f3 los objetivos estrat\u00e9gicos definidos en el <strong>Plan Estrat\u00e9gico de la Red comprometida para el periodo 2022-2024<\/strong>, orientados a contribuir a la mejora de la calidad ambiental de la regi\u00f3n en componentes priorizados; promover una cultura de cumplimiento ambiental a trav\u00e9s de una fiscalizaci\u00f3n eficiente y efectiva; y asegurar la articulaci\u00f3n y sostenibilidad de la Red.<\/p>\n<p>\u201cPara la Presidenta Pro Tempore de REDLAFICA y Superintendenta del Medio Ambiente de Chile, Marie Claude Plumer es muy relevante seguir potenciando el trabajo, actividades e intercambio de experiencias que realiza nuestra red, que tienen por finalidad hacer sinergias entre todos los pa\u00edses miembros con el fin de promover el cumplimiento ambiental en la regi\u00f3n, junto con identificar mejoras en nuestros procesos de fiscalizaci\u00f3n. Y que, gracias al apoyo del BID, hemos podido mantener en el tiempo y perfeccionar esta Organizaci\u00f3n. De aqu\u00ed la importancia de convocar una pr\u00f3xima reuni\u00f3n de trabajo para el mes de agosto, donde juntos revisaremos el estatus de avance del Plan Estrat\u00e9gico de la Red y c\u00f3mo este hace sinergia con los Di\u00e1logos Regionales de Pol\u00edtica de Licenciamiento y Fiscalizaci\u00f3n Ambiental y Social que promueve el BID\u201d, explic\u00f3 Pe\u00f1a.<\/p>\n<p><strong>Sobre la Red<\/strong><\/p>\n<p><strong>REDLAFICA<\/strong> es una organizaci\u00f3n integrada por instituciones p\u00fablicas que ejercen funciones de car\u00e1cter ambiental en los pa\u00edses de Argentina, Brasil, Bolivia, Colombia, Costa Rica, Chile, Ecuador, El Salvador, Guatemala, Honduras, M\u00e9xico, Panam\u00e1, Paraguay, Per\u00fa y Rep\u00fablica Dominicana, que surge con el objetivo de mejorar la fiscalizaci\u00f3n y el cumplimiento ambiental de toda la regi\u00f3n de Latinoam\u00e9rica.<\/p>\n","protected":false},"excerpt":{"rendered":"<p>Durante la reuni\u00f3n se revis\u00f3 el estatus del Plan Estrat\u00e9gico de la Red comprometida para el periodo 2022-2024. Adem\u00e1s, se cont\u00f3 en calidad de invitados a representantes de la Unidad de Soluciones Ambientales y Sociales del BID para presentar las l\u00edneas generales establecidas en el Plan de Acci\u00f3n con REDLAFICA, que se enmarca en los Di\u00e1logos <a href=\"https:\/\/portal.sma.gob.cl\/index.php\/presidencia-pro-tempore-convoco-sesion-extraordinaria-de-trabajo-con-puntos-focales-de-redlafica\/\">Leer m\u00e1s<\/a><\/p>\n","protected":false},"author":8,"featured_media":26860,"comment_status":"open","ping_status":"open","sticky":false,"template":"","format":"standard","meta":{"footnotes":""},"categories":[90,225],"tags":[],"class_list":["post-26858","post","type-post","status-publish","format-standard","has-post-thumbnail","hentry","category-comunicados-noticias","category-macrozona-centro"],"_links":{"self":[{"href":"https:\/\/portal.sma.gob.cl\/index.php\/wp-json\/wp\/v2\/posts\/26858","targetHints":{"allow":["GET"]}}],"collection":[{"href":"https:\/\/portal.sma.gob.cl\/index.php\/wp-json\/wp\/v2\/posts"}],"about":[{"href":"https:\/\/portal.sma.gob.cl\/index.php\/wp-json\/wp\/v2\/types\/post"}],"author":[{"embeddable":true,"href":"https:\/\/portal.sma.gob.cl\/index.php\/wp-json\/wp\/v2\/users\/8"}],"replies":[{"embeddable":true,"href":"https:\/\/portal.sma.gob.cl\/index.php\/wp-json\/wp\/v2\/comments?post=26858"}],"version-history":[{"count":1,"href":"https:\/\/portal.sma.gob.cl\/index.php\/wp-json\/wp\/v2\/posts\/26858\/revisions"}],"predecessor-version":[{"id":26859,"href":"https:\/\/portal.sma.gob.cl\/index.php\/wp-json\/wp\/v2\/posts\/26858\/revisions\/26859"}],"wp:featuredmedia":[{"embeddable":true,"href":"https:\/\/portal.sma.gob.cl\/index.php\/wp-json\/wp\/v2\/media\/26860"}],"wp:attachment":[{"href":"https:\/\/portal.sma.gob.cl\/index.php\/wp-json\/wp\/v2\/media?parent=26858"}],"wp:term":[{"taxonomy":"category","embeddable":true,"href":"https:\/\/portal.sma.gob.cl\/index.php\/wp-json\/wp\/v2\/categories?post=26858"},{"taxonomy":"post_tag","embeddable":true,"href":"https:\/\/portal.sma.gob.cl\/index.php\/wp-json\/wp\/v2\/tags?post=26858"}],"curies":[{"name":"wp","href":"https:\/\/api.w.org\/{rel}","templated":true}]}}