{"id":26936,"date":"2023-06-27T14:58:31","date_gmt":"2023-06-27T18:58:31","guid":{"rendered":"https:\/\/portal.sma.gob.cl\/?p=26936"},"modified":"2023-09-29T11:26:31","modified_gmt":"2023-09-29T14:26:31","slug":"fortalecer-la-fiscalizacion-para-una-mayor-vigilancia-ambiental","status":"publish","type":"post","link":"https:\/\/portal.sma.gob.cl\/index.php\/fortalecer-la-fiscalizacion-para-una-mayor-vigilancia-ambiental\/","title":{"rendered":"Fortalecer la fiscalizaci\u00f3n para una mayor vigilancia ambiental"},"content":{"rendered":"<p><strong>Por: Carolina Silva Santelices, Jefa Regional de la SMA en Valpara\u00edso.<\/strong><\/p>\n<p>Hablar de la situaci\u00f3n del territorio de Conc\u00f3n, Quintero, Puchuncav\u00ed no es f\u00e1cil. Por a\u00f1os, la comunidad ha convivido con un cord\u00f3n industrial cada vez m\u00e1s extenso y con la complejidad de que muchos de ellos trabajan directa o indirectamente en alguna de las compa\u00f1\u00edas, lo que los hace conocedores de las dificultades operacionales. Ellos mismos, por otra parte, han sido testigos, en primera persona, de las afectaciones a la salud de ni\u00f1as, ni\u00f1os y adolescentes en los colegios de la zona.<\/p>\n<p>Desde la Oficina Regional de la SMA en Valpara\u00edso estamos trabajando coordinadamente con las \u00e1reas internas de la instituci\u00f3n para agilizar y mejorar nuestros procesos de fiscalizaci\u00f3n y sanci\u00f3n. A esto se suma el esfuerzo por contar con una mayor tecnolog\u00eda: entre marzo y abril fueron instalados en el territorio nuevos instrumentos de medici\u00f3n. El objetivo es poner sobre la mesa todas las herramientas disponibles.<\/p>\n<p>A prop\u00f3sito de la Alerta Sanitaria y la Alerta Preventiva Regional, se han planteado tres ejes fundamentales en el territorio. El primero busca aumentar la presencia territorial a trav\u00e9s de las inspecciones diarias a las industrias del cord\u00f3n. Lo segundo, consiste en la revisi\u00f3n constante del cumplimiento remoto de los planes operacionales. Y, en tercer lugar, una vigilancia permanente de la calidad del aire.<\/p>\n<p>Bajo este contexto, durante las \u00faltimas semanas, personal de la oficina regional y de la Divisi\u00f3n de Fiscalizaci\u00f3n de la SMA, han apoyado el trabajo de los dos delegados exclusivos en Quintero y Puchuncav\u00ed, realizando aproximadamente de dos a tres inspecciones diarias a los Planes Operacionales de las empresas de la bah\u00eda. Esto ha permitido un mayor despliegue en las industrias, y con ello, una vigilancia superior a otros a\u00f1os.<\/p>\n<p>Quisiera destacar el compromiso que el Gobierno del Presidente Gabriel Boric ha mostrado con la zona. Hace unos d\u00edas, junto con el anuncio del Plan de 40 medidas para el territorio de Conc\u00f3n, Quintero y Puchuncav\u00ed, se inform\u00f3 la designaci\u00f3n de un \u201cCoordinador\/a Presidencial\u201d con dedicaci\u00f3n exclusiva que se encargar\u00e1 del trabajo intersectorial, pol\u00edtico y t\u00e9cnico, para cumplir con las medidas propuestas, y se anunci\u00f3 el aumento en la dotaci\u00f3n para tener m\u00e1s fiscalizadores.<\/p>\n<p>El deber es uno y es claro. La SMA ejercer\u00e1 su rol de monitorear constantemente el cumplimiento ambiental de las empresas, porque existe un bien mayor que el Estado debe garantizar: el bienestar y la salud de las personas que habitan en las comunas de Conc\u00f3n, Quintero y Puchuncav\u00ed.<\/p>\n","protected":false},"excerpt":{"rendered":"<p>Por: Carolina Silva Santelices, Jefa Regional de la SMA en Valpara\u00edso. Hablar de la situaci\u00f3n del territorio de Conc\u00f3n, Quintero, Puchuncav\u00ed no es f\u00e1cil. Por a\u00f1os, la comunidad ha convivido con un cord\u00f3n industrial cada vez m\u00e1s extenso y con la complejidad de que muchos de ellos trabajan directa o indirectamente en alguna de las compa\u00f1\u00edas, <a href=\"https:\/\/portal.sma.gob.cl\/index.php\/fortalecer-la-fiscalizacion-para-una-mayor-vigilancia-ambiental\/\">Leer m\u00e1s<\/a><\/p>\n","protected":false},"author":9,"featured_media":26902,"comment_status":"open","ping_status":"open","sticky":false,"template":"","format":"standard","meta":{"footnotes":""},"categories":[246,225],"tags":[],"class_list":["post-26936","post","type-post","status-publish","format-standard","has-post-thumbnail","hentry","category-boletin-cqp_junio2","category-macrozona-centro"],"_links":{"self":[{"href":"https:\/\/portal.sma.gob.cl\/index.php\/wp-json\/wp\/v2\/posts\/26936","targetHints":{"allow":["GET"]}}],"collection":[{"href":"https:\/\/portal.sma.gob.cl\/index.php\/wp-json\/wp\/v2\/posts"}],"about":[{"href":"https:\/\/portal.sma.gob.cl\/index.php\/wp-json\/wp\/v2\/types\/post"}],"author":[{"embeddable":true,"href":"https:\/\/portal.sma.gob.cl\/index.php\/wp-json\/wp\/v2\/users\/9"}],"replies":[{"embeddable":true,"href":"https:\/\/portal.sma.gob.cl\/index.php\/wp-json\/wp\/v2\/comments?post=26936"}],"version-history":[{"count":1,"href":"https:\/\/portal.sma.gob.cl\/index.php\/wp-json\/wp\/v2\/posts\/26936\/revisions"}],"predecessor-version":[{"id":26937,"href":"https:\/\/portal.sma.gob.cl\/index.php\/wp-json\/wp\/v2\/posts\/26936\/revisions\/26937"}],"wp:featuredmedia":[{"embeddable":true,"href":"https:\/\/portal.sma.gob.cl\/index.php\/wp-json\/wp\/v2\/media\/26902"}],"wp:attachment":[{"href":"https:\/\/portal.sma.gob.cl\/index.php\/wp-json\/wp\/v2\/media?parent=26936"}],"wp:term":[{"taxonomy":"category","embeddable":true,"href":"https:\/\/portal.sma.gob.cl\/index.php\/wp-json\/wp\/v2\/categories?post=26936"},{"taxonomy":"post_tag","embeddable":true,"href":"https:\/\/portal.sma.gob.cl\/index.php\/wp-json\/wp\/v2\/tags?post=26936"}],"curies":[{"name":"wp","href":"https:\/\/api.w.org\/{rel}","templated":true}]}}