{"id":26938,"date":"2023-06-27T14:56:42","date_gmt":"2023-06-27T18:56:42","guid":{"rendered":"https:\/\/portal.sma.gob.cl\/?p=26938"},"modified":"2023-09-29T11:31:39","modified_gmt":"2023-09-29T14:31:39","slug":"sma-refuerza-coordinacion-con-organismos-del-estado-para-mejorar-gestion-en-concon-quintero-y-puchuncavi","status":"publish","type":"post","link":"https:\/\/portal.sma.gob.cl\/index.php\/sma-refuerza-coordinacion-con-organismos-del-estado-para-mejorar-gestion-en-concon-quintero-y-puchuncavi\/","title":{"rendered":"SMA refuerza coordinaci\u00f3n con organismos del Estado para mejorar gesti\u00f3n en Conc\u00f3n, Quintero y Puchuncav\u00ed"},"content":{"rendered":"<ul>\n<li style=\"text-align: justify;\"><strong>A la participaci\u00f3n semanal en la Mesa Intersectorial Quintero-Puchuncav\u00ed, se suman las reuniones realizadas entre la Oficina Regional de la SMA con la Direcci\u00f3n Regional Valpara\u00edso de la Superintendencia de Electricidad y Combustibles (SEC) y con la Seremi de Ciencia, Tecnolog\u00eda e Innovaci\u00f3n.<\/strong><\/li>\n<\/ul>\n<p style=\"text-align: justify;\">La Oficina Regional de la SMA en Valpara\u00edso, liderada por Carolina Silva, ha desplegado una serie de acciones junto a diversos organismos del Estado, en el contexto del trabajo que se realiza en la bah\u00eda de Conc\u00f3n, Quintero y Puchuncav\u00ed, debido episodios de contaminaci\u00f3n que afectan a la zona. Parte de esto son las coordinaciones que se realizan de forma peri\u00f3dica y que buscan delinear las labores que llevar\u00e1n a cabo las instituciones en el territorio.<\/p>\n<p style=\"text-align: justify;\">Una de estas acciones permanentes es la participaci\u00f3n semanal en la Mesa Intersectorial Quintero-Puchuncav\u00ed, instancia coordinada por la Seremi de Salud de Valpara\u00edso, y que est\u00e1 integrada por los principales organismos del Estado con competencias en este territorio. Su objetivo es revisar el estatus de las actividades en torno al trabajo que se realiza en la zona.<\/p>\n<p style=\"text-align: justify;\">Junto con esto, el pasado 9 de junio se llev\u00f3 a cabo una reuni\u00f3n con el Seremi de la Macrozona Centro de Ciencia, Tecnolog\u00eda e Innovaci\u00f3n, Jorge Soto, quien lidera las regiones de Coquimbo y de Valpara\u00edso de dicha cartera. La actividad tuvo por objeto abordar posibles iniciativas -desde la perspectiva cient\u00edfica- que puedan ser aplicadas en el territorio de forma sin\u00e9rgica con el rol que ejerce la SMA.<\/p>\n<p style=\"text-align: justify;\">Adem\u00e1s, se realiz\u00f3 un encuentro con el director regional de Coquimbo y Valpara\u00edso de la Superintendencia de Electricidad y Combustibles (SEC), Patricio Vel\u00e1squez. En la oportunidad, se analizaron las competencias de cada organismo en la zona, y se revis\u00f3 la programaci\u00f3n y subprogramaci\u00f3n de actividades de fiscalizaci\u00f3n que ambas entidades llevan a cabo. Por otra parte, se examinaron otras materias como el est\u00e1ndar en los estanques de combustibles.<\/p>\n<p style=\"text-align: justify;\">Estas reuniones permiten a la Superintendencia del Medio Ambiente tener una mirada global del \u00e1mbito de gesti\u00f3n que despliegan todos los organismos del Estado con competencia en las bah\u00edas de Conc\u00f3n, Quintero y Puchuncav\u00ed. Esto busca poder identificar acciones oportunas y eficientes para los habitantes de este territorio del pa\u00eds, que forma parte de las prioridades de la SMA.<\/p>\n","protected":false},"excerpt":{"rendered":"<p>A la participaci\u00f3n semanal en la Mesa Intersectorial Quintero-Puchuncav\u00ed, se suman las reuniones realizadas entre la Oficina Regional de la SMA con la Direcci\u00f3n Regional Valpara\u00edso de la Superintendencia de Electricidad y Combustibles (SEC) y con la Seremi de Ciencia, Tecnolog\u00eda e Innovaci\u00f3n. La Oficina Regional de la SMA en Valpara\u00edso, liderada por Carolina Silva, ha <a href=\"https:\/\/portal.sma.gob.cl\/index.php\/sma-refuerza-coordinacion-con-organismos-del-estado-para-mejorar-gestion-en-concon-quintero-y-puchuncavi\/\">Leer m\u00e1s<\/a><\/p>\n","protected":false},"author":9,"featured_media":26950,"comment_status":"open","ping_status":"open","sticky":false,"template":"","format":"standard","meta":{"footnotes":""},"categories":[246,225],"tags":[],"class_list":["post-26938","post","type-post","status-publish","format-standard","has-post-thumbnail","hentry","category-boletin-cqp_junio2","category-macrozona-centro"],"_links":{"self":[{"href":"https:\/\/portal.sma.gob.cl\/index.php\/wp-json\/wp\/v2\/posts\/26938","targetHints":{"allow":["GET"]}}],"collection":[{"href":"https:\/\/portal.sma.gob.cl\/index.php\/wp-json\/wp\/v2\/posts"}],"about":[{"href":"https:\/\/portal.sma.gob.cl\/index.php\/wp-json\/wp\/v2\/types\/post"}],"author":[{"embeddable":true,"href":"https:\/\/portal.sma.gob.cl\/index.php\/wp-json\/wp\/v2\/users\/9"}],"replies":[{"embeddable":true,"href":"https:\/\/portal.sma.gob.cl\/index.php\/wp-json\/wp\/v2\/comments?post=26938"}],"version-history":[{"count":3,"href":"https:\/\/portal.sma.gob.cl\/index.php\/wp-json\/wp\/v2\/posts\/26938\/revisions"}],"predecessor-version":[{"id":26956,"href":"https:\/\/portal.sma.gob.cl\/index.php\/wp-json\/wp\/v2\/posts\/26938\/revisions\/26956"}],"wp:featuredmedia":[{"embeddable":true,"href":"https:\/\/portal.sma.gob.cl\/index.php\/wp-json\/wp\/v2\/media\/26950"}],"wp:attachment":[{"href":"https:\/\/portal.sma.gob.cl\/index.php\/wp-json\/wp\/v2\/media?parent=26938"}],"wp:term":[{"taxonomy":"category","embeddable":true,"href":"https:\/\/portal.sma.gob.cl\/index.php\/wp-json\/wp\/v2\/categories?post=26938"},{"taxonomy":"post_tag","embeddable":true,"href":"https:\/\/portal.sma.gob.cl\/index.php\/wp-json\/wp\/v2\/tags?post=26938"}],"curies":[{"name":"wp","href":"https:\/\/api.w.org\/{rel}","templated":true}]}}