{"id":27007,"date":"2023-06-29T13:06:45","date_gmt":"2023-06-29T17:06:45","guid":{"rendered":"https:\/\/portal.sma.gob.cl\/?p=27007"},"modified":"2023-06-29T17:00:27","modified_gmt":"2023-06-29T21:00:27","slug":"sma-formula-cargo-grave-contra-enap-por-superar-limite-de-emisiones-establecido-en-el-plan-de-descontaminacion-de-concon-quintero-y-puchuncavi","status":"publish","type":"post","link":"https:\/\/portal.sma.gob.cl\/index.php\/sma-formula-cargo-grave-contra-enap-por-superar-limite-de-emisiones-establecido-en-el-plan-de-descontaminacion-de-concon-quintero-y-puchuncavi\/","title":{"rendered":"SMA formula cargo grave contra ENAP por superar l\u00edmite de emisiones establecido en el Plan de Descontaminaci\u00f3n de Conc\u00f3n, Quintero y Puchuncav\u00ed"},"content":{"rendered":"<ul>\n<li><strong>Tras realizar la evaluaci\u00f3n anual de las emisiones m\u00e1ximas permitidas para la instalaci\u00f3n, se concluy\u00f3 que la refiner\u00eda sobrepas\u00f3 los l\u00edmites establecidos para Material Particulado y <\/strong><strong>SO<sub>2<\/sub><\/strong><sub>, <\/sub><strong>para el a\u00f1o 2022.<\/strong><\/li>\n<\/ul>\n<p><!--more--><\/p>\n<p><strong>Valpara\u00edso, 29 de junio de 2023.<\/strong> La Superintendencia del Medio Ambiente (SMA) inici\u00f3 un procedimiento sancionatorio contra Enap Refiner\u00edas S.A., titular del complejo industrial \u201cENAP Refiner\u00edas Aconcagua\u201d, que se compone de los establecimientos denominados \u201cENAP Refiner\u00eda Conc\u00f3n\u201d; \u201cTerminal Mar\u00edtimo Quintero\u201d y; \u201cCentral Combinada ERA\u201d, todas sujetas a las obligaciones establecidas en el Plan de Prevenci\u00f3n y Descontaminaci\u00f3n de Conc\u00f3n Quintero y Puchuncav\u00ed (PPDA CQP).<\/p>\n<p>A la empresa estatal se le imputa haber superado las emisiones m\u00e1ximas permitidas de Material Particulado (MP) y Di\u00f3xido de Azufre (SO<sub>2<\/sub>) durante el a\u00f1o 2022, que corresponde al tercer a\u00f1o del PPDA. Cabe indicar que el 30 de marzo del a\u00f1o pasado entraron en vigencia -tal como est\u00e1 establecido en el PPDA- medidas m\u00e1s estrictas para el l\u00edmite de emisiones de esta fuente del cord\u00f3n industrial de la bah\u00eda.<\/p>\n<p>La fiscalizaci\u00f3n de la SMA consisti\u00f3 en el an\u00e1lisis de los antecedentes presentados por ENAP en el marco del cumplimiento del art\u00edculo 19\u00b0 del PPDA CQP. Dicho art\u00edculo se\u00f1ala que el titular deber\u00e1 entregar a la SMA, en enero de cada a\u00f1o, un informe que d\u00e9 cuenta del cumplimiento de las obligaciones establecidas en los art\u00edculos 15,16 y 17 del Plan -con todos los datos del a\u00f1o calendario anterior- en relaci\u00f3n a las emisiones m\u00e1ximas permitidas, la eficiencia de recuperaci\u00f3n de azufre y el monitoreo continuo de emisiones.<\/p>\n<p>El art\u00edculo 15 del PPDA CQP estableci\u00f3 el l\u00edmite de emisiones de material particulado (MP), SO<sub>2 y\u00a0 <\/sub>NOx para Enap Refiner\u00eda Aconcagua y fij\u00f3 una reducci\u00f3n en las emisiones a partir del 30 de marzo de 2022. En raz\u00f3n de lo anterior, durante el a\u00f1o pasado se midieron los l\u00edmites considerando dos periodos distintos: el primero desde el 1 al 29 de marzo, con l\u00edmites de emisi\u00f3n de 918 ton\/a\u00f1o para MP y 1.492 ton\/a\u00f1o para SO<sub>2<\/sub>; y un segundo periodo entre el 30 de marzo y el 31 de diciembre, con l\u00edmites de emisi\u00f3n de 230 ton\/a\u00f1o para MP y 1.145 ton\/a\u00f1o para SO<sub>2<\/sub>.<\/p>\n<p>Tras el an\u00e1lisis realizado a los datos reportados por Enap \u2014que re\u00fanen un total de 51 fuentes emisoras en la bah\u00eda\u2014, se concluy\u00f3 que en el primer per\u00edodo la empresa cumpli\u00f3 con el l\u00edmite de emisiones para MP y SO<sub>2<\/sub>. No obstante, en el segundo per\u00edodo, incumpli\u00f3 el l\u00edmite m\u00e1ximo, con una excedencia de 145 toneladas para MP y 15 toneladas de SO<sub>2<\/sub>.<\/p>\n<p>\u201cPreliminarmente, este cargo se ha clasificado como grave, pues afecta negativamente el cumplimiento de las metas y medidas del Plan de Descontaminaci\u00f3n de la zona por aumentar las emisiones proyectadas para el a\u00f1o 2022. Lo anterior, especialmente considerando que ENAP Refiner\u00edas Aconcagua corresponde a una de las tres grandes fuentes emisoras que representan los principales aportes de contaminantes atmosf\u00e9ricos, como el SO<sub>2<\/sub>, NOx y MP, en la zona regulada por dicho PDA\u201d, explica la Superintendenta del Medio Ambiente, Marie Claude Plumer.<\/p>\n<p>La infracci\u00f3n, al ser clasificada como grave, hace que la Refiner\u00eda arriesgue una sanci\u00f3n de hasta 5.000 UTA, equivalente a m\u00e1s $3.795 millones de pesos. Tras la formulaci\u00f3n de cargos, la empresa tiene 15 d\u00edas para presentar sus descargos, o bien, 10 d\u00edas para presentar un Programa de Cumplimiento ante la SMA.<\/p>\n<blockquote><p>M\u00e1s informaci\u00f3n en <a href=\"https:\/\/snifa.sma.gob.cl\/Sancionatorio\/Ficha\/3355\">SNIFA &#8211; Sistema Nacional de Informaci\u00f3n de Fiscalizaci\u00f3n Ambiental (sma.gob.cl)<\/a><\/p><\/blockquote>\n","protected":false},"excerpt":{"rendered":"<p>Tras realizar la evaluaci\u00f3n anual de las emisiones m\u00e1ximas permitidas para la instalaci\u00f3n, se concluy\u00f3 que la refiner\u00eda sobrepas\u00f3 los l\u00edmites establecidos para Material Particulado y SO2, para el a\u00f1o 2022.<\/p>\n","protected":false},"author":9,"featured_media":27009,"comment_status":"open","ping_status":"open","sticky":false,"template":"","format":"standard","meta":{"footnotes":""},"categories":[90,107,225],"tags":[],"class_list":["post-27007","post","type-post","status-publish","format-standard","has-post-thumbnail","hentry","category-comunicados-noticias","category-destacado","category-macrozona-centro"],"_links":{"self":[{"href":"https:\/\/portal.sma.gob.cl\/index.php\/wp-json\/wp\/v2\/posts\/27007","targetHints":{"allow":["GET"]}}],"collection":[{"href":"https:\/\/portal.sma.gob.cl\/index.php\/wp-json\/wp\/v2\/posts"}],"about":[{"href":"https:\/\/portal.sma.gob.cl\/index.php\/wp-json\/wp\/v2\/types\/post"}],"author":[{"embeddable":true,"href":"https:\/\/portal.sma.gob.cl\/index.php\/wp-json\/wp\/v2\/users\/9"}],"replies":[{"embeddable":true,"href":"https:\/\/portal.sma.gob.cl\/index.php\/wp-json\/wp\/v2\/comments?post=27007"}],"version-history":[{"count":1,"href":"https:\/\/portal.sma.gob.cl\/index.php\/wp-json\/wp\/v2\/posts\/27007\/revisions"}],"predecessor-version":[{"id":27008,"href":"https:\/\/portal.sma.gob.cl\/index.php\/wp-json\/wp\/v2\/posts\/27007\/revisions\/27008"}],"wp:featuredmedia":[{"embeddable":true,"href":"https:\/\/portal.sma.gob.cl\/index.php\/wp-json\/wp\/v2\/media\/27009"}],"wp:attachment":[{"href":"https:\/\/portal.sma.gob.cl\/index.php\/wp-json\/wp\/v2\/media?parent=27007"}],"wp:term":[{"taxonomy":"category","embeddable":true,"href":"https:\/\/portal.sma.gob.cl\/index.php\/wp-json\/wp\/v2\/categories?post=27007"},{"taxonomy":"post_tag","embeddable":true,"href":"https:\/\/portal.sma.gob.cl\/index.php\/wp-json\/wp\/v2\/tags?post=27007"}],"curies":[{"name":"wp","href":"https:\/\/api.w.org\/{rel}","templated":true}]}}