{"id":27015,"date":"2023-06-29T17:33:08","date_gmt":"2023-06-29T21:33:08","guid":{"rendered":"https:\/\/portal.sma.gob.cl\/?p=27015"},"modified":"2023-06-29T17:33:08","modified_gmt":"2023-06-29T21:33:08","slug":"superintendencia-del-medio-ambiente-participo-en-la-tercera-evaluacion-de-desempeno-ambiental-de-la-ocde","status":"publish","type":"post","link":"https:\/\/portal.sma.gob.cl\/index.php\/superintendencia-del-medio-ambiente-participo-en-la-tercera-evaluacion-de-desempeno-ambiental-de-la-ocde\/","title":{"rendered":"Superintendencia del Medio Ambiente particip\u00f3 en la tercera Evaluaci\u00f3n de Desempe\u00f1o Ambiental de la OCDE"},"content":{"rendered":"<p><strong>Reuniones entre autoridades locales y delegados de la OCDE se mantuvieron durante toda la semana para analizar el escenario ambiental. El resultado final se dar\u00e1 a conocer en enero de 2024, en Par\u00eds. <\/strong><\/p>\n<p><strong>Santiago, 29 de junio de 2023.-<\/strong> Entre el 27 y 30 de junio, expertas y expertos de la delegaci\u00f3n de la Organizaci\u00f3n para la Cooperaci\u00f3n y Desarrollo Econ\u00f3mico (OCDE) llegaron a Chile para realizar la tercera Evaluaci\u00f3n de Desempe\u00f1o Ambiental (EDA), instancia en que se examina la visi\u00f3n estrat\u00e9gica, avances y desaf\u00edos que tiene el pa\u00eds en esta materia. Este a\u00f1o, la EDA est\u00e1 enfocada en el crecimiento verde y pol\u00edticas de gesti\u00f3n h\u00eddrica.<\/p>\n<p>Dichas reuniones de alto nivel fueron lideradas por el Ministerio del Medio Ambiente (MMA), y a trav\u00e9s de encuentros con las autoridades locales, incluyendo a la Superintendencia del Medio Ambiente (SMA), la OCDE analiz\u00f3 el desempe\u00f1o de Chile, con el objetivo de entregar recomendaciones posteriores que ayuden a generar pol\u00edticas p\u00fablicas con visi\u00f3n a futuro.<\/p>\n<p>En esa l\u00ednea, el subsecretario del Medio Ambiente, Maximiliano Proa\u00f1o; la directora ejecutiva del Servicio de Evaluaci\u00f3n Ambiental, Valentina Dur\u00e1n; y la Superintendenta del Medio Ambiente, Marie Claude Plumer, presentaron las principales acciones de las pol\u00edticas nacionales ambientales ante la delegaci\u00f3n.<\/p>\n<p>La Superintendenta Plumer se\u00f1al\u00f3 que \u201cesta instituci\u00f3n busca priorizar las unidades a fiscalizar en funci\u00f3n del riesgo ambiental, y con ello, ir ampliando la cobertura de acci\u00f3n que tiene la instituci\u00f3n, con un enfoque ciudadano, una aproximaci\u00f3n territorial, m\u00e1s trabajo colaborativo y mejora a las herramientas tecnol\u00f3gicas\u201d.<\/p>\n<p>Entre las acciones que la SMA ha trabajado hacia la comunidad, desde su rol fiscalizador y sancionatorio, destaca la creaci\u00f3n del Portal Ciudadano online, generando un acceso universal a la ciudadan\u00eda para ingresar denuncias. Aquello tuvo una respuesta inmediata en la comunidad, ya que las denuncias ingresadas a la SMA se triplicaron entre 2020 y 2021, y creciendo a\u00f1o a a\u00f1o.<\/p>\n<p>Tambi\u00e9n se ha logrado una mayor sistematizaci\u00f3n de los procedimientos sancionatorios, tem\u00e1ticas masivas en proceso de mejora respecto a ruidos y RILes. A lo anterior, se suma la creaci\u00f3n de delegaciones exclusivas a lo largo del pa\u00eds que complementan la presencia de las 16 oficinas regionales y ayudan a llegar a comunidades de menor acceso.<\/p>\n<p>\u201cEntre los desaf\u00edos primordiales\u201d, agreg\u00f3 la Superintendenta Plumer, \u201cest\u00e1 el dise\u00f1ar estrategias que permitan disminuir tiempos de respuesta sancionatoria frente a la presencia de incumplimientos, as\u00ed como tambi\u00e9n, incentivar la asistencia al cumplimiento ambiental\u201d.<\/p>\n<p>Las recomendaciones finales ser\u00e1n presentadas en enero de 2024 por el Grupo de Trabajo de Desempe\u00f1o Ambiental, en la sede de la OCDE en Par\u00eds, Francia, y luego ser\u00e1n enviadas a nuestro pa\u00eds.<\/p>\n","protected":false},"excerpt":{"rendered":"<p>Reuniones entre autoridades locales y delegados de la OCDE se mantuvieron durante toda la semana para analizar el escenario ambiental. El resultado final se dar\u00e1 a conocer en enero de 2024, en Par\u00eds. Santiago, 29 de junio de 2023.- Entre el 27 y 30 de junio, expertas y expertos de la delegaci\u00f3n de la Organizaci\u00f3n para <a href=\"https:\/\/portal.sma.gob.cl\/index.php\/superintendencia-del-medio-ambiente-participo-en-la-tercera-evaluacion-de-desempeno-ambiental-de-la-ocde\/\">Leer m\u00e1s<\/a><\/p>\n","protected":false},"author":8,"featured_media":27017,"comment_status":"open","ping_status":"open","sticky":false,"template":"","format":"standard","meta":{"footnotes":""},"categories":[90,225],"tags":[],"class_list":["post-27015","post","type-post","status-publish","format-standard","has-post-thumbnail","hentry","category-comunicados-noticias","category-macrozona-centro"],"_links":{"self":[{"href":"https:\/\/portal.sma.gob.cl\/index.php\/wp-json\/wp\/v2\/posts\/27015","targetHints":{"allow":["GET"]}}],"collection":[{"href":"https:\/\/portal.sma.gob.cl\/index.php\/wp-json\/wp\/v2\/posts"}],"about":[{"href":"https:\/\/portal.sma.gob.cl\/index.php\/wp-json\/wp\/v2\/types\/post"}],"author":[{"embeddable":true,"href":"https:\/\/portal.sma.gob.cl\/index.php\/wp-json\/wp\/v2\/users\/8"}],"replies":[{"embeddable":true,"href":"https:\/\/portal.sma.gob.cl\/index.php\/wp-json\/wp\/v2\/comments?post=27015"}],"version-history":[{"count":1,"href":"https:\/\/portal.sma.gob.cl\/index.php\/wp-json\/wp\/v2\/posts\/27015\/revisions"}],"predecessor-version":[{"id":27016,"href":"https:\/\/portal.sma.gob.cl\/index.php\/wp-json\/wp\/v2\/posts\/27015\/revisions\/27016"}],"wp:featuredmedia":[{"embeddable":true,"href":"https:\/\/portal.sma.gob.cl\/index.php\/wp-json\/wp\/v2\/media\/27017"}],"wp:attachment":[{"href":"https:\/\/portal.sma.gob.cl\/index.php\/wp-json\/wp\/v2\/media?parent=27015"}],"wp:term":[{"taxonomy":"category","embeddable":true,"href":"https:\/\/portal.sma.gob.cl\/index.php\/wp-json\/wp\/v2\/categories?post=27015"},{"taxonomy":"post_tag","embeddable":true,"href":"https:\/\/portal.sma.gob.cl\/index.php\/wp-json\/wp\/v2\/tags?post=27015"}],"curies":[{"name":"wp","href":"https:\/\/api.w.org\/{rel}","templated":true}]}}