{"id":27055,"date":"2023-07-05T15:58:28","date_gmt":"2023-07-05T19:58:28","guid":{"rendered":"https:\/\/portal.sma.gob.cl\/?p=27055"},"modified":"2023-07-05T15:58:28","modified_gmt":"2023-07-05T19:58:28","slug":"ministra-rojas-y-superintendenta-plumer-visitan-laboratorio-de-la-sma-encargado-de-analizar-la-calidad-del-aire-en-concon-quintero-y-puchuncavi","status":"publish","type":"post","link":"https:\/\/portal.sma.gob.cl\/index.php\/ministra-rojas-y-superintendenta-plumer-visitan-laboratorio-de-la-sma-encargado-de-analizar-la-calidad-del-aire-en-concon-quintero-y-puchuncavi\/","title":{"rendered":"Ministra Rojas y Superintendenta Plumer visitan Laboratorio de la SMA, encargado de analizar la calidad del aire en Conc\u00f3n, Quintero y Puchuncav\u00ed"},"content":{"rendered":"<ul>\n<li><em>\u00a0<\/em><strong><em>El trabajo del Laboratorio est\u00e1 orientado en la determinaci\u00f3n de Compuestos Org\u00e1nicos Vol\u00e1tiles, especialmente Benceno, Tolueno, Etilbenceno, Xilenos y otros compuestos de la matriz aire.<\/em><\/strong><\/li>\n<li><strong><em>Durante la visita, las autoridades recorrieron distintas \u00e1reas del recinto, entre ellas, la sala de preparaci\u00f3n del material de muestreo, la sala de an\u00e1lisis de las muestras y la sala donde se realiza el control operacional de los equipos Pyxis, que est\u00e1n instalados en la zona. <\/em><\/strong><\/li>\n<\/ul>\n<p><strong>Santiago, 5 de julio de 2023.-<\/strong> Con el objetivo de conocer c\u00f3mo se realiza el an\u00e1lisis de muestras de aire provenientes de Conc\u00f3n, Quintero y Puchuncav\u00ed, es que hoy la ministra del Medio Ambiente, Maisa Rojas, y la Superintendenta del Medio Ambiente, Marie Claude Plumer, visitaron el laboratorio de la SMA, que cuenta con equipos especializados para identificar la presencia de compuestos y contaminantes ambientales espec\u00edficos.<\/p>\n<p>En la actualidad, el Laboratorio de la Superintendencia -que se cre\u00f3 a ra\u00edz de la crisis ambiental ocurrida en la zona durante el a\u00f1o 2018- tiene sus esfuerzos centrados en la determinaci\u00f3n de Compuestos Org\u00e1nicos Vol\u00e1tiles (COVs) como Benceno, Tolueno, Etilbenceno, Xilenos (BTEX) y otros compuestos de la matriz aire. Esto ocurre de manera constante, pero el trabajo es intensificado en periodos de emergencia.<\/p>\n<p>Durante la visita, la secretaria de Estado y la m\u00e1xima autoridad de la SMA, recorrieron distintas \u00e1reas como la sala de preparaci\u00f3n de material de muestreo -donde se controlan los distintos dispositivos usados en terreno-, la sala de acondicionamiento y limpieza del material -proceso clave previo al muestreo-, la sala de an\u00e1lisis instrumental de cromatograf\u00eda con espectrometr\u00eda de masas, y la sala de monitoreo y control en l\u00ednea de los datos generados por los equipos Pyxis, que fueron instalados en marzo de este a\u00f1o en puntos estrat\u00e9gicos de Conc\u00f3n, Quintero y Puchuncav\u00ed.<\/p>\n<p>Es importante indicar que el laboratorio lleva a cabo el an\u00e1lisis de m\u00e1s de 50 muestras mensuales para establecer la presencia de BTEX y otros COVs que provienen del plan anual de muestro de aire, que es realizado con tubos pasivos y que est\u00e1 compuesto de 24 puntos de muestreo en la zona. Adem\u00e1s, lleva el control metrol\u00f3gico de siete equipos Pyxis y de una estaci\u00f3n m\u00f3vil de calidad del aire para la medici\u00f3n de SO2\/H2S.<\/p>\n<p>Para asegurar la confiabilidad t\u00e9cnica de los resultados, especialistas del Laboratorio realizan inspecciones semanales a los lugares donde est\u00e1n instalados los equipos y as\u00ed ejecutar el control operacional, verificaciones, calibraciones y mantenimientos que correspondan.<\/p>\n<p>En el lugar, la ministra Rojas se\u00f1al\u00f3 que \u201cse trat\u00f3 de una visita muy interesante. Este Laboratorio tiene como principal tarea realizar el an\u00e1lisis de la calidad del aire, especialmente de COVs, en la zona de Conc\u00f3n, Quintero y Puchuncav\u00ed, territorios que han sido priorizado para esta administraci\u00f3n. Pude conocer el proceso y las distintas formas que tenemos para medir los compuestos, observar c\u00f3mo funcionan los tubos, los canister, los pyxis y los cromat\u00f3grafos\u201d. Junto con lo anterior, agreg\u00f3 que \u201ctodo esto nos permitir\u00e1 implementar la norma de Benceno que est\u00e1 vigente de mayo de este a\u00f1o. Ac\u00e1 se est\u00e1 haciendo un trabajo tremendamente relevante\u201d.<\/p>\n<p>Por su parte, la Superintendenta Marie Claude Plumer agreg\u00f3 que \u201cestamos muy contentos de haber recibido a la primera ministra en visitar el Laboratorio de la SMA, el cual, cumple un rol fundamental para el an\u00e1lisis de datos, en particular asociados al territorio de Conc\u00f3n, Quintero y Puchuncav\u00ed. En este sentido, la importancia del laboratorio es crucial para el levantamiento y seriedad del dato\u201d. \u201cLa informaci\u00f3n, como sabemos, es un elemento sustantivo para la mejor toma de decisiones. Y esta visita viene a ser un respaldo para el funcionamiento del Laboratorio y al trabajo que se ha estado realizando en la Superintendencia\u201d, a\u00f1adi\u00f3.<\/p>\n","protected":false},"excerpt":{"rendered":"<p>\u00a0El trabajo del Laboratorio est\u00e1 orientado en la determinaci\u00f3n de Compuestos Org\u00e1nicos Vol\u00e1tiles, especialmente Benceno, Tolueno, Etilbenceno, Xilenos y otros compuestos de la matriz aire. Durante la visita, las autoridades recorrieron distintas \u00e1reas del recinto, entre ellas, la sala de preparaci\u00f3n del material de muestreo, la sala de an\u00e1lisis de las muestras y la sala donde <a href=\"https:\/\/portal.sma.gob.cl\/index.php\/ministra-rojas-y-superintendenta-plumer-visitan-laboratorio-de-la-sma-encargado-de-analizar-la-calidad-del-aire-en-concon-quintero-y-puchuncavi\/\">Leer m\u00e1s<\/a><\/p>\n","protected":false},"author":8,"featured_media":27057,"comment_status":"open","ping_status":"open","sticky":false,"template":"","format":"standard","meta":{"footnotes":""},"categories":[90,107,225],"tags":[],"class_list":["post-27055","post","type-post","status-publish","format-standard","has-post-thumbnail","hentry","category-comunicados-noticias","category-destacado","category-macrozona-centro"],"_links":{"self":[{"href":"https:\/\/portal.sma.gob.cl\/index.php\/wp-json\/wp\/v2\/posts\/27055","targetHints":{"allow":["GET"]}}],"collection":[{"href":"https:\/\/portal.sma.gob.cl\/index.php\/wp-json\/wp\/v2\/posts"}],"about":[{"href":"https:\/\/portal.sma.gob.cl\/index.php\/wp-json\/wp\/v2\/types\/post"}],"author":[{"embeddable":true,"href":"https:\/\/portal.sma.gob.cl\/index.php\/wp-json\/wp\/v2\/users\/8"}],"replies":[{"embeddable":true,"href":"https:\/\/portal.sma.gob.cl\/index.php\/wp-json\/wp\/v2\/comments?post=27055"}],"version-history":[{"count":1,"href":"https:\/\/portal.sma.gob.cl\/index.php\/wp-json\/wp\/v2\/posts\/27055\/revisions"}],"predecessor-version":[{"id":27056,"href":"https:\/\/portal.sma.gob.cl\/index.php\/wp-json\/wp\/v2\/posts\/27055\/revisions\/27056"}],"wp:featuredmedia":[{"embeddable":true,"href":"https:\/\/portal.sma.gob.cl\/index.php\/wp-json\/wp\/v2\/media\/27057"}],"wp:attachment":[{"href":"https:\/\/portal.sma.gob.cl\/index.php\/wp-json\/wp\/v2\/media?parent=27055"}],"wp:term":[{"taxonomy":"category","embeddable":true,"href":"https:\/\/portal.sma.gob.cl\/index.php\/wp-json\/wp\/v2\/categories?post=27055"},{"taxonomy":"post_tag","embeddable":true,"href":"https:\/\/portal.sma.gob.cl\/index.php\/wp-json\/wp\/v2\/tags?post=27055"}],"curies":[{"name":"wp","href":"https:\/\/api.w.org\/{rel}","templated":true}]}}