{"id":27061,"date":"2023-07-07T17:29:15","date_gmt":"2023-07-07T21:29:15","guid":{"rendered":"https:\/\/portal.sma.gob.cl\/?p=27061"},"modified":"2023-07-07T17:29:27","modified_gmt":"2023-07-07T21:29:27","slug":"consejo-de-ministros-para-la-sustentabilidad-aprueba-proyecto-de-reforma-a-la-ley-organica-de-la-sma","status":"publish","type":"post","link":"https:\/\/portal.sma.gob.cl\/index.php\/consejo-de-ministros-para-la-sustentabilidad-aprueba-proyecto-de-reforma-a-la-ley-organica-de-la-sma\/","title":{"rendered":"Consejo de Ministros para la Sustentabilidad y el Cambio Clim\u00e1tico aprueba proyecto de reforma a la Ley Org\u00e1nica de la SMA"},"content":{"rendered":"<ul>\n<li><strong><em>Este viernes, la instancia que es presidida por la ministra de Medio Ambiente y que re\u00fane a los titulares de las carteras de Agricultura, Hacienda, Salud, Econom\u00eda, Energ\u00eda, Obras P\u00fablicas, Vivienda, Transportes, Miner\u00eda, Desarrollo Social, Educaci\u00f3n y Ciencias, se mostr\u00f3 a favor de la iniciativa que busca reformar el marco normativo de la instituci\u00f3n. <\/em><\/strong><\/li>\n<\/ul>\n<p><strong>Santiago, 7 de julio de 2023.-<\/strong> A 13 a\u00f1os desde la creaci\u00f3n de la Superintendencia del Medio Ambiente (SMA), el Consejo de Ministros para la Sustentabilidad y el Cambio Clim\u00e1tico, aprob\u00f3 hoy de forma un\u00e1nime el proyecto de reforma a la Ley Org\u00e1nica de la instituci\u00f3n (LOSMA), que establece su marco normativo. Con este pronunciamiento, el proyecto de ley cumple con los requisitos establecidos en la Ley 19.300 y, por tanto, est\u00e1 en condiciones de ser remitido al Presidente de la Rep\u00fablica para su consideraci\u00f3n y tramitaci\u00f3n posterior ante el Congreso Nacional.<\/p>\n<p>La reforma -que se basa en seis pilares- tiene como objetivo fortalecer las funciones de fiscalizaci\u00f3n y sanci\u00f3n de la SMA, corregir aspectos clave y adaptar al Servicio a nuevas \u00e1reas de intervenci\u00f3n, como la Ley REP e impuestos verdes, entre otros.<\/p>\n<p>El primer pilar tiene relaci\u00f3n con los instrumentos de incentivo al cumplimiento y aborda materias como la Autodenuncia, Programas de Cumplimiento y Planes de Reparaci\u00f3n, donde se realizar\u00e1n ajustes para promover su uso y asegurar su finalidad, eliminando desviaciones actuales.<\/p>\n<p>Como segundo pilar se encuentran los mecanismos de v\u00edas alternativas de cumplimiento -que proceder\u00e1 en casos de infracciones menores y cuando no exista afectaci\u00f3n al medioambiente o la salud de las personas- y de fiscalizaci\u00f3n -que dar\u00e1 facultades a los fiscalizadores, previa autorizaci\u00f3n del Tribunal Ambiental, para incautar toda clase de objetos y documentos, cuando estos sean esenciales para el \u00e9xito de la investigaci\u00f3n-.<\/p>\n<p>En un tercer aspecto, se hacen ajustes a los procedimientos sancionatorios, a la calificaci\u00f3n de gravedad y al monto de las sanciones. Ac\u00e1 se incluye, entre otros temas, el procedimiento simplificado para las infracciones leves; pasan a ser sanciones grav\u00edsimas todas las infracciones que impliquen da\u00f1o ambiental y toda elusi\u00f3n al Sistema de Evaluaci\u00f3n de Impacto Ambiental (SEIA). En cuanto a las multas, el monto m\u00e1ximo para las infracciones grav\u00edsimas se aumenta de 10 mil a 20 mil UTAs, y para las graves de 5 mil a 10 mil UTAs.<\/p>\n<p>Por otra parte, la iniciativa busca aumentar las potestades de intervenci\u00f3n frente a riesgos ambientales. Esto significa que se ampl\u00edan las Medidas Urgentes y Transitorias (MUT) en los casos que una actividad no regulada por un instrumento de car\u00e1cter ambiental genere un riesgo inminente o da\u00f1o al medioambiente o a la salud de las personas. Junto con esto, se ampl\u00edan a los casos de elusi\u00f3n al Sistema de Evaluaci\u00f3n de Impacto Ambiental (SEIA).<\/p>\n<p>En cuanto a las denuncias, la reforma agiliza la tramitaci\u00f3n, dando un plazo de 10 d\u00edas a la Superintendencia del Medio Ambiente para informar acerca de la admisibilidad, y 90 d\u00edas para entregar los resultados y\/o actividades de fiscalizaciones que hayan sido ordenados. Tambi\u00e9n, se admitir\u00e1 la denuncia an\u00f3nima y se reconoce la denuncia digital.<\/p>\n<p>Entre otras modificaciones, se reconoce la competencia de las municipalidades para fiscalizar la Norma de Emisi\u00f3n de Ruidos, cuando los proyectos o actividades no cuenten con una Resoluci\u00f3n de Calificaci\u00f3n Ambiental (RCA).<\/p>\n<p>Tras aprobado el proyecto, la Superintendenta Marie Claude Plumer, expres\u00f3 que \u201cse trata de una muy buena noticia. Esta reforma busca fortalecer la institucionalidad fiscalizadora existente, a trav\u00e9s de herramientas que permitir\u00e1n un actuar m\u00e1s eficiente y eficaz\u201d. Por otra parte, agreg\u00f3 que \u201ceste modelo busca agilizar la toma de decisiones fijando reglas claras para todos los interesados y cumplir con el objetivo de proteger el medioambiente y garantizar el derecho de las personas de vivir en un ambiente libre de contaminaci\u00f3n, a trav\u00e9s de asegurar el cumplimiento ambiental\u201d.<\/p>\n","protected":false},"excerpt":{"rendered":"<p>Este viernes, la instancia que es presidida por la ministra de Medio Ambiente y que re\u00fane a los titulares de las carteras de Agricultura, Hacienda, Salud, Econom\u00eda, Energ\u00eda, Obras P\u00fablicas, Vivienda, Transportes, Miner\u00eda, Desarrollo Social, Educaci\u00f3n y Ciencias, se mostr\u00f3 a favor de la iniciativa que busca reformar el marco normativo de la instituci\u00f3n. Santiago, 7 <a href=\"https:\/\/portal.sma.gob.cl\/index.php\/consejo-de-ministros-para-la-sustentabilidad-aprueba-proyecto-de-reforma-a-la-ley-organica-de-la-sma\/\">Leer m\u00e1s<\/a><\/p>\n","protected":false},"author":8,"featured_media":27066,"comment_status":"open","ping_status":"open","sticky":false,"template":"","format":"standard","meta":{"footnotes":""},"categories":[107,225],"tags":[],"class_list":["post-27061","post","type-post","status-publish","format-standard","has-post-thumbnail","hentry","category-destacado","category-macrozona-centro"],"_links":{"self":[{"href":"https:\/\/portal.sma.gob.cl\/index.php\/wp-json\/wp\/v2\/posts\/27061","targetHints":{"allow":["GET"]}}],"collection":[{"href":"https:\/\/portal.sma.gob.cl\/index.php\/wp-json\/wp\/v2\/posts"}],"about":[{"href":"https:\/\/portal.sma.gob.cl\/index.php\/wp-json\/wp\/v2\/types\/post"}],"author":[{"embeddable":true,"href":"https:\/\/portal.sma.gob.cl\/index.php\/wp-json\/wp\/v2\/users\/8"}],"replies":[{"embeddable":true,"href":"https:\/\/portal.sma.gob.cl\/index.php\/wp-json\/wp\/v2\/comments?post=27061"}],"version-history":[{"count":3,"href":"https:\/\/portal.sma.gob.cl\/index.php\/wp-json\/wp\/v2\/posts\/27061\/revisions"}],"predecessor-version":[{"id":27068,"href":"https:\/\/portal.sma.gob.cl\/index.php\/wp-json\/wp\/v2\/posts\/27061\/revisions\/27068"}],"wp:featuredmedia":[{"embeddable":true,"href":"https:\/\/portal.sma.gob.cl\/index.php\/wp-json\/wp\/v2\/media\/27066"}],"wp:attachment":[{"href":"https:\/\/portal.sma.gob.cl\/index.php\/wp-json\/wp\/v2\/media?parent=27061"}],"wp:term":[{"taxonomy":"category","embeddable":true,"href":"https:\/\/portal.sma.gob.cl\/index.php\/wp-json\/wp\/v2\/categories?post=27061"},{"taxonomy":"post_tag","embeddable":true,"href":"https:\/\/portal.sma.gob.cl\/index.php\/wp-json\/wp\/v2\/tags?post=27061"}],"curies":[{"name":"wp","href":"https:\/\/api.w.org\/{rel}","templated":true}]}}