{"id":27092,"date":"2023-07-10T19:00:26","date_gmt":"2023-07-10T23:00:26","guid":{"rendered":"https:\/\/portal.sma.gob.cl\/?p=27092"},"modified":"2024-06-19T18:17:27","modified_gmt":"2024-06-19T22:17:27","slug":"superintendenta-plumer-visita-la-region-de-ohiggins-y-firma-convenio-de-colaboracion-con-las-municipalidades-de-machali-y-rancagua","status":"publish","type":"post","link":"https:\/\/portal.sma.gob.cl\/index.php\/superintendenta-plumer-visita-la-region-de-ohiggins-y-firma-convenio-de-colaboracion-con-las-municipalidades-de-machali-y-rancagua\/","title":{"rendered":"Superintendenta Plumer visita la Regi\u00f3n de O\u2019Higgins y firma convenio de ruidos con las municipalidades de Machal\u00ed y Rancagua"},"content":{"rendered":"<ul>\n<li><strong><em>Se trata de la primera vez que la Superintendenta del Medio Ambiente llega a la regi\u00f3n, desde que asumi\u00f3 en el cargo en enero de este a\u00f1o. En el lugar, se reuni\u00f3 con distintas autoridades locales para recoger las principales problem\u00e1ticas ambientales. <\/em><\/strong><\/li>\n<\/ul>\n<p><strong>Rancagua, 10 de julio de 2023.-<\/strong> Con una intensa agenda, la Superintendenta del Medio Ambiente, Marie Claude Plumer, lleg\u00f3 hoy a la Regi\u00f3n del Libertador General Bernardo O\u2019Higgins, donde realiz\u00f3 distintas actividades y se reuni\u00f3 con autoridades locales, con el objetivo de abordar las distintas problem\u00e1ticas ambientales que afectan a la zona.<\/p>\n<p>As\u00ed, sostuvo un encuentro con el Delegado Presidencial Regional, Fabio L\u00f3pez, con qui\u00e9n convers\u00f3 de distintas materias, como la problem\u00e1tica de olores y ruidos, y tambi\u00e9n acerca de las contingencias ocurridas por los eventos meteorol\u00f3gicos que afectaron a la zona central del pa\u00eds hace algunas semanas. Posteriormente, se reuni\u00f3 con la seremi de Medio Ambiente, Giovanna Amaya, con el director regional del Servicio de Evaluaci\u00f3n Ambiental (SEA), Pedro Pablo Miranda, y con el gobernador Pablo Silva.<\/p>\n<p>Durante las reuniones, la jefa del Servicio estuvo acompa\u00f1ada por la jefa regional de la SMA en O\u2019Higgins, Karina Olivares.<\/p>\n<p>La Superintendenta Plumer destac\u00f3 que \u201cse trat\u00f3 de una visita muy productiva y que tuvo como objetivo conocer de cerca los principales problemas ambientales que afectan a la regi\u00f3n. Para la SMA el trabajo con los territorios es primordial y en esto, conversar y establecer coordinaci\u00f3n con las autoridades locales es clave\u201d. Adem\u00e1s, agreg\u00f3 que \u201cdesde hace muchos a\u00f1os, esta parte del pa\u00eds se ve afectada por tem\u00e1ticas como los malos olores, ya que es la regi\u00f3n con la mayor cantidad de planteles porcinos. Desde febrero de este a\u00f1o, Chile cuenta con una norma que regula las emisiones de ese sector, por lo que como SMA estamos trabajando en los sistemas en los que las empresas har\u00e1n sus reportes\u201d.<\/p>\n<p><strong>Convenios de ruido <\/strong><\/p>\n<p>Por otra parte, en el marco de la visita, se concret\u00f3 la firma del convenio de ruido entre la SMA y las municipalidades de Machal\u00ed y Rancagua. Este acuerdo tiene como objetivo generar una colaboraci\u00f3n entre ambas entidades y propiciar la capacitaci\u00f3n de funcionarios municipales para que puedan medir ruidos en la comuna, mediante la utilizaci\u00f3n de son\u00f3metros calibrados.<\/p>\n<p>En concreto, la Superintendencia se compromete a realizar capacitaciones respecto del alcance de la Norma de Emisi\u00f3n de Ruidos, de las metodolog\u00edas aplicables a la medici\u00f3n de ruido, el uso de equipos, zonificaci\u00f3n, entre otros. Adem\u00e1s, se compromete a brindar apoyo t\u00e9cnico para la adquisici\u00f3n de equipamiento por parte del municipio, as\u00ed como para el desarrollo y mejoramiento de la ordenanza y ejercicios de sus competencias, sobre todo al momento de otorgar las patentes municipales.<\/p>\n<p>Con esto, Machal\u00ed se suma a comunas como Providencia, Punta Arenas, Puerto Montt y Antofagasta, entre varias otras con las que la SMA ha firmado convenios.<\/p>\n<p>\u201cEstas alianzas con las municipalidades forman parte de una estrategia impulsada por la SMA para mejorar la gesti\u00f3n de las denuncias que ingresan por temas de ruidos, ya que representan cerca del 50% del total. Es muy importante poder fortalecer esta red de colaboraci\u00f3n y de esta forma poder abarcar de mayor forma todos los territorios. Agradecemos el compromiso de la Municipalidad de Machal\u00ed\u201d, dijo la Superintendenta.<\/p>\n<p>Por su parte, el alcalde Juan Carlos Abud agreg\u00f3 que \u201ceste convenio es fruto de un trabajo coordinado con la SMA, que tiene como objetivo abordar las diferentes solicitudes de ruidos molestos de fuentes fijas y as\u00ed poder dar una respuesta oportuna a todas las inquietudes que manifiestan nuestros vecinos y vecinas\u201d.<\/p>\n<p>El alcalde (s) de Rancagua, Cristi\u00e1n Pavez, expres\u00f3 que \u201cqueremos destacar esta importante noticia de la firma del convenio referido a fiscalizar de mejor forma la Norma de Ruido. En nuestra comuna ha habido muchas inquietudes por parte de la comunidad y ha sido complejo poder enfrentarlo. Hoy, con las herramientas que da este convenio podremos hacer un trabajo en conjunto que permita abordar esta problem\u00e1tica. Lo principal es la coordinaci\u00f3n\u201d.<\/p>\n","protected":false},"excerpt":{"rendered":"<p>Se trata de la primera vez que la Superintendenta del Medio Ambiente llega a la regi\u00f3n, desde que asumi\u00f3 en el cargo en enero de este a\u00f1o. En el lugar, se reuni\u00f3 con distintas autoridades locales para recoger las principales problem\u00e1ticas ambientales. Rancagua, 10 de julio de 2023.- Con una intensa agenda, la Superintendenta del Medio <a href=\"https:\/\/portal.sma.gob.cl\/index.php\/superintendenta-plumer-visita-la-region-de-ohiggins-y-firma-convenio-de-colaboracion-con-las-municipalidades-de-machali-y-rancagua\/\">Leer m\u00e1s<\/a><\/p>\n","protected":false},"author":8,"featured_media":27090,"comment_status":"open","ping_status":"open","sticky":false,"template":"","format":"standard","meta":{"footnotes":""},"categories":[90,107,225],"tags":[],"class_list":["post-27092","post","type-post","status-publish","format-standard","has-post-thumbnail","hentry","category-comunicados-noticias","category-destacado","category-macrozona-centro"],"_links":{"self":[{"href":"https:\/\/portal.sma.gob.cl\/index.php\/wp-json\/wp\/v2\/posts\/27092","targetHints":{"allow":["GET"]}}],"collection":[{"href":"https:\/\/portal.sma.gob.cl\/index.php\/wp-json\/wp\/v2\/posts"}],"about":[{"href":"https:\/\/portal.sma.gob.cl\/index.php\/wp-json\/wp\/v2\/types\/post"}],"author":[{"embeddable":true,"href":"https:\/\/portal.sma.gob.cl\/index.php\/wp-json\/wp\/v2\/users\/8"}],"replies":[{"embeddable":true,"href":"https:\/\/portal.sma.gob.cl\/index.php\/wp-json\/wp\/v2\/comments?post=27092"}],"version-history":[{"count":4,"href":"https:\/\/portal.sma.gob.cl\/index.php\/wp-json\/wp\/v2\/posts\/27092\/revisions"}],"predecessor-version":[{"id":32119,"href":"https:\/\/portal.sma.gob.cl\/index.php\/wp-json\/wp\/v2\/posts\/27092\/revisions\/32119"}],"wp:featuredmedia":[{"embeddable":true,"href":"https:\/\/portal.sma.gob.cl\/index.php\/wp-json\/wp\/v2\/media\/27090"}],"wp:attachment":[{"href":"https:\/\/portal.sma.gob.cl\/index.php\/wp-json\/wp\/v2\/media?parent=27092"}],"wp:term":[{"taxonomy":"category","embeddable":true,"href":"https:\/\/portal.sma.gob.cl\/index.php\/wp-json\/wp\/v2\/categories?post=27092"},{"taxonomy":"post_tag","embeddable":true,"href":"https:\/\/portal.sma.gob.cl\/index.php\/wp-json\/wp\/v2\/tags?post=27092"}],"curies":[{"name":"wp","href":"https:\/\/api.w.org\/{rel}","templated":true}]}}