{"id":27095,"date":"2023-07-11T13:29:22","date_gmt":"2023-07-11T17:29:22","guid":{"rendered":"https:\/\/portal.sma.gob.cl\/?p=27095"},"modified":"2023-10-30T16:14:57","modified_gmt":"2023-10-30T19:14:57","slug":"superintendenta-plumer-designa-a-claudia-pastore-como-nueva-jefa-de-la-division-de-fiscalizacion-de-la-sma-2","status":"publish","type":"post","link":"https:\/\/portal.sma.gob.cl\/index.php\/superintendenta-plumer-designa-a-claudia-pastore-como-nueva-jefa-de-la-division-de-fiscalizacion-de-la-sma-2\/","title":{"rendered":"Superintendenta Plumer designa a Claudia Pastore como nueva jefa de la Divisi\u00f3n de Fiscalizaci\u00f3n de la SMA"},"content":{"rendered":"<ul>\n<li><strong><em>La Ingeniera Civil en Qu\u00edmica se encontraba en el cargo como subrogante desde enero de este a\u00f1o. Cuenta con m\u00e1s de 25 a\u00f1os de experiencia en el sector p\u00fablico.\u00a0<\/em><\/strong><\/li>\n<\/ul>\n<p>El 29 de junio la Superintendenta del Medio Ambiente, Marie Claude Plumer, confirm\u00f3 a Claudia Pastore como nueva jefa de la Divisi\u00f3n de Fiscalizaci\u00f3n (DFZ) de la SMA, quien asumir\u00e1 en el ejercicio del cargo de forma inmediata.\u00a0Esto, tras finalizar el proceso de selecci\u00f3n mediante Alta Direcci\u00f3n P\u00fablica.<\/p>\n<p>Pastore es Ingeniera Civil en Qu\u00edmica de la Universidad de Santiago y cuenta con m\u00e1s de 25 a\u00f1os de experiencia en el sector p\u00fablico: 13 de esos a\u00f1os, en el \u00e1rea de fiscalizaci\u00f3n de la Instituci\u00f3n. Desde 2019, se ha desempe\u00f1ado como Encargada de la Secci\u00f3n de Ciudad y Territorio, mientras que, como jefa subrogante de la Divisi\u00f3n, desde enero de este a\u00f1o.<\/p>\n<p>Entre 2015 y 2018 fue encargada de la Secci\u00f3n Operativa de DFZ y fiscalizadora entre 2010 y 2015.<\/p>\n<p>Con anterioridad, entre 1997 y 2010, ocup\u00f3 distintos cargos en la Secretar\u00eda Regional Ministerial de Salud de la Regi\u00f3n Metropolitana. As\u00ed, entre 2007 y 2010 se desempe\u00f1\u00f3 como Jefa del Departamento de Gesti\u00f3n Ambiental; entre 2005 y 2007, como Jefa del Subdepartamento de Entorno Saludable; entre 2004 y 2005, como profesional de la Unidad de Estudios y Epidemiolog\u00eda; entre 2003 y 2005, como Coordinadora y Jefa Subrogante del Subdepartamento de Entorno Saludable; entre 2000 y 2001, fue Integrante del Comit\u00e9 T\u00e9cnico Asesor del Departamento T\u00e9cnico; y entre 1997 y 2000, como Jefa de la Unidad de Control y Vigilancia de la Calidad del Agua del Programa de Saneamiento B\u00e1sico.<\/p>\n<p>Como jefa de DFZ, Pastore deber\u00e1 ejecutar, organizar y coordinar el seguimiento y fiscalizaci\u00f3n de los instrumentos de car\u00e1cter ambiental que son competencia de la Superintendencia del Medio Ambiente, con el objetivo de asegurar el cumplimiento de la normativa ambiental.<\/p>\n<p>Y, en particular, sobre el trabajo en Conc\u00f3n, Quintero y Puchuncav\u00ed la jefatura est\u00e1 aportando a la acci\u00f3n fiscalizadora de la regi\u00f3n desde la rector\u00eda t\u00e9cnica con el apoyo permanente a las actividades de fiscalizaci\u00f3n, que permitan orientar de mejor forma los esfuerzos para el logro de los diferentes objetivos planteados en el territorio como son, el aumento\u00a0de las fiscalizaciones en la zona hasta la instalaci\u00f3n de nuevos equipos para medir contaminantes.<\/p>\n","protected":false},"excerpt":{"rendered":"<p>La Ingeniera Civil en Qu\u00edmica se encontraba en el cargo como subrogante desde enero de este a\u00f1o. Cuenta con m\u00e1s de 25 a\u00f1os de experiencia en el sector p\u00fablico.\u00a0 El 29 de junio la Superintendenta del Medio Ambiente, Marie Claude Plumer, confirm\u00f3 a Claudia Pastore como nueva jefa de la Divisi\u00f3n de Fiscalizaci\u00f3n (DFZ) de la <a href=\"https:\/\/portal.sma.gob.cl\/index.php\/superintendenta-plumer-designa-a-claudia-pastore-como-nueva-jefa-de-la-division-de-fiscalizacion-de-la-sma-2\/\">Leer m\u00e1s<\/a><\/p>\n","protected":false},"author":8,"featured_media":27013,"comment_status":"open","ping_status":"open","sticky":false,"template":"","format":"standard","meta":{"footnotes":""},"categories":[247,225],"tags":[],"class_list":["post-27095","post","type-post","status-publish","format-standard","has-post-thumbnail","hentry","category-boletin-cqp_julio1","category-macrozona-centro"],"_links":{"self":[{"href":"https:\/\/portal.sma.gob.cl\/index.php\/wp-json\/wp\/v2\/posts\/27095","targetHints":{"allow":["GET"]}}],"collection":[{"href":"https:\/\/portal.sma.gob.cl\/index.php\/wp-json\/wp\/v2\/posts"}],"about":[{"href":"https:\/\/portal.sma.gob.cl\/index.php\/wp-json\/wp\/v2\/types\/post"}],"author":[{"embeddable":true,"href":"https:\/\/portal.sma.gob.cl\/index.php\/wp-json\/wp\/v2\/users\/8"}],"replies":[{"embeddable":true,"href":"https:\/\/portal.sma.gob.cl\/index.php\/wp-json\/wp\/v2\/comments?post=27095"}],"version-history":[{"count":1,"href":"https:\/\/portal.sma.gob.cl\/index.php\/wp-json\/wp\/v2\/posts\/27095\/revisions"}],"predecessor-version":[{"id":27096,"href":"https:\/\/portal.sma.gob.cl\/index.php\/wp-json\/wp\/v2\/posts\/27095\/revisions\/27096"}],"wp:featuredmedia":[{"embeddable":true,"href":"https:\/\/portal.sma.gob.cl\/index.php\/wp-json\/wp\/v2\/media\/27013"}],"wp:attachment":[{"href":"https:\/\/portal.sma.gob.cl\/index.php\/wp-json\/wp\/v2\/media?parent=27095"}],"wp:term":[{"taxonomy":"category","embeddable":true,"href":"https:\/\/portal.sma.gob.cl\/index.php\/wp-json\/wp\/v2\/categories?post=27095"},{"taxonomy":"post_tag","embeddable":true,"href":"https:\/\/portal.sma.gob.cl\/index.php\/wp-json\/wp\/v2\/tags?post=27095"}],"curies":[{"name":"wp","href":"https:\/\/api.w.org\/{rel}","templated":true}]}}