{"id":27104,"date":"2023-07-11T13:27:26","date_gmt":"2023-07-11T17:27:26","guid":{"rendered":"https:\/\/portal.sma.gob.cl\/?p=27104"},"modified":"2023-10-31T16:49:38","modified_gmt":"2023-10-31T19:49:38","slug":"laboratorio-sma-cual-es-el-rol-del-recinto-que-fue-visitado-por-una-ministra-por-primera-vez-y-que-juega-un-rol-crucial-para-concon-quintero-y-puchuncavi","status":"publish","type":"post","link":"https:\/\/portal.sma.gob.cl\/index.php\/laboratorio-sma-cual-es-el-rol-del-recinto-que-fue-visitado-por-una-ministra-por-primera-vez-y-que-juega-un-rol-crucial-para-concon-quintero-y-puchuncavi\/","title":{"rendered":"Laboratorio SMA: cu\u00e1l es el rol del recinto que fue visitado por una ministra por primera vez y que juega un rol crucial para Conc\u00f3n, Quintero y Puchuncav\u00ed"},"content":{"rendered":"<ul>\n<li><strong><em>El 5 de julio pasado, la titular de Medio Ambiente, Maisa Rojas, conoci\u00f3 las instalaciones del Laboratorio, en una visita que fue guiada por la Superintendenta Marie Claude Plumer y el jefe (s) del lugar, Rodrigo Carrasco. <\/em><\/strong><\/li>\n<\/ul>\n<p>Solo algunos a\u00f1os de funcionamiento tiene el Laboratorio de la Superintendencia del Medio Ambiente (SMA) que fue creado a ra\u00edz de la crisis medioambiental en Conc\u00f3n, Quintero y Puchuncav\u00ed del 2018, con el objetivo de poder recabar la mayor cantidad de datos respecto de la contaminaci\u00f3n presente en la zona.<\/p>\n<p>El laboratorio -que cuenta con equipos especializados para identificar la presencia de compuestos ambientales espec\u00edficos- tiene, en la actualidad, sus esfuerzos centrados en la determinaci\u00f3n de COVs, como el Benceno, Tolueno, Etilbenceno, Xilenos. Y si bien esto ocurre de manera permanente, los esfuerzos se intensifican durante periodos de emergencia.<\/p>\n<p>El mi\u00e9rcoles 5 julio, las instalaciones fueron recorridas por primera vez por un ministro de Estado: fue la titular de Medio Ambiente, Maisa Rojas, quien, en compa\u00f1\u00eda de la Superintendenta Marie Claude Plumer, conoci\u00f3 c\u00f3mo funcionan los equipos y visit\u00f3 las distintas \u00e1reas.<\/p>\n<p>As\u00ed, en una visita guiada por el jefe (s) del Laboratorio, Rodrigo Carrasco, lleg\u00f3 hasta la sala de preparaci\u00f3n de material de muestreo, donde se controlan los distintos dispositivos usados en terreno; la sala de acondicionamiento y limpieza del material; la sala de an\u00e1lisis instrumental de cromatograf\u00eda con espectrometr\u00eda de masas, y la sala de monitoreo y control en l\u00ednea de los datos generados por los equipos Pyxis que fueron instalados en marzo en puntos estrat\u00e9gicos de Conc\u00f3n, Quintero y Puchuncav\u00ed.<\/p>\n<p>Es importante agregar que el Laboratorio de la Superintendencia realiza el an\u00e1lisis de m\u00e1s de 50 muestras mensuales para establecer la presencia de BTEX y otros COVs provenientes del plan anual de muestreo del aire, que es realizado con tubos pasivos y que est\u00e1 compuesto por 24 puntos de muestreo en la zona.<\/p>\n<p>Adem\u00e1s, el recinto lleva el control metrol\u00f3gico de siete equipos Pyxis y de una estaci\u00f3n m\u00f3vil de calidad del aire para la medici\u00f3n de di\u00f3xido de azufre y de \u00e1cido sulfh\u00eddrico.<\/p>\n<p>La Superintendenta Plumer asegur\u00f3 que \u201cla importancia del laboratorio es crucial para el levantamiento y seriedad de los datos. La informaci\u00f3n, como sabemos, es un elemento sustantivo para la mejor toma de decisiones, por lo que la visita de la ministra Rojas viene a ser un respaldo al trabajo que se est\u00e1 realizando\u201d.<\/p>\n","protected":false},"excerpt":{"rendered":"<p>El 5 de julio pasado, la titular de Medio Ambiente, Maisa Rojas, conoci\u00f3 las instalaciones del Laboratorio, en una visita que fue guiada por la Superintendenta Marie Claude Plumer y el jefe (s) del lugar, Rodrigo Carrasco. Solo algunos a\u00f1os de funcionamiento tiene el Laboratorio de la Superintendencia del Medio Ambiente (SMA) que fue creado a <a href=\"https:\/\/portal.sma.gob.cl\/index.php\/laboratorio-sma-cual-es-el-rol-del-recinto-que-fue-visitado-por-una-ministra-por-primera-vez-y-que-juega-un-rol-crucial-para-concon-quintero-y-puchuncavi\/\">Leer m\u00e1s<\/a><\/p>\n","protected":false},"author":8,"featured_media":27057,"comment_status":"open","ping_status":"open","sticky":false,"template":"","format":"standard","meta":{"footnotes":""},"categories":[247,225],"tags":[],"class_list":["post-27104","post","type-post","status-publish","format-standard","has-post-thumbnail","hentry","category-boletin-cqp_julio1","category-macrozona-centro"],"_links":{"self":[{"href":"https:\/\/portal.sma.gob.cl\/index.php\/wp-json\/wp\/v2\/posts\/27104","targetHints":{"allow":["GET"]}}],"collection":[{"href":"https:\/\/portal.sma.gob.cl\/index.php\/wp-json\/wp\/v2\/posts"}],"about":[{"href":"https:\/\/portal.sma.gob.cl\/index.php\/wp-json\/wp\/v2\/types\/post"}],"author":[{"embeddable":true,"href":"https:\/\/portal.sma.gob.cl\/index.php\/wp-json\/wp\/v2\/users\/8"}],"replies":[{"embeddable":true,"href":"https:\/\/portal.sma.gob.cl\/index.php\/wp-json\/wp\/v2\/comments?post=27104"}],"version-history":[{"count":1,"href":"https:\/\/portal.sma.gob.cl\/index.php\/wp-json\/wp\/v2\/posts\/27104\/revisions"}],"predecessor-version":[{"id":27105,"href":"https:\/\/portal.sma.gob.cl\/index.php\/wp-json\/wp\/v2\/posts\/27104\/revisions\/27105"}],"wp:featuredmedia":[{"embeddable":true,"href":"https:\/\/portal.sma.gob.cl\/index.php\/wp-json\/wp\/v2\/media\/27057"}],"wp:attachment":[{"href":"https:\/\/portal.sma.gob.cl\/index.php\/wp-json\/wp\/v2\/media?parent=27104"}],"wp:term":[{"taxonomy":"category","embeddable":true,"href":"https:\/\/portal.sma.gob.cl\/index.php\/wp-json\/wp\/v2\/categories?post=27104"},{"taxonomy":"post_tag","embeddable":true,"href":"https:\/\/portal.sma.gob.cl\/index.php\/wp-json\/wp\/v2\/tags?post=27104"}],"curies":[{"name":"wp","href":"https:\/\/api.w.org\/{rel}","templated":true}]}}