{"id":27142,"date":"2023-07-12T16:28:45","date_gmt":"2023-07-12T20:28:45","guid":{"rendered":"https:\/\/portal.sma.gob.cl\/?p=27142"},"modified":"2023-07-12T16:28:45","modified_gmt":"2023-07-12T20:28:45","slug":"sma-participa-en-primera-sesion-del-comite-interinstitucional-de-contingencias-ambientales","status":"publish","type":"post","link":"https:\/\/portal.sma.gob.cl\/index.php\/sma-participa-en-primera-sesion-del-comite-interinstitucional-de-contingencias-ambientales\/","title":{"rendered":"SMA participa en primera sesi\u00f3n del Comit\u00e9 Interinstitucional de Contingencias Ambientales"},"content":{"rendered":"<ul>\n<li><strong><em>Como representante de la Superintendencia del Medio Ambiente particip\u00f3 la jefa de la Divisi\u00f3n de Fiscalizaci\u00f3n, Claudia Pastore, quien expres\u00f3 que \u201ceste comit\u00e9 es una importante instancia que permitir\u00e1 fortalecer el trabajo coordinado y eficiente de los organismos del Estado con competencia en materia ambiental\u201d.<\/em><\/strong><\/li>\n<\/ul>\n<p><strong>Valpara\u00edso, 12 de julio de 2023.-<\/strong> Con el fin de preparar y reforzar el trabajo interinstitucional de cara a la llegada del fen\u00f3meno del Ni\u00f1o a las costas chilenas y sus implicancias en eventuales contingencias por floraciones algales nocivas (FAN), esta ma\u00f1ana se activ\u00f3 el Comit\u00e9 Interinstitucional de Contingencias Ambientales, el cual se realiz\u00f3 en las inmediaciones de la Direcci\u00f3n Nacional del Servicio Nacional de Pesca y Acuicultura (Sernapesca), organismo encargado de coordinar la instancia.<\/p>\n<p>En la reuni\u00f3n estuvo presente el subsecretario de Pesca, Julio Salas; la Directora Nacional de Sernapesca, Soledad Tapia Almonacid; la Jefa de la Divisi\u00f3n de Fiscalizaci\u00f3n de la Superintendencia del Medio Ambiente, Claudia Pastore; y representantes del Ministerio de Medio Ambiente, la Subsecretar\u00eda de Salud P\u00fablica, la Armada de Chile y Senapred.<\/p>\n<p>Ante la pronta llegada del fen\u00f3meno del Ni\u00f1o a las costas del Pac\u00edfico Sur -cuyos efectos pueden ser similares a los ocurridos en 2016- Tapia hizo un llamado a aprovechar la oportunidad y la obligaci\u00f3n de estar preparados para las contingencias que pueden ocurrir, con el objetivo de tener claridad respecto de las acciones a realizar.<\/p>\n<p>&#8220;Esta es una tremenda oportunidad que vemos como instituci\u00f3n, de poder ponernos de acuerdo, de anticiparnos en las coordinaciones, incluso trabajando en simulaciones de algunos eventos; pero adem\u00e1s debe ser una obligaci\u00f3n como servicios p\u00fablicos el poder estar preparados de la mejor forma, para dar la mejor de las respuestas&#8221;, consider\u00f3 Tapia.<\/p>\n<p>La autoridad agreg\u00f3 que &#8220;tenemos toda la informaci\u00f3n, la data cient\u00edfica, por lo que no nos podemos perder la oportunidad de coordinaci\u00f3n y adelantarnos tambi\u00e9n, estando en terreno con las instituciones que toman las decisiones y con la ciudadan\u00eda, para que ellos puedan saber lo que nosotros vamos a hacer, qu\u00e9 deben hacer ellos en estas situaciones que pueden ocurrir, y hacer las consultas de manera transparente&#8221;.<\/p>\n<p>Por su parte, el subsecretario Julio Salas enfatiz\u00f3 en el hecho de que la activaci\u00f3n del Comit\u00e9 va en l\u00ednea con las disposiciones presidenciales respecto a las labores preventivas para el Fen\u00f3meno del Ni\u00f1o, coordinadas por el Ministerio del Interior, que convoc\u00f3 a un Comit\u00e9 de Gesti\u00f3n de Riesgo de Desastres (Cogrid) especial a principios de junio.<\/p>\n<p>\u201cFuimos invitados especialmente para presentar los efectos que ocurren dentro del mar con el fen\u00f3meno, adem\u00e1s de los eventos atmosf\u00e9ricos que se producen (&#8230;) Se emiti\u00f3 un informe, en el que se enfatizan cu\u00e1les son los efectos esperados espec\u00edficamente en esta coyuntura, principalmente con lo que ya ha ocurrido en el Norte Grande\u201d, expres\u00f3.<\/p>\n<p>Para la representante de la SMA, Claudia Pastore, \u201cla activaci\u00f3n de este comit\u00e9 es una importante instancia que permitir\u00e1 fortalecer el trabajo coordinado y eficiente de los organismos del Estado con competencia en materia ambiental\u201d. \u201cCon esto, desde la SMA se podr\u00e1 poner a disposici\u00f3n todo el apoyo t\u00e9cnico para la atenci\u00f3n de una contingencia, como la entrega de informaci\u00f3n sobre distintas instalaciones, la realizaci\u00f3n de fiscalizaciones dirigidas, toma de muestras y an\u00e1lisis de fuentes emisoras o receptoras, y el establecimiento de medidas urgentes y transitorias\u201d, agreg\u00f3.<\/p>\n","protected":false},"excerpt":{"rendered":"<p>Como representante de la Superintendencia del Medio Ambiente particip\u00f3 la jefa de la Divisi\u00f3n de Fiscalizaci\u00f3n, Claudia Pastore, quien expres\u00f3 que \u201ceste comit\u00e9 es una importante instancia que permitir\u00e1 fortalecer el trabajo coordinado y eficiente de los organismos del Estado con competencia en materia ambiental\u201d. Valpara\u00edso, 12 de julio de 2023.- Con el fin de preparar <a href=\"https:\/\/portal.sma.gob.cl\/index.php\/sma-participa-en-primera-sesion-del-comite-interinstitucional-de-contingencias-ambientales\/\">Leer m\u00e1s<\/a><\/p>\n","protected":false},"author":8,"featured_media":27145,"comment_status":"open","ping_status":"open","sticky":false,"template":"","format":"standard","meta":{"footnotes":""},"categories":[90,107,225],"tags":[],"class_list":["post-27142","post","type-post","status-publish","format-standard","has-post-thumbnail","hentry","category-comunicados-noticias","category-destacado","category-macrozona-centro"],"_links":{"self":[{"href":"https:\/\/portal.sma.gob.cl\/index.php\/wp-json\/wp\/v2\/posts\/27142","targetHints":{"allow":["GET"]}}],"collection":[{"href":"https:\/\/portal.sma.gob.cl\/index.php\/wp-json\/wp\/v2\/posts"}],"about":[{"href":"https:\/\/portal.sma.gob.cl\/index.php\/wp-json\/wp\/v2\/types\/post"}],"author":[{"embeddable":true,"href":"https:\/\/portal.sma.gob.cl\/index.php\/wp-json\/wp\/v2\/users\/8"}],"replies":[{"embeddable":true,"href":"https:\/\/portal.sma.gob.cl\/index.php\/wp-json\/wp\/v2\/comments?post=27142"}],"version-history":[{"count":1,"href":"https:\/\/portal.sma.gob.cl\/index.php\/wp-json\/wp\/v2\/posts\/27142\/revisions"}],"predecessor-version":[{"id":27143,"href":"https:\/\/portal.sma.gob.cl\/index.php\/wp-json\/wp\/v2\/posts\/27142\/revisions\/27143"}],"wp:featuredmedia":[{"embeddable":true,"href":"https:\/\/portal.sma.gob.cl\/index.php\/wp-json\/wp\/v2\/media\/27145"}],"wp:attachment":[{"href":"https:\/\/portal.sma.gob.cl\/index.php\/wp-json\/wp\/v2\/media?parent=27142"}],"wp:term":[{"taxonomy":"category","embeddable":true,"href":"https:\/\/portal.sma.gob.cl\/index.php\/wp-json\/wp\/v2\/categories?post=27142"},{"taxonomy":"post_tag","embeddable":true,"href":"https:\/\/portal.sma.gob.cl\/index.php\/wp-json\/wp\/v2\/tags?post=27142"}],"curies":[{"name":"wp","href":"https:\/\/api.w.org\/{rel}","templated":true}]}}