{"id":27190,"date":"2023-07-17T17:13:49","date_gmt":"2023-07-17T21:13:49","guid":{"rendered":"https:\/\/portal.sma.gob.cl\/?p=27190"},"modified":"2025-07-21T15:26:56","modified_gmt":"2025-07-21T19:26:56","slug":"sma-recuerda-obligacion-de-reporte-en-modulo-de-gestion-de-episodios-criticos-gec-del-sistema-de-seguimiento-atmosferico-sisat-para-fuentes-estacionarias-de-establecimientos-afectos-2","status":"publish","type":"post","link":"https:\/\/portal.sma.gob.cl\/index.php\/sma-recuerda-obligacion-de-reporte-en-modulo-de-gestion-de-episodios-criticos-gec-del-sistema-de-seguimiento-atmosferico-sisat-para-fuentes-estacionarias-de-establecimientos-afectos-2\/","title":{"rendered":"SMA recuerda obligaci\u00f3n de Reporte en M\u00f3dulo de Gesti\u00f3n de Episodios Cr\u00edticos (GEC) del Sistema de Seguimiento Atmosf\u00e9rico (SISAT) para fuentes estacionarias de establecimientos afectos"},"content":{"rendered":"<p><strong>Dentro del Sistema de Seguimiento Atmosf\u00e9rico (SISAT) se encuentra habilitado el \u201cReporte Gesti\u00f3n de Episodios Cr\u00edticos (GEC)\u201d, el cual tiene por objeto que los regulados reporten permanentemente las variables operacionales que permitan verificar la medida de paralizaci\u00f3n asociada al periodo de GEC para los 4 Planes de Prevenci\u00f3n y\/o Descontaminaci\u00f3n Atmosf\u00e9rica donde esta medida es de competencia de la Superintendencia del Medio Ambiente.<\/strong><span id=\"more-23774\"><\/span><\/p>\n<p><strong>Santiago, 17 de julio de 2023. <\/strong>La Superintendencia del Medio Ambiente (SMA) public\u00f3 con fecha 29 de diciembre de 2020 en el diario oficial la R<a href=\"https:\/\/transparencia.sma.gob.cl\/doc\/resoluciones\/RESOL_EXENTA_SMA_2020\/RESOL%20EXENTA%20N%202452%20SMA.PDF\">esoluci\u00f3n N\u00b02452 de 2020 que aprueba \u201cProtocolo de Conexi\u00f3n y Reporte de Variables Operacionales para la Verificaci\u00f3n de Compromisos Ambientales\u201d<\/a>, dentro de la cual se instruy\u00f3 el \u201cReporte Gesti\u00f3n de Episodios Cr\u00edticos (GEC)\u201d.<\/p>\n<p>Dicho reporte aplica para los siguientes Planes de Prevenci\u00f3n y\/o Descontaminaci\u00f3n Atmosf\u00e9rica:<br \/>\n\u2022 Plan de Prevenci\u00f3n y de Descontaminaci\u00f3n para las comunas de Concepci\u00f3n Metropolitano<br \/>\n\u2022 Plan de Descontaminaci\u00f3n Atmosf\u00e9rica para el Valle Central de la Provincia de Curic\u00f3<br \/>\n\u2022 Plan de Descontaminaci\u00f3n Atmosf\u00e9rica para la Comuna de Los \u00c1ngeles<br \/>\n\u2022 Plan de Descontaminaci\u00f3n Atmosf\u00e9rica para la comuna de Valdivia<\/p>\n<p>\u201cDe esta manera las fuentes estacionarias que deben paralizar en episodios de Preemergencia y\/o Emergencia ambiental, deber\u00e1n reportar a la Superintendencia del Medio Ambiente\u00a0<strong>variables operacionales del periodo anterior y posterior al episodio GEC, con la finalidad de contrastar y verificar efectivamente, la paralizaci\u00f3n de la o las fuentes estacionarias afectas en dicho periodo<\/strong>. Esto ser\u00e1 complementario a las fiscalizaciones que realizar\u00e1 la SMA en terreno durante dichos episodios en los cuatro planes de descontaminaci\u00f3n descritos\u201d, explica Juan Pablo Rodr\u00edguez, Jefe de la Secci\u00f3n de Calidad del Aire y Cambio Clim\u00e1tico de la SMA.<\/p>\n<p>Es importante recordar, que, como primer paso, para dar cumplimiento a la instrucci\u00f3n, los titulares de establecimientos afectos deber\u00e1n registrar, a trav\u00e9s del m\u00f3dulo de catastro SMA, del\u00a0<a href=\"https:\/\/sisat.sma.gob.cl\/\">Sistema de Seguimiento Atmosf\u00e9rico (SISAT)<\/a>, las fuentes estacionarias de su establecimiento, posterior al\u00a0<a href=\"https:\/\/portalvu.mma.gob.cl\/rfp\/\">Registro de Fuentes y Procesos (RFP)<\/a>\u00a0del Ministerio del Medio Ambiente.<\/p>\n","protected":false},"excerpt":{"rendered":"<p>Dentro del Sistema de Seguimiento Atmosf\u00e9rico (SISAT) se encuentra habilitado el \u201cReporte Gesti\u00f3n de Episodios Cr\u00edticos (GEC)\u201d, el cual tiene por objeto que los regulados reporten permanentemente las variables operacionales que permitan verificar la medida de paralizaci\u00f3n asociada al periodo de GEC para los 4 Planes de Prevenci\u00f3n y\/o Descontaminaci\u00f3n Atmosf\u00e9rica donde esta medida es de <a href=\"https:\/\/portal.sma.gob.cl\/index.php\/sma-recuerda-obligacion-de-reporte-en-modulo-de-gestion-de-episodios-criticos-gec-del-sistema-de-seguimiento-atmosferico-sisat-para-fuentes-estacionarias-de-establecimientos-afectos-2\/\">Leer m\u00e1s<\/a><\/p>\n","protected":false},"author":8,"featured_media":27193,"comment_status":"open","ping_status":"open","sticky":false,"template":"","format":"standard","meta":{"footnotes":""},"categories":[90,224,283],"tags":[],"class_list":["post-27190","post","type-post","status-publish","format-standard","has-post-thumbnail","hentry","category-comunicados-noticias","category-macrozona-norte","category-sisat"],"_links":{"self":[{"href":"https:\/\/portal.sma.gob.cl\/index.php\/wp-json\/wp\/v2\/posts\/27190","targetHints":{"allow":["GET"]}}],"collection":[{"href":"https:\/\/portal.sma.gob.cl\/index.php\/wp-json\/wp\/v2\/posts"}],"about":[{"href":"https:\/\/portal.sma.gob.cl\/index.php\/wp-json\/wp\/v2\/types\/post"}],"author":[{"embeddable":true,"href":"https:\/\/portal.sma.gob.cl\/index.php\/wp-json\/wp\/v2\/users\/8"}],"replies":[{"embeddable":true,"href":"https:\/\/portal.sma.gob.cl\/index.php\/wp-json\/wp\/v2\/comments?post=27190"}],"version-history":[{"count":1,"href":"https:\/\/portal.sma.gob.cl\/index.php\/wp-json\/wp\/v2\/posts\/27190\/revisions"}],"predecessor-version":[{"id":27191,"href":"https:\/\/portal.sma.gob.cl\/index.php\/wp-json\/wp\/v2\/posts\/27190\/revisions\/27191"}],"wp:featuredmedia":[{"embeddable":true,"href":"https:\/\/portal.sma.gob.cl\/index.php\/wp-json\/wp\/v2\/media\/27193"}],"wp:attachment":[{"href":"https:\/\/portal.sma.gob.cl\/index.php\/wp-json\/wp\/v2\/media?parent=27190"}],"wp:term":[{"taxonomy":"category","embeddable":true,"href":"https:\/\/portal.sma.gob.cl\/index.php\/wp-json\/wp\/v2\/categories?post=27190"},{"taxonomy":"post_tag","embeddable":true,"href":"https:\/\/portal.sma.gob.cl\/index.php\/wp-json\/wp\/v2\/tags?post=27190"}],"curies":[{"name":"wp","href":"https:\/\/api.w.org\/{rel}","templated":true}]}}