{"id":27207,"date":"2023-07-04T09:12:20","date_gmt":"2023-07-04T13:12:20","guid":{"rendered":"https:\/\/portal.sma.gob.cl\/?p=27207"},"modified":"2023-07-18T09:17:43","modified_gmt":"2023-07-18T13:17:43","slug":"sma-actualiza-listado-de-grandes-establecimientos-que-deben-paralizar-en-episodios-criticos-en-la-rm-2","status":"publish","type":"post","link":"https:\/\/portal.sma.gob.cl\/index.php\/sma-actualiza-listado-de-grandes-establecimientos-que-deben-paralizar-en-episodios-criticos-en-la-rm-2\/","title":{"rendered":"SMA actualiza listado de Grandes Establecimientos que deben paralizar en episodios cr\u00edticos en la RM"},"content":{"rendered":"<p><strong>Santiago, 04 de julio de 2023.<\/strong>\u00a0La Superintendencia del Medio Ambiente informa que ha actualizado el listado de paralizaci\u00f3n de empresas\u00a0 que deben paralizar todas sus fuentes estacionarias, cuando la Delegaci\u00f3n Presidencial declare pre-emergencia o emergencia ambiental en la Regi\u00f3n Metropolitana.<\/p>\n<p>Seg\u00fan datos disponibles al d\u00eda 04 de julio 2023, contenidos <a href=\"https:\/\/www.diariooficial.interior.gob.cl\/publicaciones\/2023\/07\/04\/43592\/01\/2337952.pdf\">Resoluci\u00f3n Exenta N\u00b0 1.108\/2023<\/a>, en total 7<strong>\u00a0Grandes Establecimientos\u00a0<\/strong>deber\u00e1n paralizar cuando se decrete episodio GEC. Cabe destacar que dicha lista puede variar, en la medida que se actualizan datos de los Planes de Reducci\u00f3n de Emisiones en nuestro Sistema SISAT.<\/p>\n<p><strong>Listado vigente al 28 de junio de 2023<\/strong><\/p>\n<p>&nbsp;<\/p>\n<table class=\"table-1\" width=\"576\">\n<tbody>\n<tr>\n<td width=\"208\"><strong>EMPRESA TITULAR<\/strong><\/td>\n<td width=\"142\"><strong>ESTADO DE PARALIZACI\u00d3N<\/strong><\/td>\n<td width=\"227\"><strong>MOTIVO DE PARALIZACI\u00d3N<\/strong><\/td>\n<\/tr>\n<tr>\n<td width=\"208\">ACEROS CHILE S.A.<\/td>\n<td width=\"142\">PARALIZA<\/td>\n<td width=\"227\">Faltan antecedentes para cumplimiento PRE<\/td>\n<\/tr>\n<tr>\n<td width=\"208\">EXTRUDER S.A.<\/td>\n<td width=\"142\">PARALIZA<\/td>\n<td width=\"227\">\u00a0Incumplimiento PRE<\/td>\n<\/tr>\n<tr>\n<td width=\"208\">INDS. PROFAL S.A.<\/td>\n<td width=\"142\">PARALIZA<\/td>\n<td width=\"227\">Sin PRE<\/td>\n<\/tr>\n<tr>\n<td width=\"208\">MANUEL MORALES MENESES<\/p>\n<p>(EFEMM FERTILIZANTES LTDA.)<\/td>\n<td width=\"142\">PARALIZA<\/td>\n<td width=\"227\">Faltan antecedentes para cumplimiento PRE<\/td>\n<\/tr>\n<tr>\n<td width=\"208\">PROC. Y EXTRUSORA DE ALIMENTOS LTDA.<\/td>\n<td width=\"142\">PARALIZA<\/td>\n<td width=\"227\">Sin PRE<\/td>\n<\/tr>\n<tr>\n<td width=\"208\">SCHAFFNER S.A.<\/td>\n<td width=\"142\">PARALIZA<\/td>\n<td width=\"227\">Faltan antecedentes para el cumplimiento PRE<\/td>\n<\/tr>\n<tr>\n<td width=\"208\">CEMENTOS BICENTENARIO S.A.<\/td>\n<td width=\"142\">PARALIZA<\/td>\n<td width=\"227\">\u00a0SIN PRE<\/td>\n<\/tr>\n<\/tbody>\n<\/table>\n","protected":false},"excerpt":{"rendered":"<p>Santiago, 04 de julio de 2023.\u00a0La Superintendencia del Medio Ambiente informa que ha actualizado el listado de paralizaci\u00f3n de empresas\u00a0 que deben paralizar todas sus fuentes estacionarias, cuando la Delegaci\u00f3n Presidencial declare pre-emergencia o emergencia ambiental en la Regi\u00f3n Metropolitana. Seg\u00fan datos disponibles al d\u00eda 04 de julio 2023, contenidos Resoluci\u00f3n Exenta N\u00b0 1.108\/2023, en total <a href=\"https:\/\/portal.sma.gob.cl\/index.php\/sma-actualiza-listado-de-grandes-establecimientos-que-deben-paralizar-en-episodios-criticos-en-la-rm-2\/\">Leer m\u00e1s<\/a><\/p>\n","protected":false},"author":8,"featured_media":26769,"comment_status":"open","ping_status":"open","sticky":false,"template":"","format":"standard","meta":{"footnotes":""},"categories":[90,225],"tags":[],"class_list":["post-27207","post","type-post","status-publish","format-standard","has-post-thumbnail","hentry","category-comunicados-noticias","category-macrozona-centro"],"_links":{"self":[{"href":"https:\/\/portal.sma.gob.cl\/index.php\/wp-json\/wp\/v2\/posts\/27207","targetHints":{"allow":["GET"]}}],"collection":[{"href":"https:\/\/portal.sma.gob.cl\/index.php\/wp-json\/wp\/v2\/posts"}],"about":[{"href":"https:\/\/portal.sma.gob.cl\/index.php\/wp-json\/wp\/v2\/types\/post"}],"author":[{"embeddable":true,"href":"https:\/\/portal.sma.gob.cl\/index.php\/wp-json\/wp\/v2\/users\/8"}],"replies":[{"embeddable":true,"href":"https:\/\/portal.sma.gob.cl\/index.php\/wp-json\/wp\/v2\/comments?post=27207"}],"version-history":[{"count":3,"href":"https:\/\/portal.sma.gob.cl\/index.php\/wp-json\/wp\/v2\/posts\/27207\/revisions"}],"predecessor-version":[{"id":27211,"href":"https:\/\/portal.sma.gob.cl\/index.php\/wp-json\/wp\/v2\/posts\/27207\/revisions\/27211"}],"wp:featuredmedia":[{"embeddable":true,"href":"https:\/\/portal.sma.gob.cl\/index.php\/wp-json\/wp\/v2\/media\/26769"}],"wp:attachment":[{"href":"https:\/\/portal.sma.gob.cl\/index.php\/wp-json\/wp\/v2\/media?parent=27207"}],"wp:term":[{"taxonomy":"category","embeddable":true,"href":"https:\/\/portal.sma.gob.cl\/index.php\/wp-json\/wp\/v2\/categories?post=27207"},{"taxonomy":"post_tag","embeddable":true,"href":"https:\/\/portal.sma.gob.cl\/index.php\/wp-json\/wp\/v2\/tags?post=27207"}],"curies":[{"name":"wp","href":"https:\/\/api.w.org\/{rel}","templated":true}]}}