{"id":27232,"date":"2023-07-21T08:55:25","date_gmt":"2023-07-21T12:55:25","guid":{"rendered":"https:\/\/portal.sma.gob.cl\/?p=27232"},"modified":"2024-01-22T16:23:56","modified_gmt":"2024-01-22T19:23:56","slug":"superintendencia-del-medio-ambiente-inicia-implementacion-de-modulo-sobre-declaracion-de-importadores","status":"publish","type":"post","link":"https:\/\/portal.sma.gob.cl\/index.php\/superintendencia-del-medio-ambiente-inicia-implementacion-de-modulo-sobre-declaracion-de-importadores\/","title":{"rendered":"Superintendencia del Medio Ambiente inicia implementaci\u00f3n del m\u00f3dulo sobre declaraci\u00f3n de importadores"},"content":{"rendered":"<ul>\n<li><strong>Proceso que ser\u00e1 reforzado con la realizaci\u00f3n de un webinar informativo, trasmitido por el canal de <a href=\"https:\/\/www.youtube.com\/@superintendenciadelmedioam6141\">Youtube de la SMA<\/a>, el 7 de agosto desde las 10.00 horas.<\/strong><\/li>\n<\/ul>\n<p><strong>Santiago, 21 de julio de 2023.-<\/strong> La Superintendencia del Medio Ambiente informa que, a partir del 24 de julio de 2023, a trav\u00e9s del portal web (<a href=\"https:\/\/sisat.sma.gob.cl\/login\/cu\">https:\/\/sisat.sma.gob.cl\/login\/cu<\/a>), pondr\u00e1 a disposici\u00f3n de los usuarios el m\u00f3dulo de normas de emisi\u00f3n de productos, en el Sistema de Seguimiento Atmosf\u00e9rico (SISAT), el cual permitir\u00e1 la declaraci\u00f3n de importadores de acuerdo con lo establecido en la Res. Ex. SMA 2207\/2022, para el control de las normas de emisi\u00f3n fijadas en el D.S. MMA 38\/2020 y D.S. MMA 39\/2021. Esta implementaci\u00f3n se compone de tres fases:<\/p>\n<ol>\n<li><strong>Fase registro regulados, <\/strong>que se extiende desde el 24 de julio hasta el 04 de agosto y consiste en el registro de importadores y otros regulados. Para ello, el\/la representante deber\u00e1 ingresar con clave \u00fanica a la plataforma y adjuntar la documentaci\u00f3n que acredite la vigencia de la sociedad y el poder con el cual act\u00faa en representaci\u00f3n de la empresa. Documentaci\u00f3n requerida:\n<ol>\n<li>Copia simple c\u00e9dula de identidad de quien act\u00faa.<\/li>\n<li>Copia escritura p\u00fablica de constituci\u00f3n de la sociedad con certificaci\u00f3n de vigencia no superior a seis meses.<\/li>\n<li>Copia del poder con el cual el\/la interesado\/a act\u00faa a nombre de la sociedad con certificaci\u00f3n de vigencia no superior a seis meses (salvo que ello se encuentre en la escritura de constituci\u00f3n de la sociedad).<\/li>\n<\/ol>\n<\/li>\n<\/ol>\n<p>De conformidad a lo establecido en los art\u00edculos 13 y 22 de la Ley 19.880, el poder para representar a la empresa debe ser suscrito por medio de firma electr\u00f3nica. M\u00e1s informaci\u00f3n en este enlace: <a href=\"https:\/\/www.entidadacreditadora.gob.cl\/\">https:\/\/www.entidadacreditadora.gob.cl\/<\/a><\/p>\n<p>En esta primera fase, la SMA revisar\u00e1 y verificar\u00e1 que la documentaci\u00f3n est\u00e9 correcta. En ese caso, el\/la interesado\/a quedar\u00e1 habilitado para las siguientes fases. En caso de que no sea as\u00ed, este servicio lo observar\u00e1 oportunamente para que pueda reingresar la solicitud de registro de regulado. Se hace presente que la solicitud de registro de regulados o el reingreso que sea realizado despu\u00e9s del 04 de agosto tendr\u00e1 un plazo de verificaci\u00f3n de la informaci\u00f3n de 20 d\u00edas h\u00e1biles.<\/p>\n<ol start=\"2\">\n<li><strong>Fase registro de productos<\/strong>, que se inicia el d\u00eda 07 de agosto y consiste en una declaraci\u00f3n sobre los productos que el interesado proyecta ingresar a Chile. Documentaci\u00f3n requerida:\n<ol start=\"2022\">\n<li>Certificado o documento base de las emisiones del producto, de acuerdo con lo indicado en la Res. Ex. SMA 2207\/2022.<\/li>\n<\/ol>\n<\/li>\n<\/ol>\n<p>Se hace presente que la rectificaci\u00f3n de la declaraci\u00f3n de productos deber\u00e1 ser solicitada a trav\u00e9s del formulario de atenci\u00f3n ciudadana <a href=\"mailto:oac.sma.gob.cl\">oac.sma.gob.cl<\/a>\u00a0y ser\u00e1 analizado en un plazo de 20 d\u00edas h\u00e1biles.<\/p>\n<ol start=\"3\">\n<li><strong>Fase declaraci\u00f3n internaci\u00f3n<\/strong>, que se inicia el 14 de agosto y consiste en una declaraci\u00f3n de los productos que ser\u00e1n internados, los cuales, deben haber sido registrados previamente.<\/li>\n<\/ol>\n<p>Adicionalmente, se comunica que el 7 de agosto, a las 10.00 horas, se realizar\u00e1 un webinar de asistencia al cumplimiento, donde se tratar\u00e1 la implementaci\u00f3n del m\u00f3dulo de Normas de Emisi\u00f3n de Productos del Sistema de Seguimiento Atmosf\u00e9rico (SISAT). La transmisi\u00f3n ser\u00e1 a trav\u00e9s del <a href=\"https:\/\/www.youtube.com\/@superintendenciadelmedioam6141\">canal de Youtube<\/a> de la SMA.<\/p>\n<p><img decoding=\"async\" class=\"aligncenter wp-image-27414 \" src=\"https:\/\/portal.sma.gob.cl\/wp-content\/uploads\/2023\/08\/03.08-SISAT-feed-1024x1024.jpg\" alt=\"\" width=\"749\" height=\"749\" srcset=\"https:\/\/portal.sma.gob.cl\/wp-content\/uploads\/2023\/08\/03.08-SISAT-feed-66x66.jpg 66w, https:\/\/portal.sma.gob.cl\/wp-content\/uploads\/2023\/08\/03.08-SISAT-feed-150x150.jpg 150w, https:\/\/portal.sma.gob.cl\/wp-content\/uploads\/2023\/08\/03.08-SISAT-feed-200x200.jpg 200w, https:\/\/portal.sma.gob.cl\/wp-content\/uploads\/2023\/08\/03.08-SISAT-feed-300x300.jpg 300w, https:\/\/portal.sma.gob.cl\/wp-content\/uploads\/2023\/08\/03.08-SISAT-feed-400x400.jpg 400w, https:\/\/portal.sma.gob.cl\/wp-content\/uploads\/2023\/08\/03.08-SISAT-feed-600x600.jpg 600w, https:\/\/portal.sma.gob.cl\/wp-content\/uploads\/2023\/08\/03.08-SISAT-feed-768x768.jpg 768w, https:\/\/portal.sma.gob.cl\/wp-content\/uploads\/2023\/08\/03.08-SISAT-feed-800x800.jpg 800w, https:\/\/portal.sma.gob.cl\/wp-content\/uploads\/2023\/08\/03.08-SISAT-feed-1024x1024.jpg 1024w, https:\/\/portal.sma.gob.cl\/wp-content\/uploads\/2023\/08\/03.08-SISAT-feed-1200x1200.jpg 1200w, https:\/\/portal.sma.gob.cl\/wp-content\/uploads\/2023\/08\/03.08-SISAT-feed-1536x1536.jpg 1536w, https:\/\/portal.sma.gob.cl\/wp-content\/uploads\/2023\/08\/03.08-SISAT-feed.jpg 1801w\" sizes=\"(max-width: 749px) 100vw, 749px\" \/><\/p>\n<p>&nbsp;<\/p>\n","protected":false},"excerpt":{"rendered":"<p>Proceso que ser\u00e1 reforzado con la realizaci\u00f3n de un webinar informativo, trasmitido por el canal de Youtube de la SMA, el 7 de agosto desde las 10.00 horas. Santiago, 21 de julio de 2023.- La Superintendencia del Medio Ambiente informa que, a partir del 24 de julio de 2023, a trav\u00e9s del portal web (https:\/\/sisat.sma.gob.cl\/login\/cu), pondr\u00e1 <a href=\"https:\/\/portal.sma.gob.cl\/index.php\/superintendencia-del-medio-ambiente-inicia-implementacion-de-modulo-sobre-declaracion-de-importadores\/\">Leer m\u00e1s<\/a><\/p>\n","protected":false},"author":8,"featured_media":27236,"comment_status":"open","ping_status":"open","sticky":false,"template":"","format":"standard","meta":{"footnotes":""},"categories":[90,107,225],"tags":[],"class_list":["post-27232","post","type-post","status-publish","format-standard","has-post-thumbnail","hentry","category-comunicados-noticias","category-destacado","category-macrozona-centro"],"_links":{"self":[{"href":"https:\/\/portal.sma.gob.cl\/index.php\/wp-json\/wp\/v2\/posts\/27232","targetHints":{"allow":["GET"]}}],"collection":[{"href":"https:\/\/portal.sma.gob.cl\/index.php\/wp-json\/wp\/v2\/posts"}],"about":[{"href":"https:\/\/portal.sma.gob.cl\/index.php\/wp-json\/wp\/v2\/types\/post"}],"author":[{"embeddable":true,"href":"https:\/\/portal.sma.gob.cl\/index.php\/wp-json\/wp\/v2\/users\/8"}],"replies":[{"embeddable":true,"href":"https:\/\/portal.sma.gob.cl\/index.php\/wp-json\/wp\/v2\/comments?post=27232"}],"version-history":[{"count":9,"href":"https:\/\/portal.sma.gob.cl\/index.php\/wp-json\/wp\/v2\/posts\/27232\/revisions"}],"predecessor-version":[{"id":30161,"href":"https:\/\/portal.sma.gob.cl\/index.php\/wp-json\/wp\/v2\/posts\/27232\/revisions\/30161"}],"wp:featuredmedia":[{"embeddable":true,"href":"https:\/\/portal.sma.gob.cl\/index.php\/wp-json\/wp\/v2\/media\/27236"}],"wp:attachment":[{"href":"https:\/\/portal.sma.gob.cl\/index.php\/wp-json\/wp\/v2\/media?parent=27232"}],"wp:term":[{"taxonomy":"category","embeddable":true,"href":"https:\/\/portal.sma.gob.cl\/index.php\/wp-json\/wp\/v2\/categories?post=27232"},{"taxonomy":"post_tag","embeddable":true,"href":"https:\/\/portal.sma.gob.cl\/index.php\/wp-json\/wp\/v2\/tags?post=27232"}],"curies":[{"name":"wp","href":"https:\/\/api.w.org\/{rel}","templated":true}]}}