{"id":27280,"date":"2023-07-25T13:46:03","date_gmt":"2023-07-25T17:46:03","guid":{"rendered":"https:\/\/portal.sma.gob.cl\/?p=27280"},"modified":"2023-09-29T11:55:25","modified_gmt":"2023-09-29T14:55:25","slug":"superintendenta-plumer-presenta-avances-de-la-estrategia-de-fiscalizacion-de-la-sma-en-reuniones-con-autoridades-de-valparaiso","status":"publish","type":"post","link":"https:\/\/portal.sma.gob.cl\/index.php\/superintendenta-plumer-presenta-avances-de-la-estrategia-de-fiscalizacion-de-la-sma-en-reuniones-con-autoridades-de-valparaiso\/","title":{"rendered":"Superintendenta Plumer presenta avances de la estrategia de fiscalizaci\u00f3n de la SMA en reuniones con autoridades de Valpara\u00edso"},"content":{"rendered":"<ul>\n<li><strong>La Jefa del Servicio sostuvo encuentros con el nuevo Delegado Presidencial para Quintero y Puchuncav\u00ed, Alejandro Villa; y con los alcaldes de las comunas donde opera el Plan de Descontaminaci\u00f3n regional.<\/strong><\/li>\n<\/ul>\n<p class=\"Cuerpo\" style=\"text-align: justify; text-justify: inter-ideograph;\"><span lang=\"ES-TRAD\" style=\"font-family: 'Calibri',sans-serif;\">En el contexto del per\u00edodo de Gesti\u00f3n de Episodios Cr\u00edticos (GEC) establecido en el Plan de Prevenci\u00f3n y\/o Descontaminaci\u00f3n Atmosf\u00e9rica (PPDA) que rige para las comunas de Conc\u00f3n, Quintero y Puchuncav\u00ed, la Superintendenta del Medio Ambiente, Marie Claude Plumer, particip\u00f3 en una ronda de reuniones de coordinaci\u00f3n con distintas autoridades claves de la Regi\u00f3n de Valpara\u00edso, a quienes present\u00f3 las acciones adicionales que fueron incluidas a la estrategia de fiscalizaci\u00f3n que la Instituci\u00f3n est\u00e1 desplegando en la zona.<\/span><\/p>\n<p class=\"Cuerpo\" style=\"text-align: justify; text-justify: inter-ideograph;\"><span lang=\"ES-TRAD\" style=\"font-family: 'Calibri',sans-serif;\">El lunes 24 de julio, la jefa del Servicio <span style=\"background: white;\">sostuvo una reuni\u00f3n de coordinaci\u00f3n con el nuevo Delegado Presidencial para Quintero y Puchuncav\u00ed, Alejandro Villa, con quien abord\u00f3 el despliegue que tiene la Superintendencia del Medio Ambiente en el territorio, el protocolo que tiene la organizaci\u00f3n para los episodios de contaminaci\u00f3n que afectan a ambas comunas y las l\u00edneas de acci\u00f3n en las que se trabaja.<\/span><\/span><\/p>\n<p class=\"Cuerpo\"><span lang=\"ES-TRAD\" style=\"font-family: 'Calibri',sans-serif; background: white;\">El nuevo Delegado Presidencial para la Gesti\u00f3n de la Crisis Socioambiental de Quintero y Puchuncav\u00ed, fue designado por el Presidente Gabriel Boric para coordinar las acciones de los distintos organismos en la zona. Esto forma parte de las 40 medidas que anunci\u00f3 la actual administraci\u00f3n para este territorio, el cual ha sido declarado como prioritario para la SMA.<\/span><\/p>\n<p class=\"Cuerpo\"><span lang=\"ES-TRAD\" style=\"font-family: 'Calibri',sans-serif; background: white;\">Junto a esta coordinaci\u00f3n, la Superintendenta Plumer se traslad\u00f3 la semana pasada <\/span><span lang=\"ES-TRAD\" style=\"font-family: 'Calibri',sans-serif;\">hasta la Regi\u00f3n de Valpara\u00edso donde, en reuniones bilaterales, present\u00f3 a los jefes comunales de Conc\u00f3n -Freddy Ram\u00edrez-, Quintero -(s) Francisco Jeldes- y Puchuncav\u00ed -Marcos Morales-, la estrategia de fiscalizaci\u00f3n de la SMA y las medidas adicionales que se incluyeron al plan, cuyo enfoque est\u00e1 en la inspecci\u00f3n a empresas que operan combustibles, adem\u00e1s del trabajo de coordinaci\u00f3n con organismos sectoriales.<\/span><\/p>\n<p class=\"Cuerpo\" style=\"text-align: justify; text-justify: inter-ideograph;\"><span lang=\"ES-TRAD\" style=\"font-family: 'Calibri',sans-serif;\">Al respecto, la Superintendenta del Medio Ambiente, Marie Claude Plumer explica que \u201ceste plan tiene como objetivo responder ante las contingencias por contaminaci\u00f3n, trabajar de forma coordinada entre los distintos organismos y de la manera lo m\u00e1s r\u00e1pida posible. He aqu\u00ed la relevancia de poder reunirnos con el nuevo delegado presidencial para esta zona y con cada uno de los alcaldes, y as\u00ed poder explicarles en qu\u00e9 consiste este plan de fiscalizaci\u00f3n preventivo y reactivo, el cual forma parte de la estrategia de fiscalizaci\u00f3n que la SMA est\u00e1 desplegando en esta zona del pa\u00eds que hemos declarado como prioritaria\u201d.<\/span><\/p>\n<p class=\"Cuerpo\" style=\"text-align: justify; text-justify: inter-ideograph;\"><span lang=\"ES-TRAD\" style=\"font-family: 'Calibri',sans-serif;\">Respecto a las actividades de fiscalizaci\u00f3n preventiva, la SMA focalizar\u00e1 su accionar atendiendo las siguientes condiciones de alerta: superaciones de normas primarias de calidad del aire en las estaciones de monitoreo; presencia de personas con diagn\u00f3stico T59; y alzas en niveles prospectivos medidos con equipos Pyxis. <\/span><\/p>\n<p class=\"Cuerpo\" style=\"text-align: justify; text-justify: inter-ideograph;\"><span lang=\"ES-TRAD\" style=\"font-family: 'Calibri',sans-serif;\">En funci\u00f3n de estos tres par\u00e1metros, se definen distintos niveles que consideran actividades como rondas de vigilancia, chequeo de los equipos instalados en la zona, revisi\u00f3n de registros de medici\u00f3n, reorientaci\u00f3n de actividades de fiscalizaci\u00f3n hacia las potenciales fuentes emisoras, eventuales medidas provisionales y posibles tomas de muestras.<\/span><\/p>\n","protected":false},"excerpt":{"rendered":"<p>La Jefa del Servicio sostuvo encuentros con el nuevo Delegado Presidencial para Quintero y Puchuncav\u00ed, Alejandro Villa; y con los alcaldes de las comunas donde opera el Plan de Descontaminaci\u00f3n regional. En el contexto del per\u00edodo de Gesti\u00f3n de Episodios Cr\u00edticos (GEC) establecido en el Plan de Prevenci\u00f3n y\/o Descontaminaci\u00f3n Atmosf\u00e9rica (PPDA) que rige para las <a href=\"https:\/\/portal.sma.gob.cl\/index.php\/superintendenta-plumer-presenta-avances-de-la-estrategia-de-fiscalizacion-de-la-sma-en-reuniones-con-autoridades-de-valparaiso\/\">Leer m\u00e1s<\/a><\/p>\n","protected":false},"author":15,"featured_media":27293,"comment_status":"open","ping_status":"open","sticky":false,"template":"","format":"standard","meta":{"footnotes":""},"categories":[248,225],"tags":[],"class_list":["post-27280","post","type-post","status-publish","format-standard","has-post-thumbnail","hentry","category-boletin-cqp_julio-2","category-macrozona-centro"],"_links":{"self":[{"href":"https:\/\/portal.sma.gob.cl\/index.php\/wp-json\/wp\/v2\/posts\/27280","targetHints":{"allow":["GET"]}}],"collection":[{"href":"https:\/\/portal.sma.gob.cl\/index.php\/wp-json\/wp\/v2\/posts"}],"about":[{"href":"https:\/\/portal.sma.gob.cl\/index.php\/wp-json\/wp\/v2\/types\/post"}],"author":[{"embeddable":true,"href":"https:\/\/portal.sma.gob.cl\/index.php\/wp-json\/wp\/v2\/users\/15"}],"replies":[{"embeddable":true,"href":"https:\/\/portal.sma.gob.cl\/index.php\/wp-json\/wp\/v2\/comments?post=27280"}],"version-history":[{"count":4,"href":"https:\/\/portal.sma.gob.cl\/index.php\/wp-json\/wp\/v2\/posts\/27280\/revisions"}],"predecessor-version":[{"id":27309,"href":"https:\/\/portal.sma.gob.cl\/index.php\/wp-json\/wp\/v2\/posts\/27280\/revisions\/27309"}],"wp:featuredmedia":[{"embeddable":true,"href":"https:\/\/portal.sma.gob.cl\/index.php\/wp-json\/wp\/v2\/media\/27293"}],"wp:attachment":[{"href":"https:\/\/portal.sma.gob.cl\/index.php\/wp-json\/wp\/v2\/media?parent=27280"}],"wp:term":[{"taxonomy":"category","embeddable":true,"href":"https:\/\/portal.sma.gob.cl\/index.php\/wp-json\/wp\/v2\/categories?post=27280"},{"taxonomy":"post_tag","embeddable":true,"href":"https:\/\/portal.sma.gob.cl\/index.php\/wp-json\/wp\/v2\/tags?post=27280"}],"curies":[{"name":"wp","href":"https:\/\/api.w.org\/{rel}","templated":true}]}}