{"id":27283,"date":"2023-07-25T13:42:25","date_gmt":"2023-07-25T17:42:25","guid":{"rendered":"https:\/\/portal.sma.gob.cl\/?p=27283"},"modified":"2023-09-29T11:56:27","modified_gmt":"2023-09-29T14:56:27","slug":"sma-hace-publico-resumen-diario-sobre-la-calidad-del-aire-en-concon-quintero-y-puchuncavi","status":"publish","type":"post","link":"https:\/\/portal.sma.gob.cl\/index.php\/sma-hace-publico-resumen-diario-sobre-la-calidad-del-aire-en-concon-quintero-y-puchuncavi\/","title":{"rendered":"SMA hace p\u00fablico resumen diario sobre la calidad del aire en Conc\u00f3n, Quintero y Puchuncav\u00ed"},"content":{"rendered":"<ul>\n<li><strong>Los documentos, que son cargados en el bolet\u00edn informativo CQP alojado en el sitio web de la Instituci\u00f3n, reportan el estado de la calidad del aire de las \u00faltimas 32 horas registradas en estas bah\u00edas.<\/strong><\/li>\n<\/ul>\n<p>El equipo de la Secci\u00f3n de Calidad del Aire y Emisiones Atmosf\u00e9ricas de la Divisi\u00f3n de Fiscalizaci\u00f3n (DFZ) de la Superintendencia del Medio Ambiente (SMA), inici\u00f3 a partir del pasado 26 de junio un reporte diario que informa sobre la calidad del aire en las bah\u00edas de Conc\u00f3n, Quintero y Puchuncav\u00ed. Esto, en el marco del plan de 40 acciones que anunci\u00f3 el gobierno para esta zona.<\/p>\n<p>Esta minuta, alojada en banner del <a href=\"https:\/\/portal.sma.gob.cl\/index.php\/boletin-concon-quintero-y-puchuncavi\/\">bolet\u00edn informativo CQP<\/a> desde su secci\u00f3n <a href=\"https:\/\/azuresmagob-my.sharepoint.com\/personal\/patricio_delarosa_sma_gob_cl\/_layouts\/15\/onedrive.aspx?id=%2Fpersonal%2Fpatricio%5Fdelarosa%5Fsma%5Fgob%5Fcl%2FDocuments%2FMonitoreo%20CQP&amp;ga=1\">Monitoreos de Equipos<\/a>, actualiza en primer lugar, informaci\u00f3n sobre la red de monitoreo oficial de calidad del aire para este territorio del pa\u00eds, a trav\u00e9s de cuatro gr\u00e1ficos sobre las concentraciones de: primero, el promedio horario de di\u00f3xido de azufre (SO2); segundo, la concentraci\u00f3n horario de Hidrocarburos (HCT); tercero, la concentraci\u00f3n promedio m\u00f3vil 24 horas Material Particulado Fino (MP2,5); y cuarto, la concentraci\u00f3n promedio m\u00f3vil 24 Material Particulado Respirable (MP10).<\/p>\n<p>Sumado a lo anterior, la minuta reporta, en un segundo punto, antecedentes sobre las mediciones de BTEX (benceno, tolueno, etilbenceno y xilenos) con los 7 equipos exploratorios Pyxis de la SMA y de la Seremi del Medio Ambiente Regional de Valpara\u00edso.<\/p>\n<p>Al respecto, la Superintendenta del Medio Ambiente, Marie Claude Plumer relev\u00f3 la importancia para la ciudadan\u00eda de disponer de este tipo de antecedentes, relacionados al plan de descontaminaci\u00f3n que rige para las comunas de Conc\u00f3n, Quintero y Puchuncav\u00ed. \u201cA trav\u00e9s de estos res\u00famenes, quienes habitan en las comunas sujetas al Plan de Descontaminaci\u00f3n para Conc\u00f3n, Quintero y Puchuncav\u00ed, y quien lo requiera, tiene desde hoy el acceso al registro de calidad del aire de este territorio con informaci\u00f3n m\u00e1s detallada, m\u00e1s robusta\u201d.<\/p>\n","protected":false},"excerpt":{"rendered":"<p>Los documentos, que son cargados en el bolet\u00edn informativo CQP alojado en el sitio web de la Instituci\u00f3n, reportan el estado de la calidad del aire de las \u00faltimas 32 horas registradas en estas bah\u00edas. El equipo de la Secci\u00f3n de Calidad del Aire y Emisiones Atmosf\u00e9ricas de la Divisi\u00f3n de Fiscalizaci\u00f3n (DFZ) de la Superintendencia <a href=\"https:\/\/portal.sma.gob.cl\/index.php\/sma-hace-publico-resumen-diario-sobre-la-calidad-del-aire-en-concon-quintero-y-puchuncavi\/\">Leer m\u00e1s<\/a><\/p>\n","protected":false},"author":15,"featured_media":27326,"comment_status":"open","ping_status":"open","sticky":false,"template":"","format":"standard","meta":{"footnotes":""},"categories":[248,225],"tags":[],"class_list":["post-27283","post","type-post","status-publish","format-standard","has-post-thumbnail","hentry","category-boletin-cqp_julio-2","category-macrozona-centro"],"_links":{"self":[{"href":"https:\/\/portal.sma.gob.cl\/index.php\/wp-json\/wp\/v2\/posts\/27283","targetHints":{"allow":["GET"]}}],"collection":[{"href":"https:\/\/portal.sma.gob.cl\/index.php\/wp-json\/wp\/v2\/posts"}],"about":[{"href":"https:\/\/portal.sma.gob.cl\/index.php\/wp-json\/wp\/v2\/types\/post"}],"author":[{"embeddable":true,"href":"https:\/\/portal.sma.gob.cl\/index.php\/wp-json\/wp\/v2\/users\/15"}],"replies":[{"embeddable":true,"href":"https:\/\/portal.sma.gob.cl\/index.php\/wp-json\/wp\/v2\/comments?post=27283"}],"version-history":[{"count":3,"href":"https:\/\/portal.sma.gob.cl\/index.php\/wp-json\/wp\/v2\/posts\/27283\/revisions"}],"predecessor-version":[{"id":27304,"href":"https:\/\/portal.sma.gob.cl\/index.php\/wp-json\/wp\/v2\/posts\/27283\/revisions\/27304"}],"wp:featuredmedia":[{"embeddable":true,"href":"https:\/\/portal.sma.gob.cl\/index.php\/wp-json\/wp\/v2\/media\/27326"}],"wp:attachment":[{"href":"https:\/\/portal.sma.gob.cl\/index.php\/wp-json\/wp\/v2\/media?parent=27283"}],"wp:term":[{"taxonomy":"category","embeddable":true,"href":"https:\/\/portal.sma.gob.cl\/index.php\/wp-json\/wp\/v2\/categories?post=27283"},{"taxonomy":"post_tag","embeddable":true,"href":"https:\/\/portal.sma.gob.cl\/index.php\/wp-json\/wp\/v2\/tags?post=27283"}],"curies":[{"name":"wp","href":"https:\/\/api.w.org\/{rel}","templated":true}]}}