{"id":27318,"date":"2023-07-25T13:43:04","date_gmt":"2023-07-25T17:43:04","guid":{"rendered":"https:\/\/portal.sma.gob.cl\/?p=27318"},"modified":"2023-09-29T11:55:43","modified_gmt":"2023-09-29T14:55:43","slug":"poner-la-informacion-a-disposicion-de-las-personas","status":"publish","type":"post","link":"https:\/\/portal.sma.gob.cl\/index.php\/poner-la-informacion-a-disposicion-de-las-personas\/","title":{"rendered":"Poner la informaci\u00f3n a disposici\u00f3n de las personas"},"content":{"rendered":"<p><em><strong>Por Claudia Pastore H.,\u00a0<\/strong><strong>Jefa Divisi\u00f3n de Fiscalizaci\u00f3n<\/strong><\/em><\/p>\n<p>Para la Superintendencia del Medio Ambiente, la gesti\u00f3n de fiscalizaci\u00f3n en Conc\u00f3n, Quintero y Puchuncav\u00ed es parte de las prioridades. Entendemos el sentido de urgencia que tiene la zona y quienes la habitan. Vivir en un ambiente libre de contaminaci\u00f3n es un derecho, por lo que estar en el territorio es fundamental.<\/p>\n<p>Esta presencia se ha traducido este a\u00f1o de distintas formas: no s\u00f3lo aument\u00f3 la cantidad de inspecciones y actividades de fiscalizaci\u00f3n -que ya casi llegan a las 100- sino que, adem\u00e1s, se establecieron diversas v\u00edas de coordinaci\u00f3n intersectorial en la Regi\u00f3n de Valpara\u00edso. Y es que son varios los organismos que tienen competencias en estas bah\u00edas, por lo que trabajar de forma mancomunada, organizada y dialogante, es clave.<\/p>\n<p>Por otra parte, desde la SMA se acordaron nuevas acciones para la estrategia de fiscalizaci\u00f3n que se implementa en el sector. Se trata de un avance para la forma en la que estamos llegando al lugar, en el c\u00f3mo y en el cu\u00e1ndo.<\/p>\n<p>A lo anterior, las reuniones de coordinaci\u00f3n toman un rol fundamental. En esta l\u00ednea, la Superintendenta Plumer ha desplegado una ronda de reuniones de coordinaci\u00f3n con los alcaldes y con el nuevo Delegado Presidencial para aportar desde la competencia de la SMA, en el marco de la Gesti\u00f3n de la Crisis Socioambiental de Quintero y Puchuncav\u00ed; as\u00ed, como tambi\u00e9n en la exposici\u00f3n de la estrategia de fiscalizaci\u00f3n que la instituci\u00f3n se encuentra ejecutando en esta zona del pa\u00eds.<\/p>\n<p>Pero todo el trabajo y el sentido de urgencia que se le ha dado es importante que sea conocido por quienes habitan las comunas. Por quienes conviven con las empresas y quienes se han visto afectados con los distintos episodios de contaminaci\u00f3n.<\/p>\n<p>Para esto, como Superintendencia pusimos a disposici\u00f3n de las personas, de las autoridades, y de todas las partes interesadas, los datos de calidad del aire que levantan los equipos exploratorios Pyxis. Se trata de un compromiso hecho por la Ministra del Medio Ambiente, Maisa Rojas en un encuentro territorial, donde adem\u00e1s se present\u00f3 el plan de 40 acciones del gobierno para esta zona.<\/p>\n<p>Los datos -que est\u00e1n disponibles diariamente en el sitio web de la SMA, en la secci\u00f3n del Bolet\u00edn informativo CQP, a trav\u00e9s de un documento denominado \u201cMinuta Calidad del Aire SMA\u201d, que se despliega desde la secci\u00f3n Monitoreos de equipos, y que presentan el estado de la calidad del aire para las \u00faltimas 32 horas desde las estaciones oficiales de calidad del aire en la zona, y las mediciones de los compuestos org\u00e1nicos vol\u00e1tiles BTEX (benceno, tolueno, etilbenceno y xilenos), obtenidas desde los equipos Pyxis.<\/p>\n","protected":false},"excerpt":{"rendered":"<p>Por Claudia Pastore H.,\u00a0Jefa Divisi\u00f3n de Fiscalizaci\u00f3n Para la Superintendencia del Medio Ambiente, la gesti\u00f3n de fiscalizaci\u00f3n en Conc\u00f3n, Quintero y Puchuncav\u00ed es parte de las prioridades. Entendemos el sentido de urgencia que tiene la zona y quienes la habitan. Vivir en un ambiente libre de contaminaci\u00f3n es un derecho, por lo que estar en el <a href=\"https:\/\/portal.sma.gob.cl\/index.php\/poner-la-informacion-a-disposicion-de-las-personas\/\">Leer m\u00e1s<\/a><\/p>\n","protected":false},"author":8,"featured_media":27322,"comment_status":"open","ping_status":"open","sticky":false,"template":"","format":"standard","meta":{"footnotes":""},"categories":[248,225],"tags":[],"class_list":["post-27318","post","type-post","status-publish","format-standard","has-post-thumbnail","hentry","category-boletin-cqp_julio-2","category-macrozona-centro"],"_links":{"self":[{"href":"https:\/\/portal.sma.gob.cl\/index.php\/wp-json\/wp\/v2\/posts\/27318","targetHints":{"allow":["GET"]}}],"collection":[{"href":"https:\/\/portal.sma.gob.cl\/index.php\/wp-json\/wp\/v2\/posts"}],"about":[{"href":"https:\/\/portal.sma.gob.cl\/index.php\/wp-json\/wp\/v2\/types\/post"}],"author":[{"embeddable":true,"href":"https:\/\/portal.sma.gob.cl\/index.php\/wp-json\/wp\/v2\/users\/8"}],"replies":[{"embeddable":true,"href":"https:\/\/portal.sma.gob.cl\/index.php\/wp-json\/wp\/v2\/comments?post=27318"}],"version-history":[{"count":3,"href":"https:\/\/portal.sma.gob.cl\/index.php\/wp-json\/wp\/v2\/posts\/27318\/revisions"}],"predecessor-version":[{"id":27332,"href":"https:\/\/portal.sma.gob.cl\/index.php\/wp-json\/wp\/v2\/posts\/27318\/revisions\/27332"}],"wp:featuredmedia":[{"embeddable":true,"href":"https:\/\/portal.sma.gob.cl\/index.php\/wp-json\/wp\/v2\/media\/27322"}],"wp:attachment":[{"href":"https:\/\/portal.sma.gob.cl\/index.php\/wp-json\/wp\/v2\/media?parent=27318"}],"wp:term":[{"taxonomy":"category","embeddable":true,"href":"https:\/\/portal.sma.gob.cl\/index.php\/wp-json\/wp\/v2\/categories?post=27318"},{"taxonomy":"post_tag","embeddable":true,"href":"https:\/\/portal.sma.gob.cl\/index.php\/wp-json\/wp\/v2\/tags?post=27318"}],"curies":[{"name":"wp","href":"https:\/\/api.w.org\/{rel}","templated":true}]}}