{"id":27350,"date":"2023-07-28T08:54:52","date_gmt":"2023-07-28T12:54:52","guid":{"rendered":"https:\/\/portal.sma.gob.cl\/?p=27350"},"modified":"2023-07-28T08:54:52","modified_gmt":"2023-07-28T12:54:52","slug":"la-araucania-sma-inicia-procedimiento-sancionatorio-contra-planta-de-tratamiento-de-aguas-servidas-de-la-municipalidad-de-perquenco","status":"publish","type":"post","link":"https:\/\/portal.sma.gob.cl\/index.php\/la-araucania-sma-inicia-procedimiento-sancionatorio-contra-planta-de-tratamiento-de-aguas-servidas-de-la-municipalidad-de-perquenco\/","title":{"rendered":"La Araucan\u00eda: SMA inicia procedimiento sancionatorio contra planta de tratamiento de aguas servidas de la Municipalidad de Perquenco"},"content":{"rendered":"<ul>\n<li><strong>Se detectaron dos infracciones ambientales al proyecto \u201cPlanta de Tratamiento de Aguas Servidas Perquenco\u201d, siendo una grav\u00edsima y una leve. El titular arriesga una multa de hasta $ 8.359 millones.<\/strong><\/li>\n<\/ul>\n<p><strong>Regi\u00f3n De La Araucan\u00eda, 28 de julio 2023.<\/strong>\u00a0La Superintendencia del Medio Ambiente (SMA), inici\u00f3 un procedimiento sancionatorio en contra de la Ilustre Municipalidad de Perquenco, titular del Proyecto \u201cPlanta de Tratamiento de Aguas Servidas Perquenco\u201d, ubicada en la comuna de Perquenco, Regi\u00f3n de La Araucan\u00eda. Esto, se debe a incumplimientos al Decreto Supremo N\u00b090\/2000 que establece la Norma de Emisi\u00f3n para la regulaci\u00f3n de contaminantes asociados a las descargas de residuos l\u00edquidos a aguas marinas y continentales superficiales.<\/p>\n<p>Este proyecto corresponde a una planta de tratamiento de aguas servidas que presta servicios para el \u00e1rea urbana de la comuna de Perquenco, con una poblaci\u00f3n de 6.905 habitantes a la fecha, seg\u00fan informaci\u00f3n disponible en el INE para el a\u00f1o 2021.<\/p>\n<p>Al respecto, el jefe de la Oficina Regional SMA de La Araucan\u00eda, Luis Mu\u00f1oz, explica que \u201cla Planta de Tratamiento de Aguas Servidas Perquenco se fiscaliz\u00f3 en 2017 y se realizaron nuevas gestiones en 2021, dando cuenta de la mantenci\u00f3n de los incumplimientos, que generan impactos en la comunidad por los intensos olores a aguas servidas que las personas perciben, entre otros hallazgos\u201d.<\/p>\n<p>La primera infracci\u00f3n fue calificada como grav\u00edsima, y se sustenta en que el titular del proyecto no efectu\u00f3 la caracterizaci\u00f3n de fuente emisora, en circunstancias que se encuentra operando una planta de tratamiento de aguas servidas desde junio de 2021, descargando directamente el efluente crudo al estero Perquenco.<\/p>\n<p>Respecto a la segunda infracci\u00f3n, clasificada como leve, se sustenta por no reportar los monitoreos de autocontrol del Programa de Monitoreo Provisorio, para los periodos de agosto a diciembre de 2021, y enero a diciembre de 2022.<\/p>\n<p>Frente a lo anterior, la Ilustre Municipalidad de Perquenco arriesga una multa de hasta 11.000 Unidades Tributarias Anuales (UTA), equivalentes a $8.359 millones.<\/p>\n<p>Conforme con lo dispuesto en la Ley Org\u00e1nica de la SMA (LOSMA), la Municipalidad tendr\u00e1 un plazo de 10 d\u00edas h\u00e1biles para presentar un programa de cumplimiento, o de 15 d\u00edas h\u00e1biles para formular sus descargos, ambos plazos contados desde la notificaci\u00f3n de la formulaci\u00f3n de cargos.<\/p>\n<p>Para m\u00e1s informaci\u00f3n de la formulaci\u00f3n de cargos, ingresar en el Sistema Nacional de Informaci\u00f3n de Fiscalizaci\u00f3n Ambiental (SNIFA): <a href=\"https:\/\/snifa.sma.gob.cl\/Sancionatorio\/Ficha\/3377\">https:\/\/snifa.sma.gob.cl\/Sancionatorio\/Ficha\/3377<\/a><\/p>\n","protected":false},"excerpt":{"rendered":"<p>Se detectaron dos infracciones ambientales al proyecto \u201cPlanta de Tratamiento de Aguas Servidas Perquenco\u201d, siendo una grav\u00edsima y una leve. El titular arriesga una multa de hasta $ 8.359 millones. Regi\u00f3n De La Araucan\u00eda, 28 de julio 2023.\u00a0La Superintendencia del Medio Ambiente (SMA), inici\u00f3 un procedimiento sancionatorio en contra de la Ilustre Municipalidad de Perquenco, titular <a href=\"https:\/\/portal.sma.gob.cl\/index.php\/la-araucania-sma-inicia-procedimiento-sancionatorio-contra-planta-de-tratamiento-de-aguas-servidas-de-la-municipalidad-de-perquenco\/\">Leer m\u00e1s<\/a><\/p>\n","protected":false},"author":8,"featured_media":27355,"comment_status":"open","ping_status":"open","sticky":false,"template":"","format":"standard","meta":{"footnotes":""},"categories":[90,107,226],"tags":[],"class_list":["post-27350","post","type-post","status-publish","format-standard","has-post-thumbnail","hentry","category-comunicados-noticias","category-destacado","category-macrozona-sur"],"_links":{"self":[{"href":"https:\/\/portal.sma.gob.cl\/index.php\/wp-json\/wp\/v2\/posts\/27350","targetHints":{"allow":["GET"]}}],"collection":[{"href":"https:\/\/portal.sma.gob.cl\/index.php\/wp-json\/wp\/v2\/posts"}],"about":[{"href":"https:\/\/portal.sma.gob.cl\/index.php\/wp-json\/wp\/v2\/types\/post"}],"author":[{"embeddable":true,"href":"https:\/\/portal.sma.gob.cl\/index.php\/wp-json\/wp\/v2\/users\/8"}],"replies":[{"embeddable":true,"href":"https:\/\/portal.sma.gob.cl\/index.php\/wp-json\/wp\/v2\/comments?post=27350"}],"version-history":[{"count":1,"href":"https:\/\/portal.sma.gob.cl\/index.php\/wp-json\/wp\/v2\/posts\/27350\/revisions"}],"predecessor-version":[{"id":27351,"href":"https:\/\/portal.sma.gob.cl\/index.php\/wp-json\/wp\/v2\/posts\/27350\/revisions\/27351"}],"wp:featuredmedia":[{"embeddable":true,"href":"https:\/\/portal.sma.gob.cl\/index.php\/wp-json\/wp\/v2\/media\/27355"}],"wp:attachment":[{"href":"https:\/\/portal.sma.gob.cl\/index.php\/wp-json\/wp\/v2\/media?parent=27350"}],"wp:term":[{"taxonomy":"category","embeddable":true,"href":"https:\/\/portal.sma.gob.cl\/index.php\/wp-json\/wp\/v2\/categories?post=27350"},{"taxonomy":"post_tag","embeddable":true,"href":"https:\/\/portal.sma.gob.cl\/index.php\/wp-json\/wp\/v2\/tags?post=27350"}],"curies":[{"name":"wp","href":"https:\/\/api.w.org\/{rel}","templated":true}]}}