{"id":27373,"date":"2023-07-31T13:22:46","date_gmt":"2023-07-31T17:22:46","guid":{"rendered":"https:\/\/portal.sma.gob.cl\/?p=27373"},"modified":"2023-07-31T13:22:46","modified_gmt":"2023-07-31T17:22:46","slug":"superintendencia-requiere-ingreso-al-seia-al-proyecto-ex-vertedero-la-feria-operado-por-la-municipalidad-de-pedro-aguirre-cerda","status":"publish","type":"post","link":"https:\/\/portal.sma.gob.cl\/index.php\/superintendencia-requiere-ingreso-al-seia-al-proyecto-ex-vertedero-la-feria-operado-por-la-municipalidad-de-pedro-aguirre-cerda\/","title":{"rendered":"Superintendencia requiere ingreso al SEIA al proyecto Ex Vertedero La Feria operado por la Municipalidad de Pedro Aguirre Cerda"},"content":{"rendered":"<ul>\n<li><strong>Esto, luego de constatar que el predio, que se pretende sea objeto de <\/strong><strong>saneamiento ambiental y que no cuenta con el permiso ambiental requerido,<\/strong><strong> podr\u00eda contener elementos contaminantes.<\/strong><\/li>\n<\/ul>\n<p><strong>Santiago, 31 de julio de 2023.-<\/strong> La Superintendencia del Medio Ambiente (SMA) requiri\u00f3 el ingreso al Sistema de Evaluaci\u00f3n de Impacto Ambiental (SEIA) al proyecto Ex Vertedero La Feria Etapa 1, operado por la Ilustre Municipalidad de Pedro Aguirre Cerda. El ex vertedero -ubicado en calle Enrique Matte- corresponde a un proyecto de saneamiento ambiental que considera la recuperaci\u00f3n de \u00e1reas contaminadas y abarca una superficie mayor a 10.000 m3.<\/p>\n<p>Tras el resultado de las actividades de fiscalizaci\u00f3n realizadas por esta Superintendencia, se concluy\u00f3 que exist\u00edan indicios suficientes para iniciar el procedimiento, en virtud de lo establecido en el literal o) del art\u00edculo 10 de la Ley N\u00b019.300, desarrollado en el subliteral o.11) del art\u00edculo 3\u00b0 del RSEIA. Esta normativa indica que, se requiere de evaluaci\u00f3n ambiental previa a los \u201c<em>Proyectos de saneamiento ambiental, tales como sistemas de alcantarillado y agua potable, plantas de tratamiento de aguas o de residuos s\u00f3lidos de origen domiciliario, rellenos sanitarios, emisarios submarinos, sistemas de tratamiento y disposici\u00f3n de residuos industriales l\u00edquidos o s\u00f3lidos<\/em>\u201d.<\/p>\n<p>Al respecto, el jefe de la Oficina Regional Metropolitana de la SMA, Esteban Dattwyler, explic\u00f3 que \u201cen las actividades de fiscalizaci\u00f3n realizadas se pudo concluir que, dado el uso que se le dio el titular del predio con anterioridad, es altamente probable que en el suelo existan bolsones de biog\u00e1s y l\u00edquidos lixiviados provenientes de la descomposici\u00f3n de residuos org\u00e1nicos y metales pesados contenidos en otra clase de residuos domiciliarios\u201d. Junto con esto, agreg\u00f3 que \u201ctodos ellos caben en la definici\u00f3n de contaminaci\u00f3n que establece la ley 19.300, por lo que este proyecto requiere de un permiso ambiental para su ejecuci\u00f3n\u201d.<\/p>\n<p>Adem\u00e1s, la superficie que abarca el espacio a ser intervenido con la remediaci\u00f3n del terreno que propuso el titular, supera con creces el umbral legal de 10.000m2, llegando a los 116.199m2.<\/p>\n<p>Tras analizar estos y otros antecedentes, la Superintendencia determin\u00f3 que el proyecto Ex Vertedero La Feria Etapa 1 ha eludido el Sistema de Evaluaci\u00f3n de Impacto Ambiental (SEIA).<\/p>\n<p>En caso de que el ingreso del proyecto al SEIA se realice mediante una Declaraci\u00f3n de Impacto Ambiental (DIA), el ingreso deber\u00e1 realizarse en un plazo de 8 meses desde la fecha de la notificaci\u00f3n de la presente resoluci\u00f3n. Por otro lado, en caso de que el ingreso del proyecto al SEIA se realice mediante la presentaci\u00f3n de un Estudio de Impacto Ambiental (EIA), el ingreso deber\u00e1 realizarse en un plazo de 12 meses desde la fecha de la notificaci\u00f3n de la presente resoluci\u00f3n<\/p>\n<p>Para m\u00e1s informaci\u00f3n del Requerimiento de Ingreso al SEIA, ingresar en el Sistema Nacional de Informaci\u00f3n de Fiscalizaci\u00f3n Ambiental (SNIFA): <a href=\"https:\/\/snifa.sma.gob.cl\/RequerimientoIngreso\/Ficha\/137\">https:\/\/snifa.sma.gob.cl\/RequerimientoIngreso\/Ficha\/137<\/a><\/p>\n","protected":false},"excerpt":{"rendered":"<p>Esto, luego de constatar que el predio, que se pretende sea objeto de saneamiento ambiental y que no cuenta con el permiso ambiental requerido, podr\u00eda contener elementos contaminantes. Santiago, 31 de julio de 2023.- La Superintendencia del Medio Ambiente (SMA) requiri\u00f3 el ingreso al Sistema de Evaluaci\u00f3n de Impacto Ambiental (SEIA) al proyecto Ex Vertedero La <a href=\"https:\/\/portal.sma.gob.cl\/index.php\/superintendencia-requiere-ingreso-al-seia-al-proyecto-ex-vertedero-la-feria-operado-por-la-municipalidad-de-pedro-aguirre-cerda\/\">Leer m\u00e1s<\/a><\/p>\n","protected":false},"author":13,"featured_media":27371,"comment_status":"open","ping_status":"open","sticky":false,"template":"","format":"standard","meta":{"footnotes":""},"categories":[90,107,225],"tags":[],"class_list":["post-27373","post","type-post","status-publish","format-standard","has-post-thumbnail","hentry","category-comunicados-noticias","category-destacado","category-macrozona-centro"],"_links":{"self":[{"href":"https:\/\/portal.sma.gob.cl\/index.php\/wp-json\/wp\/v2\/posts\/27373","targetHints":{"allow":["GET"]}}],"collection":[{"href":"https:\/\/portal.sma.gob.cl\/index.php\/wp-json\/wp\/v2\/posts"}],"about":[{"href":"https:\/\/portal.sma.gob.cl\/index.php\/wp-json\/wp\/v2\/types\/post"}],"author":[{"embeddable":true,"href":"https:\/\/portal.sma.gob.cl\/index.php\/wp-json\/wp\/v2\/users\/13"}],"replies":[{"embeddable":true,"href":"https:\/\/portal.sma.gob.cl\/index.php\/wp-json\/wp\/v2\/comments?post=27373"}],"version-history":[{"count":1,"href":"https:\/\/portal.sma.gob.cl\/index.php\/wp-json\/wp\/v2\/posts\/27373\/revisions"}],"predecessor-version":[{"id":27374,"href":"https:\/\/portal.sma.gob.cl\/index.php\/wp-json\/wp\/v2\/posts\/27373\/revisions\/27374"}],"wp:featuredmedia":[{"embeddable":true,"href":"https:\/\/portal.sma.gob.cl\/index.php\/wp-json\/wp\/v2\/media\/27371"}],"wp:attachment":[{"href":"https:\/\/portal.sma.gob.cl\/index.php\/wp-json\/wp\/v2\/media?parent=27373"}],"wp:term":[{"taxonomy":"category","embeddable":true,"href":"https:\/\/portal.sma.gob.cl\/index.php\/wp-json\/wp\/v2\/categories?post=27373"},{"taxonomy":"post_tag","embeddable":true,"href":"https:\/\/portal.sma.gob.cl\/index.php\/wp-json\/wp\/v2\/tags?post=27373"}],"curies":[{"name":"wp","href":"https:\/\/api.w.org\/{rel}","templated":true}]}}