{"id":27390,"date":"2023-08-01T12:00:51","date_gmt":"2023-08-01T16:00:51","guid":{"rendered":"https:\/\/portal.sma.gob.cl\/?p=27390"},"modified":"2023-08-01T18:24:39","modified_gmt":"2023-08-01T22:24:39","slug":"tercer-tribunal-ambiental-confirma-multa-de-la-sma-a-inmobiliaria-providencia-por-incumplimientos-a-la-norma-de-ruidos","status":"publish","type":"post","link":"https:\/\/portal.sma.gob.cl\/index.php\/tercer-tribunal-ambiental-confirma-multa-de-la-sma-a-inmobiliaria-providencia-por-incumplimientos-a-la-norma-de-ruidos\/","title":{"rendered":"Tercer Tribunal Ambiental confirma multa de la SMA a Inmobiliaria Providencia por incumplimientos a la norma de ruidos"},"content":{"rendered":"<ul>\n<li><em>El organismo rechaz\u00f3 la reclamaci\u00f3n presentada por la empresa, con la que buscaba anular la multa cursada por la Superintendencia debido a las infracciones a la norma de ruidos que fueron cometidas durante las faenas constructivas del proyecto condominio Parque Kramer, en la comuna de Valdivia. <\/em><\/li>\n<\/ul>\n<p>&nbsp;<\/p>\n<p>El Tercer Tribunal Ambiental confirm\u00f3 la legalidad de la resoluci\u00f3n tomada por la Superintendencia del Medio Ambiente (SMA) con la que mult\u00f3 -con 360 UTA- a la Inmobiliaria Providencia por infracciones a la norma de ruidos, en el marco de las faenas constructivas del proyecto condominio Parque Kramer, en la comuna de Valdivia, Regi\u00f3n de Los R\u00edos.<\/p>\n<p>Con esto, el tribunal rechaz\u00f3 las reclamaciones de la inmobiliaria relativas a la demora de la SMA en la tramitaci\u00f3n del procedimiento, relevando que la etapa recursiva no forma parte del procedimiento sancionatorio y que la sanci\u00f3n de la Superintendencia es eficaz, pese a que la obra ya haya finalizado.<\/p>\n<p>Adem\u00e1s, confirm\u00f3 que basta con acreditar la infracci\u00f3n de la norma y descartar las circunstancias de fuerza mayor o caso fortuito, para tener por establecida la\u00a0culpabilidad del infractor en este caso.<\/p>\n<p>Junto con esto, el tribunal indic\u00f3 que es la inmobiliaria la propietaria y mandante de la ejecuci\u00f3n de las obras que originaron los ruidos y fue quien actu\u00f3 como tal en la tramitaci\u00f3n del procedimiento administrativo, por lo que descart\u00f3 la responsabilidad de la constructora.<\/p>\n<p>Asimismo, el tribunal consider\u00f3 que la SMA hab\u00eda ponderado correctamente las circunstancias del art\u00edculo 40 de la Ley Org\u00e1nica de la Superintendencia (LOSMA), para la determinaci\u00f3n de la sanci\u00f3n conforme a los criterios establecidos en las Bases Metodol\u00f3gicas para la Determinaci\u00f3n de Sanciones Ambientales.\u00a0Asimismo, el tribunal valid\u00f3\u00a0la ponderaci\u00f3n de las circunstancias del art\u00edculo 40 de la LOSMA que concurrieron en el caso concreto.<\/p>\n<p>El enlace del procedimiento sancionatorio\u00a0Rol D-169-2019 es el siguiente:\u00a0<a href=\"https:\/\/snifa.sma.gob.cl\/Sancionatorio\/Ficha\/2056\">https:\/\/snifa.sma.gob.cl\/Sancionatorio\/Ficha\/2056<\/a><\/p>\n<p>&nbsp;<\/p>\n","protected":false},"excerpt":{"rendered":"<p>El organismo rechaz\u00f3 la reclamaci\u00f3n presentada por la empresa, con la que buscaba anular la multa cursada por la Superintendencia debido a las infracciones a la norma de ruidos que fueron cometidas durante las faenas constructivas del proyecto condominio Parque Kramer, en la comuna de Valdivia. &nbsp; El Tercer Tribunal Ambiental confirm\u00f3 la legalidad de la <a href=\"https:\/\/portal.sma.gob.cl\/index.php\/tercer-tribunal-ambiental-confirma-multa-de-la-sma-a-inmobiliaria-providencia-por-incumplimientos-a-la-norma-de-ruidos\/\">Leer m\u00e1s<\/a><\/p>\n","protected":false},"author":13,"featured_media":27391,"comment_status":"open","ping_status":"open","sticky":false,"template":"","format":"standard","meta":{"footnotes":""},"categories":[90,226],"tags":[],"class_list":["post-27390","post","type-post","status-publish","format-standard","has-post-thumbnail","hentry","category-comunicados-noticias","category-macrozona-sur"],"_links":{"self":[{"href":"https:\/\/portal.sma.gob.cl\/index.php\/wp-json\/wp\/v2\/posts\/27390","targetHints":{"allow":["GET"]}}],"collection":[{"href":"https:\/\/portal.sma.gob.cl\/index.php\/wp-json\/wp\/v2\/posts"}],"about":[{"href":"https:\/\/portal.sma.gob.cl\/index.php\/wp-json\/wp\/v2\/types\/post"}],"author":[{"embeddable":true,"href":"https:\/\/portal.sma.gob.cl\/index.php\/wp-json\/wp\/v2\/users\/13"}],"replies":[{"embeddable":true,"href":"https:\/\/portal.sma.gob.cl\/index.php\/wp-json\/wp\/v2\/comments?post=27390"}],"version-history":[{"count":1,"href":"https:\/\/portal.sma.gob.cl\/index.php\/wp-json\/wp\/v2\/posts\/27390\/revisions"}],"predecessor-version":[{"id":27392,"href":"https:\/\/portal.sma.gob.cl\/index.php\/wp-json\/wp\/v2\/posts\/27390\/revisions\/27392"}],"wp:featuredmedia":[{"embeddable":true,"href":"https:\/\/portal.sma.gob.cl\/index.php\/wp-json\/wp\/v2\/media\/27391"}],"wp:attachment":[{"href":"https:\/\/portal.sma.gob.cl\/index.php\/wp-json\/wp\/v2\/media?parent=27390"}],"wp:term":[{"taxonomy":"category","embeddable":true,"href":"https:\/\/portal.sma.gob.cl\/index.php\/wp-json\/wp\/v2\/categories?post=27390"},{"taxonomy":"post_tag","embeddable":true,"href":"https:\/\/portal.sma.gob.cl\/index.php\/wp-json\/wp\/v2\/tags?post=27390"}],"curies":[{"name":"wp","href":"https:\/\/api.w.org\/{rel}","templated":true}]}}