{"id":27451,"date":"2023-08-09T12:16:40","date_gmt":"2023-08-09T16:16:40","guid":{"rendered":"https:\/\/portal.sma.gob.cl\/?p=27451"},"modified":"2023-09-29T11:57:50","modified_gmt":"2023-09-29T14:57:50","slug":"informe-tecnico-evaluacion-del-cumplimiento-de-las-normas-de-calidad-del-aire","status":"publish","type":"post","link":"https:\/\/portal.sma.gob.cl\/index.php\/informe-tecnico-evaluacion-del-cumplimiento-de-las-normas-de-calidad-del-aire\/","title":{"rendered":"Informe T\u00e9cnico: evaluaci\u00f3n del cumplimiento de las normas de calidad del aire"},"content":{"rendered":"<p><strong><em>Por Juan Pablo Rodr\u00edguez, jefe Secci\u00f3n de Calidad del Aire y Emisiones Atmosf\u00e9ricas de la Divisi\u00f3n de Fiscalizaci\u00f3n de la SMA<\/em><\/strong><\/p>\n<p>La fiscalizaci\u00f3n de la zona de Conc\u00f3n, Quintero y Puchuncav\u00ed ha sido una prioridad para la Superintendencia del Medio Ambiente. Esta priorizaci\u00f3n se ha traducido en una serie de actividades de fiscalizaci\u00f3n, ejecutadas por la oficina regional, la delegaci\u00f3n exclusiva, y tambi\u00e9n por el nivel central de la Divisi\u00f3n de Fiscalizaci\u00f3n (DFZ), a trav\u00e9s de la secci\u00f3n de Calidad del Aire y Emisiones Atmosf\u00e9ricas.<\/p>\n<p>Respecto a esto \u00faltimo, una de las principales labores de la secci\u00f3n es la elaboraci\u00f3n de los informes de cumplimiento de las normas de calidad de aire, que son el mejor indicador del efecto que las distintas pol\u00edticas y acciones de fiscalizaci\u00f3n tienen sobre el aire que respira la comunidad.<\/p>\n<p>En este sentido, anualmente, la SMA pone a disposici\u00f3n de la comunidad y del Ministerio del Medio Ambiente, el informe de fiscalizaci\u00f3n de las normas de calidad del aire, donde, en el caso del territorio de Conc\u00f3n, Quintero, y Puchuncav\u00ed, se eval\u00faan 13 estaciones con representatividad poblacional que miden la calidad del aire en la zona, es decir, que son representativas de la exposici\u00f3n de la comunidad a un contaminante en particular. El informe considera normas de calidad del aire primarias, las que tienen como objetivo proteger la salud de las personas, y secundarias, que tienen por objetivo proteger el medio ambiente y la naturaleza.<\/p>\n<p>Sobre las normas primarias de calidad del aire, se incluyen el D.S. 12\/2011 Ministerio del Medio Ambiente (MP 2,5); el D.S. 104\/2018 Ministerio del Medio Ambiente (SO<sub>2<\/sub>); el D.S. 12\/2022 Ministerio del Medio Ambiente (MP10); y el D.S. 136\/2000 Ministerio Secretar\u00eda General de la Rep\u00fablica (Pb). En relaci\u00f3n con las normas secundarias de calidad del aire, se considera el D.S. 22\/2009 Ministerio Secretar\u00eda General de la Rep\u00fablica (SO<sub>2<\/sub>).<\/p>\n<p>Es importante destacar que, de acuerdo con el dise\u00f1o normativo, estas normas se eval\u00faan a\u00f1o vencido, es decir, el informe elaborado durante el a\u00f1o 2023 considera los registros de las mediciones disponibles hasta el a\u00f1o 2022.\u00a0El documento se encuentra disponible en el Sistema Nacional de Informaci\u00f3n Ambiental (SNIFA), en el siguiente enlace: <a href=\"https:\/\/snifa.sma.gob.cl\/Fiscalizacion\/Ficha\/1059171\">https:\/\/snifa.sma.gob.cl\/Fiscalizacion\/Ficha\/1059171<\/a>.<\/p>\n<p>En ese informe, la comunidad podr\u00e1 observar la evoluci\u00f3n de la calidad del aire en la zona, donde indirectamente se puede evidenciar el efecto en la implementaci\u00f3n de las condiciones y medidas establecidas en las normas de emisi\u00f3n de termoel\u00e9ctricas y fundiciones, as\u00ed como las medidas del plan de prevenci\u00f3n y descontaminaci\u00f3n vigente. En general, se puede mencionar que no se registraron superaciones de las normas de calidad para material particulado fino (MP10) ni fino respirable (MP2,5), as\u00ed como tampoco para el SO<sub>2<\/sub> (primario y secundario) ni el plomo (Pb), durante el \u00faltimo trienio.<\/p>\n<p>Invitamos a la comunidad a revisar los antecedentes de manera de que cuenten con la informaci\u00f3n oficial actualizada.<\/p>\n","protected":false},"excerpt":{"rendered":"<p>Por Juan Pablo Rodr\u00edguez, jefe Secci\u00f3n de Calidad del Aire y Emisiones Atmosf\u00e9ricas de la Divisi\u00f3n de Fiscalizaci\u00f3n de la SMA La fiscalizaci\u00f3n de la zona de Conc\u00f3n, Quintero y Puchuncav\u00ed ha sido una prioridad para la Superintendencia del Medio Ambiente. Esta priorizaci\u00f3n se ha traducido en una serie de actividades de fiscalizaci\u00f3n, ejecutadas por la <a href=\"https:\/\/portal.sma.gob.cl\/index.php\/informe-tecnico-evaluacion-del-cumplimiento-de-las-normas-de-calidad-del-aire\/\">Leer m\u00e1s<\/a><\/p>\n","protected":false},"author":8,"featured_media":27256,"comment_status":"open","ping_status":"open","sticky":false,"template":"","format":"standard","meta":{"footnotes":""},"categories":[249,225],"tags":[],"class_list":["post-27451","post","type-post","status-publish","format-standard","has-post-thumbnail","hentry","category-boletin-cqp_agosto-1","category-macrozona-centro"],"_links":{"self":[{"href":"https:\/\/portal.sma.gob.cl\/index.php\/wp-json\/wp\/v2\/posts\/27451","targetHints":{"allow":["GET"]}}],"collection":[{"href":"https:\/\/portal.sma.gob.cl\/index.php\/wp-json\/wp\/v2\/posts"}],"about":[{"href":"https:\/\/portal.sma.gob.cl\/index.php\/wp-json\/wp\/v2\/types\/post"}],"author":[{"embeddable":true,"href":"https:\/\/portal.sma.gob.cl\/index.php\/wp-json\/wp\/v2\/users\/8"}],"replies":[{"embeddable":true,"href":"https:\/\/portal.sma.gob.cl\/index.php\/wp-json\/wp\/v2\/comments?post=27451"}],"version-history":[{"count":2,"href":"https:\/\/portal.sma.gob.cl\/index.php\/wp-json\/wp\/v2\/posts\/27451\/revisions"}],"predecessor-version":[{"id":27538,"href":"https:\/\/portal.sma.gob.cl\/index.php\/wp-json\/wp\/v2\/posts\/27451\/revisions\/27538"}],"wp:featuredmedia":[{"embeddable":true,"href":"https:\/\/portal.sma.gob.cl\/index.php\/wp-json\/wp\/v2\/media\/27256"}],"wp:attachment":[{"href":"https:\/\/portal.sma.gob.cl\/index.php\/wp-json\/wp\/v2\/media?parent=27451"}],"wp:term":[{"taxonomy":"category","embeddable":true,"href":"https:\/\/portal.sma.gob.cl\/index.php\/wp-json\/wp\/v2\/categories?post=27451"},{"taxonomy":"post_tag","embeddable":true,"href":"https:\/\/portal.sma.gob.cl\/index.php\/wp-json\/wp\/v2\/tags?post=27451"}],"curies":[{"name":"wp","href":"https:\/\/api.w.org\/{rel}","templated":true}]}}