{"id":27457,"date":"2023-08-09T12:17:18","date_gmt":"2023-08-09T16:17:18","guid":{"rendered":"https:\/\/portal.sma.gob.cl\/?p=27457"},"modified":"2023-09-29T11:57:28","modified_gmt":"2023-09-29T14:57:28","slug":"alejandro-villa-delegado-presidencial-para-concon-quintero-y-puchuncavi-es-importante-comunicar-a-la-ciudadania-con-oportunidad-y-certeza","status":"publish","type":"post","link":"https:\/\/portal.sma.gob.cl\/index.php\/alejandro-villa-delegado-presidencial-para-concon-quintero-y-puchuncavi-es-importante-comunicar-a-la-ciudadania-con-oportunidad-y-certeza\/","title":{"rendered":"Alejandro Villa, Delegado Presidencial para Conc\u00f3n, Quintero y Puchuncav\u00ed: \u201cEs importante comunicar a la ciudadan\u00eda con oportunidad y certeza\u201d"},"content":{"rendered":"<ul>\n<li><em><strong>El 18 de julio pasado, el Presidente Gabriel Boric design\u00f3 al nuevo encargado para el territorio a Alejandro Villa, ge\u00f3grafo con vasta experiencia en el mundo ambiental. Tendr\u00e1 el rol de coordinar a los organismos sectoriales con competencia en la zona y gestionar el trabajo para abordar los problemas de contaminaci\u00f3n que afectan a las tres comunas.<\/strong><\/em><\/li>\n<\/ul>\n<p>Alejandro Villa, fue designado el 18 de julio pasado como nuevo Delegado Presidencial para las tres comunas, bajo el mandato del Presidente Gabriel Boric de optimizar el trabajo en el territorio para hacer frente al problema que enfrentan quienes viven en la zona.<\/p>\n<p>Villa es ge\u00f3grafo de la Universidad de Playa Ancha y Mag\u00edster en Medio Ambiente de la Universidad de Chile. Dentro de su experiencia, cumpli\u00f3 funciones en la Comisi\u00f3n Nacional de Medio Ambiente (CONAMA) y la Seremi del Medio Ambiente de Valpara\u00edso.<\/p>\n<p>A poco menos de un mes de haber asumido en el cargo, el Delegado abord\u00f3 sus prioridades y desaf\u00edos para la gesti\u00f3n. Revisa la entrevista:<\/p>\n<ul>\n<li><strong>\u00bfCu\u00e1les ser\u00e1n sus prioridades en Conc\u00f3n, Quintero y Puchuncav\u00ed?<\/strong><\/li>\n<\/ul>\n<p>Cuando fui designado en el cargo, el Presidente Boric me encomend\u00f3 distintas funciones para optimizar el trabajo que se est\u00e1 haciendo en el territorio. Una de las tareas ser\u00e1 coordinar el Comit\u00e9 Operativo de Fiscalizaci\u00f3n (COF) con el objetivo de que todas las acciones que se definan en esa instancia sean informadas de forma oportuna y clara a la ciudadan\u00eda. Como segundo aspecto, colaborar\u00e9 en la agilizaci\u00f3n de los compromisos que se tomen de forma sectorial para ser implementados en las comunas de Conc\u00f3n, Quintero y Puchuncav\u00ed. Para el gobierno mejorar la calidad de vida de las personas es una prioridad, pero sabemos que no ocurrir\u00e1 de la noche a la ma\u00f1ana, por lo que es clave articular los esfuerzos y el trabajo. El Presidente est\u00e1 pendiente de este tema, por lo que yo estar\u00e9 informando permanentemente del estado de avance de las materias comprometidas.<\/p>\n<ul>\n<li><strong>\u00bfCu\u00e1les son los principales desaf\u00edos que ve en el territorio?<\/strong><\/li>\n<\/ul>\n<p>En este tema es muy importante consolidar, ante quienes habitan las tres comunas, que la informaci\u00f3n sobre los avances de la situaci\u00f3n socioambiental, y que est\u00e1 validada de forma oficial, es la que entregan los organismos de la administraci\u00f3n del Estado. Por esta raz\u00f3n, las instituciones se encuentran trabajando para poder a disposici\u00f3n de las personas informaci\u00f3n relevante sobre las acciones que se realizan en el territorio.<\/p>\n<ul>\n<li><strong>\u00bfC\u00f3mo ha visto la coordinaci\u00f3n y el trabajo de los organismos sectoriales en el territorio?<\/strong><\/li>\n<\/ul>\n<p>La coordinaci\u00f3n con los servicios p\u00fablicos en el territorio es buena. Por cierto, siempre habr\u00e1 aspectos que mejorar. Lo importante es se\u00f1alar que para el gobierno esto es una prioridad, por lo que se trabaja de forma constante en mejorar las coordinaciones y trabajo conjunto. Ahora, el espacio formal para la mejora continua ser\u00e1 el Comit\u00e9 Operativo de Fiscalizaci\u00f3n.<\/p>\n<ul>\n<li><strong>\u00bfCu\u00e1l fue el principal encargo del presidente Boric al designarlo en el cargo?<\/strong><\/li>\n<\/ul>\n<p>Comunicar a la ciudadan\u00eda con oportunidad y certeza cada una de las medidas que actualmente se implementan en el territorio, de forma comprensible y transversal. Esto es muy importante.<\/p>\n<p>&nbsp;<\/p>\n","protected":false},"excerpt":{"rendered":"<p>El 18 de julio pasado, el Presidente Gabriel Boric design\u00f3 al nuevo encargado para el territorio a Alejandro Villa, ge\u00f3grafo con vasta experiencia en el mundo ambiental. Tendr\u00e1 el rol de coordinar a los organismos sectoriales con competencia en la zona y gestionar el trabajo para abordar los problemas de contaminaci\u00f3n que afectan a las tres <a href=\"https:\/\/portal.sma.gob.cl\/index.php\/alejandro-villa-delegado-presidencial-para-concon-quintero-y-puchuncavi-es-importante-comunicar-a-la-ciudadania-con-oportunidad-y-certeza\/\">Leer m\u00e1s<\/a><\/p>\n","protected":false},"author":8,"featured_media":27293,"comment_status":"open","ping_status":"open","sticky":false,"template":"","format":"standard","meta":{"footnotes":""},"categories":[249,225],"tags":[],"class_list":["post-27457","post","type-post","status-publish","format-standard","has-post-thumbnail","hentry","category-boletin-cqp_agosto-1","category-macrozona-centro"],"_links":{"self":[{"href":"https:\/\/portal.sma.gob.cl\/index.php\/wp-json\/wp\/v2\/posts\/27457","targetHints":{"allow":["GET"]}}],"collection":[{"href":"https:\/\/portal.sma.gob.cl\/index.php\/wp-json\/wp\/v2\/posts"}],"about":[{"href":"https:\/\/portal.sma.gob.cl\/index.php\/wp-json\/wp\/v2\/types\/post"}],"author":[{"embeddable":true,"href":"https:\/\/portal.sma.gob.cl\/index.php\/wp-json\/wp\/v2\/users\/8"}],"replies":[{"embeddable":true,"href":"https:\/\/portal.sma.gob.cl\/index.php\/wp-json\/wp\/v2\/comments?post=27457"}],"version-history":[{"count":5,"href":"https:\/\/portal.sma.gob.cl\/index.php\/wp-json\/wp\/v2\/posts\/27457\/revisions"}],"predecessor-version":[{"id":27531,"href":"https:\/\/portal.sma.gob.cl\/index.php\/wp-json\/wp\/v2\/posts\/27457\/revisions\/27531"}],"wp:featuredmedia":[{"embeddable":true,"href":"https:\/\/portal.sma.gob.cl\/index.php\/wp-json\/wp\/v2\/media\/27293"}],"wp:attachment":[{"href":"https:\/\/portal.sma.gob.cl\/index.php\/wp-json\/wp\/v2\/media?parent=27457"}],"wp:term":[{"taxonomy":"category","embeddable":true,"href":"https:\/\/portal.sma.gob.cl\/index.php\/wp-json\/wp\/v2\/categories?post=27457"},{"taxonomy":"post_tag","embeddable":true,"href":"https:\/\/portal.sma.gob.cl\/index.php\/wp-json\/wp\/v2\/tags?post=27457"}],"curies":[{"name":"wp","href":"https:\/\/api.w.org\/{rel}","templated":true}]}}