{"id":27463,"date":"2023-08-09T12:18:17","date_gmt":"2023-08-09T16:18:17","guid":{"rendered":"https:\/\/portal.sma.gob.cl\/?p=27463"},"modified":"2023-09-29T11:57:08","modified_gmt":"2023-09-29T14:57:08","slug":"revisa-el-detalle-de-las-fiscalizaciones-realizadas-a-las-empresas-durante-el-periodo-gec","status":"publish","type":"post","link":"https:\/\/portal.sma.gob.cl\/index.php\/revisa-el-detalle-de-las-fiscalizaciones-realizadas-a-las-empresas-durante-el-periodo-gec\/","title":{"rendered":"Revisa el detalle de las fiscalizaciones realizadas a las empresas durante el periodo GEC"},"content":{"rendered":"<ul>\n<li><strong><em>Entre el 1 de abril y el 6 de agosto de este a\u00f1o, la Superintendencia del Medio Ambiente ha realizado distintas fiscalizaciones a las empresas que son parte del cord\u00f3n industrial instalado en la Regi\u00f3n de Valpara\u00edso. <\/em><\/strong><\/li>\n<\/ul>\n<p>Un total de 81 inspecciones a distintos establecimientos industriales de Conc\u00f3n, Quintero y Puchuncav\u00ed ha realizado la Superintendencia del Medio Ambiente (SMA) durante la Gesti\u00f3n de Episodios Cr\u00edticos (GEC) del a\u00f1o 2023. Esto significa, considerando el periodo entre el 1 de abril de este a\u00f1o en adelante.<\/p>\n<p>Estas acciones se han llevado a cabo tanto de forma programada, como atendiendo las contingencias ante la declaraci\u00f3n de alg\u00fan episodio cr\u00edtico.<\/p>\n<p>Esta cifra aumenta al considerar todo el a\u00f1o, es decir desde el 1 de enero, ya que llega a 97 inspecciones en total.<\/p>\n<p>Revisa el detalle en la siguiente tabla:<\/p>\n<p>&nbsp;<\/p>\n<table class=\"table-1\">\n<tbody>\n<tr>\n<td width=\"294\"><strong>Establecimiento<\/strong><\/td>\n<td width=\"294\"><strong>Inspecciones periodo GEC *<\/strong><\/td>\n<\/tr>\n<tr>\n<td width=\"294\">Abastible<\/td>\n<td width=\"294\">3<\/td>\n<\/tr>\n<tr>\n<td width=\"294\">Aes Andes<\/td>\n<td width=\"294\">3<\/td>\n<\/tr>\n<tr>\n<td width=\"294\">Asfalcom<\/td>\n<td width=\"294\">2<\/td>\n<\/tr>\n<tr>\n<td width=\"294\">Basf Conc\u00f3n<\/td>\n<td width=\"294\">5<\/td>\n<\/tr>\n<tr>\n<td width=\"294\">Bosques del Mauco<\/td>\n<td width=\"294\">2<\/td>\n<\/tr>\n<tr>\n<td width=\"294\">Codelco<\/td>\n<td width=\"294\">4<\/td>\n<\/tr>\n<tr>\n<td width=\"294\">Copec Conc\u00f3n<\/td>\n<td width=\"294\">6<\/td>\n<\/tr>\n<tr>\n<td width=\"294\">Copec Lubricantes<\/td>\n<td width=\"294\">4<\/td>\n<\/tr>\n<tr>\n<td width=\"294\">Copec TPI<\/td>\n<td width=\"294\">7<\/td>\n<\/tr>\n<tr>\n<td width=\"294\">Enap Conc\u00f3n<\/td>\n<td width=\"294\">8<\/td>\n<\/tr>\n<tr>\n<td width=\"294\">Enap Quintero<\/td>\n<td width=\"294\">9<\/td>\n<\/tr>\n<tr>\n<td width=\"294\">Enex<\/td>\n<td width=\"294\">6<\/td>\n<\/tr>\n<tr>\n<td width=\"294\">Gasmar<\/td>\n<td width=\"294\">5<\/td>\n<\/tr>\n<tr>\n<td width=\"294\">GNL<\/td>\n<td width=\"294\">2<\/td>\n<\/tr>\n<tr>\n<td width=\"294\">Linde<\/td>\n<td width=\"294\">3<\/td>\n<\/tr>\n<tr>\n<td width=\"294\">Lipigas<\/td>\n<td width=\"294\">2<\/td>\n<\/tr>\n<tr>\n<td width=\"294\">Oxiquim<\/td>\n<td width=\"294\">6<\/td>\n<\/tr>\n<tr>\n<td width=\"294\">Pesquera Quintero<\/td>\n<td width=\"294\">2<\/td>\n<\/tr>\n<tr>\n<td width=\"294\">Puerto Ventanas<\/td>\n<td width=\"294\">1<\/td>\n<\/tr>\n<tr>\n<td width=\"294\">Styropek<\/td>\n<td width=\"294\">1<\/td>\n<\/tr>\n<tr>\n<td width=\"294\"><strong>Total<\/strong><\/td>\n<td width=\"294\"><strong>81<\/strong><\/td>\n<\/tr>\n<\/tbody>\n<\/table>\n<p>*Hasta el 6 de agosto de 2023.<\/p>\n","protected":false},"excerpt":{"rendered":"<p>Entre el 1 de abril y el 6 de agosto de este a\u00f1o, la Superintendencia del Medio Ambiente ha realizado distintas fiscalizaciones a las empresas que son parte del cord\u00f3n industrial instalado en la Regi\u00f3n de Valpara\u00edso. Un total de 81 inspecciones a distintos establecimientos industriales de Conc\u00f3n, Quintero y Puchuncav\u00ed ha realizado la Superintendencia del <a href=\"https:\/\/portal.sma.gob.cl\/index.php\/revisa-el-detalle-de-las-fiscalizaciones-realizadas-a-las-empresas-durante-el-periodo-gec\/\">Leer m\u00e1s<\/a><\/p>\n","protected":false},"author":8,"featured_media":27518,"comment_status":"open","ping_status":"open","sticky":false,"template":"","format":"standard","meta":{"footnotes":""},"categories":[249,225],"tags":[],"class_list":["post-27463","post","type-post","status-publish","format-standard","has-post-thumbnail","hentry","category-boletin-cqp_agosto-1","category-macrozona-centro"],"_links":{"self":[{"href":"https:\/\/portal.sma.gob.cl\/index.php\/wp-json\/wp\/v2\/posts\/27463","targetHints":{"allow":["GET"]}}],"collection":[{"href":"https:\/\/portal.sma.gob.cl\/index.php\/wp-json\/wp\/v2\/posts"}],"about":[{"href":"https:\/\/portal.sma.gob.cl\/index.php\/wp-json\/wp\/v2\/types\/post"}],"author":[{"embeddable":true,"href":"https:\/\/portal.sma.gob.cl\/index.php\/wp-json\/wp\/v2\/users\/8"}],"replies":[{"embeddable":true,"href":"https:\/\/portal.sma.gob.cl\/index.php\/wp-json\/wp\/v2\/comments?post=27463"}],"version-history":[{"count":5,"href":"https:\/\/portal.sma.gob.cl\/index.php\/wp-json\/wp\/v2\/posts\/27463\/revisions"}],"predecessor-version":[{"id":27524,"href":"https:\/\/portal.sma.gob.cl\/index.php\/wp-json\/wp\/v2\/posts\/27463\/revisions\/27524"}],"wp:featuredmedia":[{"embeddable":true,"href":"https:\/\/portal.sma.gob.cl\/index.php\/wp-json\/wp\/v2\/media\/27518"}],"wp:attachment":[{"href":"https:\/\/portal.sma.gob.cl\/index.php\/wp-json\/wp\/v2\/media?parent=27463"}],"wp:term":[{"taxonomy":"category","embeddable":true,"href":"https:\/\/portal.sma.gob.cl\/index.php\/wp-json\/wp\/v2\/categories?post=27463"},{"taxonomy":"post_tag","embeddable":true,"href":"https:\/\/portal.sma.gob.cl\/index.php\/wp-json\/wp\/v2\/tags?post=27463"}],"curies":[{"name":"wp","href":"https:\/\/api.w.org\/{rel}","templated":true}]}}