{"id":27555,"date":"2023-08-10T17:14:29","date_gmt":"2023-08-10T21:14:29","guid":{"rendered":"https:\/\/portal.sma.gob.cl\/?p=27555"},"modified":"2023-08-10T17:27:05","modified_gmt":"2023-08-10T21:27:05","slug":"superintendenta-plumer-visita-la-region-de-los-rios-para-reunion-con-autoridades-y-participar-en-capacitaciones-sobre-justicia-ambiental-del-tercer-tribunal-ambiental","status":"publish","type":"post","link":"https:\/\/portal.sma.gob.cl\/index.php\/superintendenta-plumer-visita-la-region-de-los-rios-para-reunion-con-autoridades-y-participar-en-capacitaciones-sobre-justicia-ambiental-del-tercer-tribunal-ambiental\/","title":{"rendered":"Superintendenta Plumer visita la Regi\u00f3n de Los R\u00edos para reuni\u00f3n con autoridades y participar en capacitaciones sobre justicia ambiental del Tercer Tribunal Ambiental"},"content":{"rendered":"<ul>\n<li><strong>Se trata de la primera visita oficial de la jefa del Servicio a la Regi\u00f3n de Los R\u00edos y tuvo como fin abordar distintas preocupaciones ambientales que afectan a la zona. <\/strong><\/li>\n<\/ul>\n<p><strong>Valdivia, Regi\u00f3n de Los R\u00edos, 10 de agosto de 2023.-<\/strong> La Superintendenta del Medio Ambiente, Marie Claude Plumer, lleg\u00f3 hasta la Regi\u00f3n de Los R\u00edos en el marco de una visita oficial que tiene como objetivo sostener reuniones con distintas autoridades locales y, adem\u00e1s, participar, junto a una delegaci\u00f3n de la Instituci\u00f3n, en las III Jornadas de Capacitaci\u00f3n en Justicia Ambiental, organizado por el Tercer Tribunal Ambiental.<\/p>\n<p>Durante la visita, y en compa\u00f1\u00eda del Jefe de la Oficina Regional de la SMA en Los R\u00edos, Eduardo Rodr\u00edguez, la Superintendenta Plumer sostuvo una serie de reuniones con autoridades, entre ellas, la Delegada Presidencial Regional de Los R\u00edos, <strong>Carla Pe\u00f1a<\/strong>, el Seremi de Medio Ambiente regional, <strong>Alberto Tac\u00f3n<\/strong>, la Directora Ejecutiva del Servicio de Evaluaci\u00f3n Ambiental (SEA), <strong>Valentina Dur\u00e1n,<\/strong> junto a la Directora Regional del SEA, <strong>Karina Bastidas<\/strong>, el gobernador <strong>Luis Alfonso Cuvertino<\/strong>, y el Presidente del Tercer Tribunal Ambiental, Javier Millar. Estos encuentros tuvieron como fin abordar las principales preocupaciones ambientales de la regi\u00f3n y avanzar en materia de coordinaci\u00f3n y colaboraci\u00f3n entre las Instituciones.<\/p>\n<p>En ese contexto, la Superintendenta Plumer destac\u00f3 que \u201cse ha tratado de una visita muy productiva y que tuvo como objetivo abordar los principales problemas ambientales que afectan a la regi\u00f3n. El trabajo directo con los territorios a lo largo del pa\u00eds es sumamente importante. Conversar y establecer coordinaci\u00f3n con las autoridades locales es clave, as\u00ed como tambi\u00e9n que la autoridad central conozca de manera presencial, las preocupaciones y los avances de la gesti\u00f3n en materia ambiental\u201d.<\/p>\n<p>Cabe indicar que la Regi\u00f3n de Los R\u00edos cuenta con 547 Unidades Fiscalizables y 375 Resoluciones de Calificaci\u00f3n Ambiental. En materia de denuncias, en 2023 se han recibido 111 de estas, el 41% de ellas relacionadas a ruidos.<\/p>\n<p><strong>Jornadas de capacitaci\u00f3n <\/strong><\/p>\n<p>Por otra parte, la Superintendenta particip\u00f3 en la III Jornadas de Capacitaci\u00f3n en Justicia Ambiental, organizada por el Tercer Tribunal Ambiental. En la actividad estuvieron presentes, adem\u00e1s, el ministro de Justicia, Luis Cordero, el Contralor General de la Rep\u00fablica, Luis Cordero, la Directora Ejecutiva del SEA, Valentina Dur\u00e1n, entre otros panelistas.<\/p>\n<p>Este viernes, la jefa del Servicio participar\u00e1 en el panel de Sanciones Administrativas, donde expondr\u00e1 acerca del rol de la SMA en materia de fiscalizaci\u00f3n y sanci\u00f3n. En la instancia tambi\u00e9n presentar\u00e1n la acad\u00e9mica de la Facultad de Derecho de la Universidad de Los Andes Rosa G\u00f3mez y la ministra titular en Ciencias del Tercer Tribunal Ambiental, Sibel Villalobos.<\/p>\n","protected":false},"excerpt":{"rendered":"<p>Se trata de la primera visita oficial de la jefa del Servicio a la Regi\u00f3n de Los R\u00edos y tuvo como fin abordar distintas preocupaciones ambientales que afectan a la zona. Valdivia, Regi\u00f3n de Los R\u00edos, 10 de agosto de 2023.- La Superintendenta del Medio Ambiente, Marie Claude Plumer, lleg\u00f3 hasta la Regi\u00f3n de Los R\u00edos <a href=\"https:\/\/portal.sma.gob.cl\/index.php\/superintendenta-plumer-visita-la-region-de-los-rios-para-reunion-con-autoridades-y-participar-en-capacitaciones-sobre-justicia-ambiental-del-tercer-tribunal-ambiental\/\">Leer m\u00e1s<\/a><\/p>\n","protected":false},"author":15,"featured_media":27572,"comment_status":"open","ping_status":"open","sticky":false,"template":"","format":"standard","meta":{"footnotes":""},"categories":[90,107,238,226],"tags":[],"class_list":["post-27555","post","type-post","status-publish","format-standard","has-post-thumbnail","hentry","category-comunicados-noticias","category-destacado","category-los-rios","category-macrozona-sur"],"_links":{"self":[{"href":"https:\/\/portal.sma.gob.cl\/index.php\/wp-json\/wp\/v2\/posts\/27555","targetHints":{"allow":["GET"]}}],"collection":[{"href":"https:\/\/portal.sma.gob.cl\/index.php\/wp-json\/wp\/v2\/posts"}],"about":[{"href":"https:\/\/portal.sma.gob.cl\/index.php\/wp-json\/wp\/v2\/types\/post"}],"author":[{"embeddable":true,"href":"https:\/\/portal.sma.gob.cl\/index.php\/wp-json\/wp\/v2\/users\/15"}],"replies":[{"embeddable":true,"href":"https:\/\/portal.sma.gob.cl\/index.php\/wp-json\/wp\/v2\/comments?post=27555"}],"version-history":[{"count":1,"href":"https:\/\/portal.sma.gob.cl\/index.php\/wp-json\/wp\/v2\/posts\/27555\/revisions"}],"predecessor-version":[{"id":27556,"href":"https:\/\/portal.sma.gob.cl\/index.php\/wp-json\/wp\/v2\/posts\/27555\/revisions\/27556"}],"wp:featuredmedia":[{"embeddable":true,"href":"https:\/\/portal.sma.gob.cl\/index.php\/wp-json\/wp\/v2\/media\/27572"}],"wp:attachment":[{"href":"https:\/\/portal.sma.gob.cl\/index.php\/wp-json\/wp\/v2\/media?parent=27555"}],"wp:term":[{"taxonomy":"category","embeddable":true,"href":"https:\/\/portal.sma.gob.cl\/index.php\/wp-json\/wp\/v2\/categories?post=27555"},{"taxonomy":"post_tag","embeddable":true,"href":"https:\/\/portal.sma.gob.cl\/index.php\/wp-json\/wp\/v2\/tags?post=27555"}],"curies":[{"name":"wp","href":"https:\/\/api.w.org\/{rel}","templated":true}]}}