{"id":27591,"date":"2023-08-14T15:28:41","date_gmt":"2023-08-14T19:28:41","guid":{"rendered":"https:\/\/portal.sma.gob.cl\/?p=27591"},"modified":"2023-08-28T09:38:10","modified_gmt":"2023-08-28T13:38:10","slug":"sma-publica-resolucion-exenta-n1386-y-guia-de-catastro-y-reporte-sobre-norma-de-olores-para-planteles-porcinos","status":"publish","type":"post","link":"https:\/\/portal.sma.gob.cl\/index.php\/sma-publica-resolucion-exenta-n1386-y-guia-de-catastro-y-reporte-sobre-norma-de-olores-para-planteles-porcinos\/","title":{"rendered":"SMA publica Resoluci\u00f3n Exenta N\u00b01386 y Gu\u00eda de Catastro y Reporte sobre Norma de Olores para Planteles Porcinos\u00a0"},"content":{"rendered":"<ul>\n<li><span data-contrast=\"auto\"> <strong>Ambos documentos entregan las directrices claves para dar inicio a la implementaci\u00f3n del Decreto Supremo N\u00b09 de 2022, del Ministerio del Medio Ambiente, que establece la norma de emisi\u00f3n en planteles porcinos y que, en funci\u00f3n de sus olores, generan molestias y constituyen un riesgo a la calidad de vida de la poblaci\u00f3n. <\/strong><\/span><\/li>\n<\/ul>\n<p><span data-contrast=\"auto\">\u00a0<\/span><strong>14 de agosto de 2023.-<\/strong><span data-contrast=\"auto\"> La Superintendencia del Medio Ambiente (SMA) da a conocer la Resoluci\u00f3n Exenta N\u00b01386\/2023 y la Gu\u00eda de Catastro y Reportes sobre la Norma de Olores para Planteles Porcinos, la cual indica la forma de registro de los regulados en los sistemas de la SMA, as\u00ed como los contenidos m\u00ednimos del reporte de inicio, considerando en una primera instancia un catastro de las unidades emisoras que componen el plantel y sus respectivas pr\u00e1cticas operacionales.\u00a0<\/span><span data-ccp-props=\"{&quot;201341983&quot;:0,&quot;335551550&quot;:6,&quot;335551620&quot;:6,&quot;335559739&quot;:160,&quot;335559740&quot;:259}\">\u00a0<\/span><\/p>\n<p><span data-contrast=\"auto\">La <a href=\"https:\/\/transparencia.sma.gob.cl\/doc\/resoluciones\/RESOL_EXENTA_SMA_2023\/RESOL%20EXENTA%20N%201386%20SMA.PDF\">Resoluci\u00f3n Exenta N\u00b0 1386<\/a> se public\u00f3 en el diario oficial el 11 de agosto de 2023.\u00a0 A trav\u00e9s de esta se \u201cAprueba instrucci\u00f3n sobre deberes de remisi\u00f3n de informaci\u00f3n para fuentes afectas reguladas por el Decreto Supremo N\u00b09, de 2022, del Ministerio del Medio Ambiente, que establece norma de emisi\u00f3n en planteles porcinos que, en funci\u00f3n de sus olores, generan molestias y constituyen un riesgo a la calidad de vida de la poblaci\u00f3n\u201d.\u00a0<\/span><span data-ccp-props=\"{&quot;201341983&quot;:0,&quot;335551550&quot;:6,&quot;335551620&quot;:6,&quot;335559739&quot;:160,&quot;335559740&quot;:259}\">\u00a0<\/span><\/p>\n<p><span data-contrast=\"auto\">Junto a este documento se public\u00f3 la Gu\u00eda de Catastro y Reportes sobre la Norma de Olores para Planteles Porcinos. En ella se entregan las directrices t\u00e9cnicas para el catastro y reportes asociados a la norma. Con ello, la implementaci\u00f3n del sistema de reporte de las obligaciones a titulares se compone de dos fases:<\/span><span data-ccp-props=\"{&quot;134233117&quot;:false,&quot;134233118&quot;:false,&quot;201341983&quot;:0,&quot;335551550&quot;:6,&quot;335551620&quot;:6,&quot;335559685&quot;:0,&quot;335559737&quot;:0,&quot;335559738&quot;:0,&quot;335559739&quot;:160,&quot;335559740&quot;:259}\">\u00a0<\/span><\/p>\n<ol>\n<li><span data-contrast=\"auto\"> <strong>Fase registro regulados. <\/strong>Iniciada el 6 de agosto de 2023, los titulares de las fuentes emisoras afectas al D.S. N\u00b09\/2022 MMA deben designar uno o m\u00e1s encargados por plantel, seg\u00fan la <\/span><a href=\"https:\/\/transparencia.sma.gob.cl\/doc\/resoluciones\/RESOL_EXENTA_SMA_2020\/RESOL%20EXENTA%20N%202129%20SMA.PDF\"><span data-ccp-charstyle=\"Hyperlink\">Resoluci\u00f3n Exenta N\u00b02129<\/span><\/a><span data-contrast=\"none\"> de la SMA, con el fin de que personas naturales que cuenten con el perfil de \u201cRepresentante Legal\u201d o \u201cEncargado\u201d puedan ingresar al <\/span><a href=\"https:\/\/sar.sma.gob.cl\/\"><span data-ccp-charstyle=\"Hyperlink\">Sistema de Administraci\u00f3n de Regulados (SAR<\/span><\/a><span data-contrast=\"none\"><span data-contrast=\"none\">) con su clave \u00fanica. <\/span><\/span>Los cuales deben definir a los Respectivos Delegados, quienes quedar\u00e1n habilitados para ingresar al Sistema de Seguimiento Atmosf\u00e9rico (SISAT) al Modulo de la Norma de Olores de Planteles Porcinos. <span data-contrast=\"none\">De esta manera, quedar\u00e1n habilitados para las siguientes fases.<\/span><span data-ccp-props=\"{&quot;201341983&quot;:0,&quot;335551550&quot;:6,&quot;335551620&quot;:6,&quot;335559739&quot;:160,&quot;335559740&quot;:259}\">\u00a0<\/span><\/li>\n<\/ol>\n<p>De esta manera el o los encargados quedar\u00e1n habilitados para las siguientes fases.<span data-ccp-props=\"{&quot;201341983&quot;:0,&quot;335551550&quot;:6,&quot;335551620&quot;:6,&quot;335559685&quot;:720,&quot;335559739&quot;:160,&quot;335559740&quot;:259}\">\u00a0<\/span><\/p>\n<ol start=\"2\">\n<li><span data-contrast=\"auto\"> <strong>Fase reporte inicial\/catastro unidades emisoras<\/strong><\/span><span data-contrast=\"auto\">. Esta fase se inicia durante los primeros d\u00edas de octubre del 2023 y consistir\u00e1 en habilitar el registro de cada una de las unidades emisoras que componen el plantel, as\u00ed como sus respectivas pr\u00e1cticas operacionales, adem\u00e1s de los resultados de muestreos (TEOs) y modelaciones, cuando aplique.<\/span><span data-ccp-props=\"{&quot;201341983&quot;:0,&quot;335551550&quot;:6,&quot;335551620&quot;:6,&quot;335559739&quot;:160,&quot;335559740&quot;:259}\">\u00a0<\/span><\/li>\n<\/ol>\n<p><span data-contrast=\"auto\">\u00a0<\/span><span data-contrast=\"auto\">A modo de facilitar la compresi\u00f3n de la Resoluci\u00f3n N\u00b01386\/2023 y la Gu\u00eda de Catastro y Reportes sobre la Norma de Olores para Planteles Porcinos, pr\u00f3ximamente la SMA realizar\u00e1 un Webinar de Asistencia al Cumplimiento. La fecha y hora <u>se informar\u00e1 oportunamente a trav\u00e9s desde las plataformas y Redes<\/u> Sociales de la instituci\u00f3n.\u00a0<\/span><span data-ccp-props=\"{&quot;201341983&quot;:0,&quot;335551550&quot;:6,&quot;335551620&quot;:6,&quot;335559739&quot;:160,&quot;335559740&quot;:259}\">\u00a0<\/span><\/p>\n<ul>\n<li>Para revisar el detalle de la Gu\u00eda, puedes acceder a trav\u00e9s de: <a href=\"https:\/\/portal.sma.gob.cl\/index.php\/portal-regulados\/instructivos-y-guias\/normas-de-emision\/\"><span data-ccp-charstyle=\"Hyperlink\">https:\/\/portal.sma.gob.cl\/index.php\/portal-regulados\/instructivos-y-guias\/normas-de-emision\/<\/span><\/a><span data-contrast=\"auto\">.<\/span><\/li>\n<\/ul>\n","protected":false},"excerpt":{"rendered":"<p>Ambos documentos entregan las directrices claves para dar inicio a la implementaci\u00f3n del Decreto Supremo N\u00b09 de 2022, del Ministerio del Medio Ambiente, que establece la norma de emisi\u00f3n en planteles porcinos y que, en funci\u00f3n de sus olores, generan molestias y constituyen un riesgo a la calidad de vida de la poblaci\u00f3n. \u00a014 de agosto <a href=\"https:\/\/portal.sma.gob.cl\/index.php\/sma-publica-resolucion-exenta-n1386-y-guia-de-catastro-y-reporte-sobre-norma-de-olores-para-planteles-porcinos\/\">Leer m\u00e1s<\/a><\/p>\n","protected":false},"author":15,"featured_media":27594,"comment_status":"open","ping_status":"open","sticky":false,"template":"","format":"standard","meta":{"footnotes":""},"categories":[90,107,225],"tags":[],"class_list":["post-27591","post","type-post","status-publish","format-standard","has-post-thumbnail","hentry","category-comunicados-noticias","category-destacado","category-macrozona-centro"],"_links":{"self":[{"href":"https:\/\/portal.sma.gob.cl\/index.php\/wp-json\/wp\/v2\/posts\/27591","targetHints":{"allow":["GET"]}}],"collection":[{"href":"https:\/\/portal.sma.gob.cl\/index.php\/wp-json\/wp\/v2\/posts"}],"about":[{"href":"https:\/\/portal.sma.gob.cl\/index.php\/wp-json\/wp\/v2\/types\/post"}],"author":[{"embeddable":true,"href":"https:\/\/portal.sma.gob.cl\/index.php\/wp-json\/wp\/v2\/users\/15"}],"replies":[{"embeddable":true,"href":"https:\/\/portal.sma.gob.cl\/index.php\/wp-json\/wp\/v2\/comments?post=27591"}],"version-history":[{"count":3,"href":"https:\/\/portal.sma.gob.cl\/index.php\/wp-json\/wp\/v2\/posts\/27591\/revisions"}],"predecessor-version":[{"id":27749,"href":"https:\/\/portal.sma.gob.cl\/index.php\/wp-json\/wp\/v2\/posts\/27591\/revisions\/27749"}],"wp:featuredmedia":[{"embeddable":true,"href":"https:\/\/portal.sma.gob.cl\/index.php\/wp-json\/wp\/v2\/media\/27594"}],"wp:attachment":[{"href":"https:\/\/portal.sma.gob.cl\/index.php\/wp-json\/wp\/v2\/media?parent=27591"}],"wp:term":[{"taxonomy":"category","embeddable":true,"href":"https:\/\/portal.sma.gob.cl\/index.php\/wp-json\/wp\/v2\/categories?post=27591"},{"taxonomy":"post_tag","embeddable":true,"href":"https:\/\/portal.sma.gob.cl\/index.php\/wp-json\/wp\/v2\/tags?post=27591"}],"curies":[{"name":"wp","href":"https:\/\/api.w.org\/{rel}","templated":true}]}}