{"id":27596,"date":"2023-08-17T14:28:39","date_gmt":"2023-08-17T18:28:39","guid":{"rendered":"https:\/\/portal.sma.gob.cl\/?p=27596"},"modified":"2023-08-17T15:26:43","modified_gmt":"2023-08-17T19:26:43","slug":"sma-ordena-suspension-temporal-de-proyecto-que-considera-la-instalacion-de-110-kilometros-de-lineas-de-transmision-electrica-en-la-cordillera-de-la-costa","status":"publish","type":"post","link":"https:\/\/portal.sma.gob.cl\/index.php\/sma-ordena-suspension-temporal-de-proyecto-que-considera-la-instalacion-de-110-kilometros-de-lineas-de-transmision-electrica-en-la-cordillera-de-la-costa\/","title":{"rendered":"SMA ordena suspensi\u00f3n temporal de proyecto que considera la instalaci\u00f3n de 110 kil\u00f3metros de l\u00edneas de transmisi\u00f3n el\u00e9ctrica en la Cordillera de la Costa"},"content":{"rendered":"<ul>\n<li><em>Esto, en el marco de medidas dictadas contra el titular Casablanca Transmisora de Energ\u00eda, por el proyecto \u201cNueva L\u00ednea 2&#215;220 Nueva Alto Melipilla- Nueva Casablanca- La P\u00f3lvora- Agua Santa\u201d que se emplazar\u00e1 en distintos puntos de las regiones Metropolitana y Valpara\u00edso.<\/em><\/li>\n<li><em>La suspensi\u00f3n transitoria se realiz\u00f3 previa autorizaci\u00f3n del Segundo Tribunal Ambiental y tiene un plazo de 15 d\u00edas h\u00e1biles. <\/em><\/li>\n<\/ul>\n<p><strong>Regi\u00f3n de Valpara\u00edso, 17 de agosto de 2023.-<\/strong> La Superintendencia del Medio Ambiente (SMA) dict\u00f3 Medidas Urgentes y Transitorias (MUT) a Casablanca Transmisora de Energ\u00eda en atenci\u00f3n al riesgo que supone al medioambiente la construcci\u00f3n del proyecto \u201cNueva L\u00ednea 2&#215;220 Nueva Alto Melipilla-Nueva Casablanca- La P\u00f3lvora-Agua Santa\u201d, que considera la instalaci\u00f3n de 110,8 kil\u00f3metros de l\u00ednea de transmisi\u00f3n el\u00e9ctrica de doble circuito -a un nivel de tensi\u00f3n de 220kv- y la construcci\u00f3n de 285 torres y 216 caminos, en distintos puntos de las regiones Metropolitana y Valpara\u00edso, cruzando la Cordillera de la Costa.<\/p>\n<p>El proyecto -aprobado favorablemente en febrero de 2023- establece la obligaci\u00f3n de realizar una liberaci\u00f3n de las \u00e1reas de afectaci\u00f3n directa, con el objetivo de asegurar el rescate de especies de flora (ge\u00f3fitas), en estado de conservaci\u00f3n, que podr\u00edan encontrarse en el lugar de forma previa a la fase de construcci\u00f3n del proyecto, como Chloraea disoides, en Peligro Cr\u00edtico; Gilliesia graminea, Vulnerable; Leucocoryne foetida, Vulnerable; entre otras. Esto, deb\u00eda materializarse mediante la actualizaci\u00f3n del catastro en \u201c\u00e9poca favorable\u201d, a fin de ayudar a su identificaci\u00f3n, ya que, por su morfolog\u00eda, estas especies permanecen bajo tierra en estado latente durante periodos clim\u00e1ticos no favorables.<\/p>\n<p>Sin embargo, en actividades de fiscalizaci\u00f3n realizadas en junio por la SMA y Conaf, se pudo constatar la existencia de brotes de estas especies en once de las torres visitadas y se verific\u00f3 que las \u201cfichas de liberaci\u00f3n de ge\u00f3fitas\u201d para las torres ya iniciadas, fueron realizadas en una \u201c\u00e9poca no favorable\u201d para su identificaci\u00f3n (de marzo a junio), por lo que no fue detectado ni rescatado ning\u00fan ejemplar.<\/p>\n<p>Adicionalmente, y en base a lo que report\u00f3 el titular, de las 100 torres que se encuentran sin iniciar obras de construcci\u00f3n, 94 no cuentan con su respectiva \u201cficha de liberaci\u00f3n de ge\u00f3fitas\u201d y se emplazan en lugares que, al momento de levantar la l\u00ednea de base, fue identificada la presencia de ejemplares en estado de conservaci\u00f3n.<\/p>\n<p>La Superintendenta Marie Claude Plumer se\u00f1al\u00f3 que \u201cen raz\u00f3n de lo anterior, cabe suponer que las obligaciones contenidas en la RCA del proyecto, no han sido debidamente observadas por el titular en la ejecuci\u00f3n de las obras, generando una situaci\u00f3n de riesgo para el entorno donde se emplaza. Adem\u00e1s, los antecedentes levantados llevan a concluir que la habilitaci\u00f3n de caminos y construcci\u00f3n de torres ser\u00e1n realizadas ignorando la presencia de especies en estado de conservaci\u00f3n que pudieran encontrarse en el lugar\u201d.<\/p>\n<p>Por esta raz\u00f3n, el 11 de agosto de 2023, la Superintendencia solicit\u00f3 al Segundo Tribunal Ambiental la autorizaci\u00f3n para suspender la instalaci\u00f3n de nuevas torres, a fin de impedir que se perturben las especies que podr\u00edan estar bajo tierra en su periodo de latencia. Esta autorizaci\u00f3n fue concedida, otorgando un plazo de 15 d\u00edas h\u00e1biles administrativos.<\/p>\n<p>En virtud de lo anterior, la Superintendencia del Medio Ambiente dict\u00f3 la medida de suspender transitoriamente la instalaci\u00f3n de 94 torres por los 15 d\u00edas otorgados, y, adem\u00e1s, realiz\u00f3 un Requerimiento de Informaci\u00f3n para que el titular realice una actualizaci\u00f3n acerca de la presencia de ge\u00f3fitas en plazos que respeten los procesos biol\u00f3gicos de las especies (30, 60 y 80 d\u00edas corridos).<\/p>\n<p>Para m\u00e1s informaci\u00f3n: <a href=\"https:\/\/snifa.sma.gob.cl\/MedidaProvisional\/Ficha\/440\">https:\/\/snifa.sma.gob.cl\/MedidaProvisional\/Ficha\/440<\/a><\/p>\n","protected":false},"excerpt":{"rendered":"<p>Esto, en el marco de medidas dictadas contra el titular Casablanca Transmisora de Energ\u00eda, por el proyecto \u201cNueva L\u00ednea 2&#215;220 Nueva Alto Melipilla- Nueva Casablanca- La P\u00f3lvora- Agua Santa\u201d que se emplazar\u00e1 en distintos puntos de las regiones Metropolitana y Valpara\u00edso. La suspensi\u00f3n transitoria se realiz\u00f3 previa autorizaci\u00f3n del Segundo Tribunal Ambiental y tiene un plazo <a href=\"https:\/\/portal.sma.gob.cl\/index.php\/sma-ordena-suspension-temporal-de-proyecto-que-considera-la-instalacion-de-110-kilometros-de-lineas-de-transmision-electrica-en-la-cordillera-de-la-costa\/\">Leer m\u00e1s<\/a><\/p>\n","protected":false},"author":13,"featured_media":27597,"comment_status":"open","ping_status":"open","sticky":false,"template":"","format":"standard","meta":{"footnotes":""},"categories":[90,107,225],"tags":[],"class_list":["post-27596","post","type-post","status-publish","format-standard","has-post-thumbnail","hentry","category-comunicados-noticias","category-destacado","category-macrozona-centro"],"_links":{"self":[{"href":"https:\/\/portal.sma.gob.cl\/index.php\/wp-json\/wp\/v2\/posts\/27596","targetHints":{"allow":["GET"]}}],"collection":[{"href":"https:\/\/portal.sma.gob.cl\/index.php\/wp-json\/wp\/v2\/posts"}],"about":[{"href":"https:\/\/portal.sma.gob.cl\/index.php\/wp-json\/wp\/v2\/types\/post"}],"author":[{"embeddable":true,"href":"https:\/\/portal.sma.gob.cl\/index.php\/wp-json\/wp\/v2\/users\/13"}],"replies":[{"embeddable":true,"href":"https:\/\/portal.sma.gob.cl\/index.php\/wp-json\/wp\/v2\/comments?post=27596"}],"version-history":[{"count":5,"href":"https:\/\/portal.sma.gob.cl\/index.php\/wp-json\/wp\/v2\/posts\/27596\/revisions"}],"predecessor-version":[{"id":27603,"href":"https:\/\/portal.sma.gob.cl\/index.php\/wp-json\/wp\/v2\/posts\/27596\/revisions\/27603"}],"wp:featuredmedia":[{"embeddable":true,"href":"https:\/\/portal.sma.gob.cl\/index.php\/wp-json\/wp\/v2\/media\/27597"}],"wp:attachment":[{"href":"https:\/\/portal.sma.gob.cl\/index.php\/wp-json\/wp\/v2\/media?parent=27596"}],"wp:term":[{"taxonomy":"category","embeddable":true,"href":"https:\/\/portal.sma.gob.cl\/index.php\/wp-json\/wp\/v2\/categories?post=27596"},{"taxonomy":"post_tag","embeddable":true,"href":"https:\/\/portal.sma.gob.cl\/index.php\/wp-json\/wp\/v2\/tags?post=27596"}],"curies":[{"name":"wp","href":"https:\/\/api.w.org\/{rel}","templated":true}]}}