{"id":27695,"date":"2023-08-23T13:16:57","date_gmt":"2023-08-23T17:16:57","guid":{"rendered":"https:\/\/portal.sma.gob.cl\/?p=27695"},"modified":"2023-08-24T09:58:27","modified_gmt":"2023-08-24T13:58:27","slug":"un-total-de-102-fiscalizaciones-en-terreno-rondas-de-vigilancia-y-analisis-de-informacion-reportada-el-despliegue-de-la-sma-en-concon-quintero-y-puchuncavi","status":"publish","type":"post","link":"https:\/\/portal.sma.gob.cl\/index.php\/un-total-de-102-fiscalizaciones-en-terreno-rondas-de-vigilancia-y-analisis-de-informacion-reportada-el-despliegue-de-la-sma-en-concon-quintero-y-puchuncavi\/","title":{"rendered":"Un total de 102 fiscalizaciones en terreno, rondas de vigilancia y an\u00e1lisis de informaci\u00f3n reportada: El despliegue de la SMA en Conc\u00f3n, Quintero y Puchuncav\u00ed"},"content":{"rendered":"<ul>\n<li><strong>Del total de inspecciones, 86 han sido realizadas durante el per\u00edodo de Gesti\u00f3n de Episodios Cr\u00edticos (GEC), mientras las otras 16 se realizaron entre el 1 de enero y el 31 de marzo de este a\u00f1o.<\/strong><\/li>\n<li><strong>La Superintendencia del Medio Ambiente ha reforzado las estrategias de fiscalizaci\u00f3n, las que <a href=\"https:\/\/portal.sma.gob.cl\/index.php\/2023\/07\/17\/superintendenta-plumer-se-reune-con-alcaldes-de-concon-quintero-y-puchuncavi-y-da-a-conocer-acciones-adicionales-de-la-estrategia-de-fiscalizacion-de-la-sma-en-la-bahia\/\">fueron informadas a autoridades locales<\/a>, entre ellas los alcaldes de las tres comunas.\u00a0<\/strong><\/li>\n<\/ul>\n<p>En lo que va de 2023, la Superintendencia del Medio Ambiente (SMA) ha llevado a cabo un total de 102 fiscalizaciones en terreno en las zonas de Conc\u00f3n, Quintero y Puchuncav\u00ed. De ellas, 86 se han realizado durante el periodo de Gesti\u00f3n de Episodios Cr\u00edticos (GEC), que comenz\u00f3 el 1 de abril y finaliza el 30 de septiembre.<\/p>\n<p>Estas fiscalizaciones han tenido como objetivo revisar, principalmente, los Planes Operacionales de las empresas del cord\u00f3n industrial, y con eso, el estado operacional general de las instalaciones, el chequeo de las mejores t\u00e9cnicas disponibles para el control de emisiones de Compuestos Org\u00e1nicos Vol\u00e1tiles (COVs) y el posterior l\u00edmite de emisiones de calderas. Estas actividades han tenido lugar principalmente, atendiendo las contingencias por episodios de contaminaci\u00f3n y aumento de atenciones de salud.<\/p>\n<p>En este contexto, se han inspeccionado un total de 21 establecimientos, como Enap Conc\u00f3n, Enap Quintero, Codelco, Copec TPI, Copec Conc\u00f3n, Enex y Oxiquim, entre varias otras.<\/p>\n<p>Este trabajo est\u00e1 a cargo, fundamentalmente, de la delegaci\u00f3n exclusiva de la SMA que se encuentra distribuida en Quintero y Puchuncav\u00ed, con el apoyo de la Oficina Regional en Valpara\u00edso. La delegaci\u00f3n tiene el trabajo no s\u00f3lo de ejecutar las inspecciones, sino que, adem\u00e1s, realizar rondas de vigilancia -a trav\u00e9s de recorridos en receptores sensibles, tales como las escuelas del sector, en consideraci\u00f3n de la calidad del aire-, y ex\u00e1menes de informaci\u00f3n.<\/p>\n<p>Un examen de informaci\u00f3n es la revisi\u00f3n de los reportes que deben realizar las empresas a la SMA. Junto con esto, considera el an\u00e1lisis e interpretaci\u00f3n de los datos arrojados por los distintos equipos instalados en la zona.<\/p>\n<p>Todo esto ha permitido un mayor despliegue en la zona y rapidez en el accionar institucional ante contingencias ambientales. Cabe recordar que, en marzo y abril pasado, durante los episodios que afectaron a la comunidad, la SMA dict\u00f3 medidas provisionales en contra de empresas ubicadas en el sector, tendientes a disminuir la emisi\u00f3n de contaminantes.<\/p>\n<p>\u201cComo Superintendencia del Medio Ambiente estamos en constante revisi\u00f3n e implementaci\u00f3n de mejoras en nuestro accionar, desde las estrategias de fiscalizaci\u00f3n que se realizan en terreno, el an\u00e1lisis de muestras e informaci\u00f3n de las cifras de calidad del aire reportadas desde las estaciones de monitoreo. Es nuestro compromiso y prioridad como instituci\u00f3n\u201d, se\u00f1al\u00f3 la jefa de la Divisi\u00f3n de Fiscalizaci\u00f3n de la SMA, Claudia Pastore.<\/p>\n<p>&nbsp;<\/p>\n<p><strong>Inspecciones cord\u00f3n industrial Conc\u00f3n, Quintero y Puchuncav\u00ed<\/strong><\/p>\n<table class=\"table-1\">\n<tbody>\n<tr>\n<td><\/td>\n<td><\/td>\n<td><span style=\"color: #33cccc;\"><strong>Per\u00edodo GEC PPDA CQP 2023<\/strong><\/span><\/td>\n<td><\/td>\n<\/tr>\n<tr>\n<td><strong>Establecimiento<\/strong><\/td>\n<td><strong>Del 01 de enero a 31 de marzo<\/strong><\/td>\n<td><span style=\"color: #33cccc;\"><strong>Del 01 de abril al 20 de agosto<\/strong><\/span><\/td>\n<td><strong>Acumulado a\u00f1o 2023<\/strong><\/td>\n<\/tr>\n<tr>\n<td>ABASTIBLE<\/td>\n<td><\/td>\n<td>3<\/td>\n<td>3<\/td>\n<\/tr>\n<tr>\n<td>AES ANDES<\/td>\n<td>2<\/td>\n<td>4<\/td>\n<td>6<\/td>\n<\/tr>\n<tr>\n<td>ASFALCOM<\/td>\n<td><\/td>\n<td>2<\/td>\n<td>2<\/td>\n<\/tr>\n<tr>\n<td>BASF CONC\u00d3N<\/td>\n<td><\/td>\n<td>5<\/td>\n<td>5<\/td>\n<\/tr>\n<tr>\n<td>Bosques del Mauco<\/td>\n<td><\/td>\n<td>2<\/td>\n<td>2<\/td>\n<\/tr>\n<tr>\n<td>CODELCO<\/td>\n<td>4<\/td>\n<td>4<\/td>\n<td>8<\/td>\n<\/tr>\n<tr>\n<td>COPEC Conc\u00f3n<\/td>\n<td><\/td>\n<td>6<\/td>\n<td>6<\/td>\n<\/tr>\n<tr>\n<td>COPEC Lubricantes<\/td>\n<td>1<\/td>\n<td>4<\/td>\n<td>5<\/td>\n<\/tr>\n<tr>\n<td>COPEC TPI<\/td>\n<td>1<\/td>\n<td>7<\/td>\n<td>8<\/td>\n<\/tr>\n<tr>\n<td>ENAP Conc\u00f3n<\/td>\n<td>2<\/td>\n<td>8<\/td>\n<td>10<\/td>\n<\/tr>\n<tr>\n<td>ENEX<\/td>\n<td><\/td>\n<td>6<\/td>\n<td>6<\/td>\n<\/tr>\n<tr>\n<td>GASMAR<\/td>\n<td><\/td>\n<td>5<\/td>\n<td>5<\/td>\n<\/tr>\n<tr>\n<td>GNL<\/td>\n<td>1<\/td>\n<td>3<\/td>\n<td>4<\/td>\n<\/tr>\n<tr>\n<td>LINDE<\/td>\n<td><\/td>\n<td>3<\/td>\n<td>3<\/td>\n<\/tr>\n<tr>\n<td>LIPIGAS<\/td>\n<td><\/td>\n<td>3<\/td>\n<td>3<\/td>\n<\/tr>\n<tr>\n<td>OXIQUIM<\/td>\n<td><\/td>\n<td>6<\/td>\n<td>6<\/td>\n<\/tr>\n<tr>\n<td>Pesquera Quintero<\/td>\n<td><\/td>\n<td>3<\/td>\n<td>3<\/td>\n<\/tr>\n<tr>\n<td>Puerto Ventanas<\/td>\n<td>1<\/td>\n<td>1<\/td>\n<td>2<\/td>\n<\/tr>\n<tr>\n<td>STYROPEK<\/td>\n<td><\/td>\n<td>2<\/td>\n<td>2<\/td>\n<\/tr>\n<tr>\n<td>Esval<\/td>\n<td>1<\/td>\n<td><\/td>\n<td>1<\/td>\n<\/tr>\n<tr>\n<td>Total general<\/td>\n<td>16<\/td>\n<td>86<\/td>\n<td>102<\/td>\n<\/tr>\n<\/tbody>\n<\/table>\n","protected":false},"excerpt":{"rendered":"<p>Del total de inspecciones, 86 han sido realizadas durante el per\u00edodo de Gesti\u00f3n de Episodios Cr\u00edticos (GEC), mientras las otras 16 se realizaron entre el 1 de enero y el 31 de marzo de este a\u00f1o. La Superintendencia del Medio Ambiente ha reforzado las estrategias de fiscalizaci\u00f3n, las que fueron informadas a autoridades locales, entre ellas <a href=\"https:\/\/portal.sma.gob.cl\/index.php\/un-total-de-102-fiscalizaciones-en-terreno-rondas-de-vigilancia-y-analisis-de-informacion-reportada-el-despliegue-de-la-sma-en-concon-quintero-y-puchuncavi\/\">Leer m\u00e1s<\/a><\/p>\n","protected":false},"author":15,"featured_media":27661,"comment_status":"open","ping_status":"open","sticky":false,"template":"","format":"standard","meta":{"footnotes":""},"categories":[251,225,231],"tags":[],"class_list":["post-27695","post","type-post","status-publish","format-standard","has-post-thumbnail","hentry","category-boletin-cqp-agosto-2","category-macrozona-centro","category-valparaiso"],"_links":{"self":[{"href":"https:\/\/portal.sma.gob.cl\/index.php\/wp-json\/wp\/v2\/posts\/27695","targetHints":{"allow":["GET"]}}],"collection":[{"href":"https:\/\/portal.sma.gob.cl\/index.php\/wp-json\/wp\/v2\/posts"}],"about":[{"href":"https:\/\/portal.sma.gob.cl\/index.php\/wp-json\/wp\/v2\/types\/post"}],"author":[{"embeddable":true,"href":"https:\/\/portal.sma.gob.cl\/index.php\/wp-json\/wp\/v2\/users\/15"}],"replies":[{"embeddable":true,"href":"https:\/\/portal.sma.gob.cl\/index.php\/wp-json\/wp\/v2\/comments?post=27695"}],"version-history":[{"count":9,"href":"https:\/\/portal.sma.gob.cl\/index.php\/wp-json\/wp\/v2\/posts\/27695\/revisions"}],"predecessor-version":[{"id":27732,"href":"https:\/\/portal.sma.gob.cl\/index.php\/wp-json\/wp\/v2\/posts\/27695\/revisions\/27732"}],"wp:featuredmedia":[{"embeddable":true,"href":"https:\/\/portal.sma.gob.cl\/index.php\/wp-json\/wp\/v2\/media\/27661"}],"wp:attachment":[{"href":"https:\/\/portal.sma.gob.cl\/index.php\/wp-json\/wp\/v2\/media?parent=27695"}],"wp:term":[{"taxonomy":"category","embeddable":true,"href":"https:\/\/portal.sma.gob.cl\/index.php\/wp-json\/wp\/v2\/categories?post=27695"},{"taxonomy":"post_tag","embeddable":true,"href":"https:\/\/portal.sma.gob.cl\/index.php\/wp-json\/wp\/v2\/tags?post=27695"}],"curies":[{"name":"wp","href":"https:\/\/api.w.org\/{rel}","templated":true}]}}