{"id":27723,"date":"2023-08-23T16:09:37","date_gmt":"2023-08-23T20:09:37","guid":{"rendered":"https:\/\/portal.sma.gob.cl\/?p=27723"},"modified":"2023-08-24T11:16:52","modified_gmt":"2023-08-24T15:16:52","slug":"superintendenta-plumer-designa-a-lourdes-jachero-como-nueva-encargada-de-la-seccion-de-laboratorio-de-la-sma","status":"publish","type":"post","link":"https:\/\/portal.sma.gob.cl\/index.php\/superintendenta-plumer-designa-a-lourdes-jachero-como-nueva-encargada-de-la-seccion-de-laboratorio-de-la-sma\/","title":{"rendered":"Superintendenta Plumer designa a Lourdes Jachero como nueva Encargada de la Secci\u00f3n de Laboratorio de la SMA"},"content":{"rendered":"<ul>\n<li><strong>La doctora en Qu\u00edmica estar\u00e1 encargada de Ejecuci\u00f3n del Plan de muestreo y an\u00e1lisis de compuestos org\u00e1nicos vol\u00e1tiles en la zona de Quintero y Puchuncav\u00ed (frecuencia quincenal).<\/strong><\/li>\n<\/ul>\n<p>Una nueva incorporaci\u00f3n se concret\u00f3 en la SMA. Esto, ya que la Superintendenta Marie Claude Plumer present\u00f3 a Lourdes Jachero como la nueva Encargada de la Secci\u00f3n Laboratorio de la SMA, perteneciente al Departamento de Entidades T\u00e9cnicas y Laboratorio.<\/p>\n<p>Jachero es Ingeniera Qu\u00edmica y Mag\u00edster en Ciencias de Gesti\u00f3n Ambiental de la Universidad de Cuenca Ecuador, con un PhD en Qu\u00edmica de la Universidad de Chile. Posee m\u00e1s de 10 a\u00f1os de experiencia profesional centrada en el \u00e1rea de investigaci\u00f3n y desarrollo orientados a identificar y cuantificar compuestos en diversas matrices ambientales, tanto en el sector privado como p\u00fablico. Antes de llegar a la SMA, era encargada del Laboratorio de Cromatograf\u00eda del Instituto de Salud P\u00fablica (ISP).<\/p>\n<p>Al estar encargada de la Secci\u00f3n Laboratorio de la SMA, Jachero deber\u00e1 ejecutar, entre los diversos desaf\u00edos establecidos por el Departamento de Entidades T\u00e9cnicas y Laboratorio, el plan de muestreo y an\u00e1lisis continuo de compuestos org\u00e1nicos vol\u00e1tiles presentes en la zona de <a href=\"https:\/\/portal.sma.gob.cl\/index.php\/boletin-concon-quintero-y-puchuncavi\/\">Conc\u00f3n, Quintero y Puchuncav\u00ed<\/a>.<\/p>\n<p>\u201cMe siento agradecida por esta oportunidad de formar parte de la Superintendencia del Medio Ambiente, aportar con mi conocimiento, aprender en este rol y hacer mi mejor esfuerzo. De las instalaciones tengo una impresi\u00f3n positiva, est\u00e1n dise\u00f1adas para satisfacer las necesidades del trabajo. El entorno es propicio para desarrollar las actividades que conllevan la rutina de un laboratorio\u201d, se\u00f1al\u00f3 la doctora en Qu\u00edmica.<\/p>\n<p>\u201cA medida que sigo avanzando en mi trayectoria profesional, asumo el compromiso de compartir mi conocimiento, continuar aprendiendo y aplicar mi experiencia en los equipos con los que colabore\u201d, agreg\u00f3.<\/p>\n<p>&nbsp;<\/p>\n<p>&nbsp;<\/p>\n","protected":false},"excerpt":{"rendered":"<p>La doctora en Qu\u00edmica estar\u00e1 encargada de Ejecuci\u00f3n del Plan de muestreo y an\u00e1lisis de compuestos org\u00e1nicos vol\u00e1tiles en la zona de Quintero y Puchuncav\u00ed (frecuencia quincenal). Una nueva incorporaci\u00f3n se concret\u00f3 en la SMA. Esto, ya que la Superintendenta Marie Claude Plumer present\u00f3 a Lourdes Jachero como la nueva Encargada de la Secci\u00f3n Laboratorio de <a href=\"https:\/\/portal.sma.gob.cl\/index.php\/superintendenta-plumer-designa-a-lourdes-jachero-como-nueva-encargada-de-la-seccion-de-laboratorio-de-la-sma\/\">Leer m\u00e1s<\/a><\/p>\n","protected":false},"author":15,"featured_media":27729,"comment_status":"open","ping_status":"open","sticky":false,"template":"","format":"standard","meta":{"footnotes":""},"categories":[90,225],"tags":[],"class_list":["post-27723","post","type-post","status-publish","format-standard","has-post-thumbnail","hentry","category-comunicados-noticias","category-macrozona-centro"],"_links":{"self":[{"href":"https:\/\/portal.sma.gob.cl\/index.php\/wp-json\/wp\/v2\/posts\/27723","targetHints":{"allow":["GET"]}}],"collection":[{"href":"https:\/\/portal.sma.gob.cl\/index.php\/wp-json\/wp\/v2\/posts"}],"about":[{"href":"https:\/\/portal.sma.gob.cl\/index.php\/wp-json\/wp\/v2\/types\/post"}],"author":[{"embeddable":true,"href":"https:\/\/portal.sma.gob.cl\/index.php\/wp-json\/wp\/v2\/users\/15"}],"replies":[{"embeddable":true,"href":"https:\/\/portal.sma.gob.cl\/index.php\/wp-json\/wp\/v2\/comments?post=27723"}],"version-history":[{"count":1,"href":"https:\/\/portal.sma.gob.cl\/index.php\/wp-json\/wp\/v2\/posts\/27723\/revisions"}],"predecessor-version":[{"id":27724,"href":"https:\/\/portal.sma.gob.cl\/index.php\/wp-json\/wp\/v2\/posts\/27723\/revisions\/27724"}],"wp:featuredmedia":[{"embeddable":true,"href":"https:\/\/portal.sma.gob.cl\/index.php\/wp-json\/wp\/v2\/media\/27729"}],"wp:attachment":[{"href":"https:\/\/portal.sma.gob.cl\/index.php\/wp-json\/wp\/v2\/media?parent=27723"}],"wp:term":[{"taxonomy":"category","embeddable":true,"href":"https:\/\/portal.sma.gob.cl\/index.php\/wp-json\/wp\/v2\/categories?post=27723"},{"taxonomy":"post_tag","embeddable":true,"href":"https:\/\/portal.sma.gob.cl\/index.php\/wp-json\/wp\/v2\/tags?post=27723"}],"curies":[{"name":"wp","href":"https:\/\/api.w.org\/{rel}","templated":true}]}}