{"id":27742,"date":"2023-08-24T18:50:07","date_gmt":"2023-08-24T22:50:07","guid":{"rendered":"https:\/\/portal.sma.gob.cl\/?p=27742"},"modified":"2023-08-24T18:51:24","modified_gmt":"2023-08-24T22:51:24","slug":"superintendenta-marie-claude-plumer-recibe-a-procuradora-general-de-colombia-margarita-cabello-blanco","status":"publish","type":"post","link":"https:\/\/portal.sma.gob.cl\/index.php\/superintendenta-marie-claude-plumer-recibe-a-procuradora-general-de-colombia-margarita-cabello-blanco\/","title":{"rendered":"Superintendenta Marie Claude Plumer recibe a Procuradora General de Colombia Margarita Cabello"},"content":{"rendered":"<ul>\n<li><em>La reuni\u00f3n tuvo como objetivo profundizar en la experiencia y liderazgo de la Superintendencia del Medio Ambiente (SMA) en su rol como entidad fiscalizadora, sancionadora y de promoci\u00f3n al cumplimiento de la normativa ambiental chilena, entre otros aspectos.\u00a0<\/em><\/li>\n<\/ul>\n<p><strong>Santiago, Regi\u00f3n Metropolitana, 24 de agosto de 2023-.<\/strong> La Superintendenta del Medio Ambiente, Marie Claude Plumer, recibi\u00f3 este jueves a la Procuradora General de La Naci\u00f3n de la Rep\u00fablica de Colombia, Margarita Cabello Blanco, quien ejerce como la suprema directora del Ministerio P\u00fablico de su pa\u00eds.<\/p>\n<p>La reuni\u00f3n entre las altas autoridades tuvo como objetivo profundizar en la experiencia y liderazgo de la Superintendencia del Medio Ambiente (SMA) en su rol como entidad fiscalizadora, sancionadora y de promoci\u00f3n al cumplimiento de la normativa ambiental chilena, desde la labor que se realiza en terreno hasta el esquema de control de gesti\u00f3n, entre otros.<\/p>\n<p>Al igual que Marie Claude Plumer -la primera mujer designada como Superintendenta del Medio Ambiente en los m\u00e1s de 12 a\u00f1os de funcionamiento de la SMA-, Margarita Cabello es la primera mujer electa como Procuradora General de la Naci\u00f3n, en los 200 a\u00f1os que tiene la instituci\u00f3n en su pa\u00eds.<\/p>\n<p>Tras finalizada la reuni\u00f3n, la Superintendenta del Medio Ambiente, <strong>Marie Claude Plumer<\/strong>, expres\u00f3 que se \u201ctrat\u00f3 de una instancia muy beneficiosa, que nos permiti\u00f3 compartir experiencias y conocer la labor que desarrollan ambas instituciones. Pudimos dar cuenta del trabajo que realiza la Superintendencia en favor de la protecci\u00f3n del medioambiente y la salud de las personas\u201d.<\/p>\n<p>Por su parte, la Procuradora General de La Naci\u00f3n de Colombia, <strong>Margarita Cabello<\/strong>, se\u00f1al\u00f3 que \u201ces muy importante conocer lo que una autoridad ambiental, como la Superintendencia del Medio Ambiente de Chile, realiza en favor de la protecci\u00f3n y conservaci\u00f3n del ecosistema. En Colombia se avecina un proceso de reforma a toda la legislaci\u00f3n ambiental y la experiencia chilena sin duda ser\u00e1 de gran valor para, como Procuradur\u00eda, aportar insumos a este importante debate\u201d.<\/p>\n<p><strong><em>Sobre Margarita Cabello<\/em><\/strong><\/p>\n<p>La actual Procuradora General de La Naci\u00f3n de Colombia tom\u00f3 posesi\u00f3n en el cargo el 15 de enero de 2021, asumiendo como suprema directora del Ministerio P\u00fablico de Colombia y representante de la sociedad civil ante el Estado Colombiano.<\/p>\n<p>Dentro de sus labores tiene tres funciones constitucionales principales: prevenir los actos contrarios a la ley y al inter\u00e9s general; intervenir en los procesos judiciales e investigar; y sancionar a gobernantes y\/o servidores p\u00fablicos por violaciones a la integridad p\u00fablica en el ejercicio de sus funciones.<\/p>\n<p>Antes de ser elegida en el cargo, fue ministra de Justicia y del Derecho en el gobierno del Presidente Iv\u00e1n Duque, y previamente, Magistrada de la Corte Suprema de Justicia de su pa\u00eds.<\/p>\n<p>Ha servido por m\u00e1s de 40 a\u00f1os al Estado Colombiano.<\/p>\n","protected":false},"excerpt":{"rendered":"<p>La reuni\u00f3n tuvo como objetivo profundizar en la experiencia y liderazgo de la Superintendencia del Medio Ambiente (SMA) en su rol como entidad fiscalizadora, sancionadora y de promoci\u00f3n al cumplimiento de la normativa ambiental chilena, entre otros aspectos.\u00a0 Santiago, Regi\u00f3n Metropolitana, 24 de agosto de 2023-. La Superintendenta del Medio Ambiente, Marie Claude Plumer, recibi\u00f3 este <a href=\"https:\/\/portal.sma.gob.cl\/index.php\/superintendenta-marie-claude-plumer-recibe-a-procuradora-general-de-colombia-margarita-cabello-blanco\/\">Leer m\u00e1s<\/a><\/p>\n","protected":false},"author":13,"featured_media":27737,"comment_status":"open","ping_status":"open","sticky":false,"template":"","format":"standard","meta":{"footnotes":""},"categories":[90,107,225],"tags":[],"class_list":["post-27742","post","type-post","status-publish","format-standard","has-post-thumbnail","hentry","category-comunicados-noticias","category-destacado","category-macrozona-centro"],"_links":{"self":[{"href":"https:\/\/portal.sma.gob.cl\/index.php\/wp-json\/wp\/v2\/posts\/27742","targetHints":{"allow":["GET"]}}],"collection":[{"href":"https:\/\/portal.sma.gob.cl\/index.php\/wp-json\/wp\/v2\/posts"}],"about":[{"href":"https:\/\/portal.sma.gob.cl\/index.php\/wp-json\/wp\/v2\/types\/post"}],"author":[{"embeddable":true,"href":"https:\/\/portal.sma.gob.cl\/index.php\/wp-json\/wp\/v2\/users\/13"}],"replies":[{"embeddable":true,"href":"https:\/\/portal.sma.gob.cl\/index.php\/wp-json\/wp\/v2\/comments?post=27742"}],"version-history":[{"count":5,"href":"https:\/\/portal.sma.gob.cl\/index.php\/wp-json\/wp\/v2\/posts\/27742\/revisions"}],"predecessor-version":[{"id":27747,"href":"https:\/\/portal.sma.gob.cl\/index.php\/wp-json\/wp\/v2\/posts\/27742\/revisions\/27747"}],"wp:featuredmedia":[{"embeddable":true,"href":"https:\/\/portal.sma.gob.cl\/index.php\/wp-json\/wp\/v2\/media\/27737"}],"wp:attachment":[{"href":"https:\/\/portal.sma.gob.cl\/index.php\/wp-json\/wp\/v2\/media?parent=27742"}],"wp:term":[{"taxonomy":"category","embeddable":true,"href":"https:\/\/portal.sma.gob.cl\/index.php\/wp-json\/wp\/v2\/categories?post=27742"},{"taxonomy":"post_tag","embeddable":true,"href":"https:\/\/portal.sma.gob.cl\/index.php\/wp-json\/wp\/v2\/tags?post=27742"}],"curies":[{"name":"wp","href":"https:\/\/api.w.org\/{rel}","templated":true}]}}