{"id":27751,"date":"2023-08-29T10:49:15","date_gmt":"2023-08-29T14:49:15","guid":{"rendered":"https:\/\/portal.sma.gob.cl\/?p=27751"},"modified":"2023-08-29T11:10:28","modified_gmt":"2023-08-29T15:10:28","slug":"superintendencia-del-medio-ambiente-y-ministerio-publico-firman-convenio-tras-la-promulgacion-de-la-ley-de-delitos-economicos-y-ambientales","status":"publish","type":"post","link":"https:\/\/portal.sma.gob.cl\/index.php\/superintendencia-del-medio-ambiente-y-ministerio-publico-firman-convenio-tras-la-promulgacion-de-la-ley-de-delitos-economicos-y-ambientales\/","title":{"rendered":"Superintendencia del Medio Ambiente y Ministerio P\u00fablico firman convenio tras la promulgaci\u00f3n de la Ley de Delitos Econ\u00f3micos y Ambientales"},"content":{"rendered":"<ul>\n<li><strong>Tras la publicaci\u00f3n de la iniciativa, ambos organismos acordaron suscribir un convenio de colaboraci\u00f3n y coordinaci\u00f3n, con el objetivo de facilitar el traspaso e intercambio de informaci\u00f3n y capacitar a funcionarios de las instituciones. <\/strong><\/li>\n<\/ul>\n<p><strong>Santiago, 29 de agosto de 2023.<\/strong> En el marco de la publicaci\u00f3n en el Diario Oficial de la Ley de Delitos Econ\u00f3micos y Medio Ambiente, es que el Ministerio P\u00fablico y la Superintendencia del Medio Ambiente (SMA) firmaron hoy un convenio de cooperaci\u00f3n y colaboraci\u00f3n entre ambos organismos, con el fin fortalecer la relaci\u00f3n interinstitucional.<\/p>\n<p>El documento fue suscrito por el Fiscal Nacional, \u00c1ngel Valencia, y la Superintendenta Marie Claude Plumer, y busca permitir el traspaso e intercambio expedito de informaci\u00f3n dentro de los m\u00e1rgenes de la ley. Para esto, se establecer\u00e1 una mesa de trabajo destinada a garantizar una coordinaci\u00f3n eficaz.<\/p>\n<p>Adem\u00e1s de esto, ambas instituciones llevar\u00e1n a cabo programas de formaci\u00f3n dirigidos a los funcionarios, abarcando \u00e1reas de su competencia espec\u00edfica. Por un lado, el Ministerio P\u00fablico ofrecer\u00e1 capacitaci\u00f3n en \u00e1reas de persecuci\u00f3n e investigaci\u00f3n penal. Por otro lado, la Superintendencia del Medio Ambiente (SMA) brindar\u00e1 formaci\u00f3n sobre infracciones administrativas ambientales, procedimientos administrativos sancionadores y su operatividad.<\/p>\n<p>Luego de firmado el documento, el Fiscal Nacional, se\u00f1al\u00f3 que \u201ceste un paso concreto hacia la implementaci\u00f3n de nuevas infracciones medioambientales establecidas por la ley 21.595 de delitos econ\u00f3micos. Lo que buscamos es que, desde un inicio, el Ministerio P\u00fablico tenga una colaboraci\u00f3n directa con la autoridad fiscalizadora medioambiental, llevando a cabo coordinaciones operativas, entrenamientos conjuntos y otras acciones derivadas de manera colaborativa en l\u00ednea con la nueva legislaci\u00f3n\u201d.<\/p>\n<p>Por su parte, la Superintendenta sostuvo que \u201ceste convenio nos permitir\u00e1 trabajar de forma sin\u00e9rgica, estableciendo un canal de cooperaci\u00f3n y mesa de trabajo con el Ministerio P\u00fablico, que permita asegurar un trabajo constante y permanente entre ambas instituciones, de tal manera de asegurar una regla de coordinaci\u00f3n efectiva entre ellas, en especial en materia de la Ley de Delitos Econ\u00f3micos y Atentados al Medio Ambiente\u201d.<\/p>\n<p><strong>Ley de Delitos Econ\u00f3micos y Medio Ambiente<\/strong><\/p>\n<p>Cabe indicar que la Ley 21.595 de Delitos Econ\u00f3micos y Medio Ambiente -que fue publicada el pasado 17 de agosto en el Diario Oficial \u2013 establece diversas modificaciones para prevenir la comisi\u00f3n de delitos econ\u00f3micos, a trav\u00e9s de la imposici\u00f3n de mayores exigencias a las personas jur\u00eddicas y sus sistemas de cumplimiento interno, as\u00ed como a directivos y gerentes de empresas.<\/p>\n<p>Para ello, se crean cuatro categor\u00edas de delitos para determinar si estos deben o no, ser considerados econ\u00f3micos. Dentro de los delitos de primera categor\u00eda se encuentran los cometidos contra el Mercado de Valores y bancarios; de segunda categor\u00eda se encuentran los delitos tributarios y contra el medio ambiente; de tercera categor\u00eda si es que existe malversaci\u00f3n de caudales p\u00fablicos y cohecho; y de cuarta categor\u00eda est\u00e1n el lavado de activos y receptaci\u00f3n cuando tengan como base alg\u00fan delito considerado econ\u00f3mico.<\/p>\n<p>As\u00ed, en materia ambiental, se incorporan al C\u00f3digo Penal, los delitos de elusi\u00f3n al Sistema de Evaluaci\u00f3n de Impacto Ambiental, de contravenci\u00f3n reiterada a instrumentos ambientales, los de afectaci\u00f3n grave al medio ambiente y los de afectaci\u00f3n grave a \u00e1reas protegidas. Adem\u00e1s, se modifica el art\u00edculo segundo de la ley N\u00b0 20.417, que crea el Ministerio del Medio Ambiente, el Servicio de Evaluaci\u00f3n Ambiental y la Superintendencia del Medio Ambiente, incluyendo nuevos delitos ambientales.<\/p>\n","protected":false},"excerpt":{"rendered":"<p>Tras la publicaci\u00f3n de la iniciativa, ambos organismos acordaron suscribir un convenio de colaboraci\u00f3n y coordinaci\u00f3n, con el objetivo de facilitar el traspaso e intercambio de informaci\u00f3n y capacitar a funcionarios de las instituciones. Santiago, 29 de agosto de 2023. En el marco de la publicaci\u00f3n en el Diario Oficial de la Ley de Delitos Econ\u00f3micos <a href=\"https:\/\/portal.sma.gob.cl\/index.php\/superintendencia-del-medio-ambiente-y-ministerio-publico-firman-convenio-tras-la-promulgacion-de-la-ley-de-delitos-economicos-y-ambientales\/\">Leer m\u00e1s<\/a><\/p>\n","protected":false},"author":8,"featured_media":27753,"comment_status":"open","ping_status":"open","sticky":false,"template":"","format":"standard","meta":{"footnotes":""},"categories":[90,107,225],"tags":[],"class_list":["post-27751","post","type-post","status-publish","format-standard","has-post-thumbnail","hentry","category-comunicados-noticias","category-destacado","category-macrozona-centro"],"_links":{"self":[{"href":"https:\/\/portal.sma.gob.cl\/index.php\/wp-json\/wp\/v2\/posts\/27751","targetHints":{"allow":["GET"]}}],"collection":[{"href":"https:\/\/portal.sma.gob.cl\/index.php\/wp-json\/wp\/v2\/posts"}],"about":[{"href":"https:\/\/portal.sma.gob.cl\/index.php\/wp-json\/wp\/v2\/types\/post"}],"author":[{"embeddable":true,"href":"https:\/\/portal.sma.gob.cl\/index.php\/wp-json\/wp\/v2\/users\/8"}],"replies":[{"embeddable":true,"href":"https:\/\/portal.sma.gob.cl\/index.php\/wp-json\/wp\/v2\/comments?post=27751"}],"version-history":[{"count":3,"href":"https:\/\/portal.sma.gob.cl\/index.php\/wp-json\/wp\/v2\/posts\/27751\/revisions"}],"predecessor-version":[{"id":27759,"href":"https:\/\/portal.sma.gob.cl\/index.php\/wp-json\/wp\/v2\/posts\/27751\/revisions\/27759"}],"wp:featuredmedia":[{"embeddable":true,"href":"https:\/\/portal.sma.gob.cl\/index.php\/wp-json\/wp\/v2\/media\/27753"}],"wp:attachment":[{"href":"https:\/\/portal.sma.gob.cl\/index.php\/wp-json\/wp\/v2\/media?parent=27751"}],"wp:term":[{"taxonomy":"category","embeddable":true,"href":"https:\/\/portal.sma.gob.cl\/index.php\/wp-json\/wp\/v2\/categories?post=27751"},{"taxonomy":"post_tag","embeddable":true,"href":"https:\/\/portal.sma.gob.cl\/index.php\/wp-json\/wp\/v2\/tags?post=27751"}],"curies":[{"name":"wp","href":"https:\/\/api.w.org\/{rel}","templated":true}]}}