{"id":27762,"date":"2023-08-30T10:37:42","date_gmt":"2023-08-30T14:37:42","guid":{"rendered":"https:\/\/portal.sma.gob.cl\/?p=27762"},"modified":"2023-08-30T15:16:24","modified_gmt":"2023-08-30T19:16:24","slug":"region-metropolitana-2023-es-el-ano-con-mejor-calidad-del-aire-desde-que-existe-plan-de-descontaminacion","status":"publish","type":"post","link":"https:\/\/portal.sma.gob.cl\/index.php\/region-metropolitana-2023-es-el-ano-con-mejor-calidad-del-aire-desde-que-existe-plan-de-descontaminacion\/","title":{"rendered":"Regi\u00f3n Metropolitana: 2023 es el a\u00f1o con mejor calidad del aire desde que existe plan de descontaminaci\u00f3n"},"content":{"rendered":"<ul>\n<li><strong>La ministra del Medio Ambiente, Maisa Rojas, destac\u00f3 que estos buenos resultados se relacionan con mejores condiciones de ventilaci\u00f3n y \u201cporque hemos seguido con la implementaci\u00f3n del Plan de Prevenci\u00f3n y Descontaminaci\u00f3n Atmosf\u00e9rica en la regi\u00f3n\u201d.<\/strong><\/li>\n<li><strong>El ministro de Transportes y Telecomunicaciones, Juan Carlos Mu\u00f1oz, destac\u00f3 que entre mayo y agosto se han cursado 177.745 infracciones a la restricci\u00f3n vehicular, mientras que en 2022 fueron 93.934 multas.<\/strong><\/li>\n<\/ul>\n<p>Este 2023 se posicion\u00f3 como el a\u00f1o de mejor calidad del aire en la Regi\u00f3n Metropolitana desde que comenz\u00f3 a operar el primer Plan de Prevenci\u00f3n y Descontaminaci\u00f3n Atmosf\u00e9rica (PPDA), que data de 1997, superando incluso al 2020, en plena pandemia por Covid-19.<\/p>\n<p>As\u00ed lo dio a conocer la ministra del Medio Ambiente, Maisa Rojas, al realizar un balance de la Gesti\u00f3n de Episodios Cr\u00edticos (GEC) -per\u00edodo entre el 1 de mayo y 31 de agosto- y que permite tomar medidas para reducir la contaminaci\u00f3n cuando se declara alerta, preemergencia o emergencia ambiental. \u201cSi consideramos s\u00f3lo el material particulado fino, el m\u00e1s da\u00f1ino para la salud de las personas, tuvimos la menor cantidad de horas en episodio cr\u00edtico. En simple, hubo menos tiempo en que los santiaguinos nos enfrentamos a mayores niveles de contaminaci\u00f3n. Fue el menor desde que se tiene registro\u201d, explic\u00f3.<\/p>\n<p>En 2023 se registraron 243 horas en episodio por material particulado 2,5 (MP2,5), 25% menos que en 2022. En 2020, segundo mejor a\u00f1o, se contabilizaron 270 horas en episodio cr\u00edtico.<\/p>\n<p>En este periodo de mala ventilaci\u00f3n en la Regi\u00f3n Metropolitana se registraron 17 episodios cr\u00edticos, siendo el mejor a\u00f1o desde que se cuenta con un plan de descontaminaci\u00f3n, igualado por el 2020, en plena pandemia. En espec\u00edfico, fueron 2 Preemergencias y 15 Alertas Ambientales.<\/p>\n<p>La ministra Rojas a\u00f1adi\u00f3 que \u201cestos buenos resultados se relacionan con mejores condiciones de ventilaci\u00f3n y tambi\u00e9n porque hemos seguido con la implementaci\u00f3n del Plan de Prevenci\u00f3n y Descontaminaci\u00f3n Atmosf\u00e9rica en la regi\u00f3n a trav\u00e9s de sus distintas medidas. Por ejemplo, se ha impulsado la compensaci\u00f3n de emisiones que ha permitido el retiro de m\u00e1s de 10.000 calefactores a le\u00f1a&#8221;.<\/p>\n<p>En la actividad, realizada en el Cerro Santa Luc\u00eda, participaron tambi\u00e9n el ministro de Transportes y Telecomunicaciones, Juan Carlos Mu\u00f1oz; la Delegada Presidencial RM, Constanza Mart\u00ednez; la Superintendenta del Medio Ambiente, Marie Claude Plumer, y los seremis de las distintas carteras involucradas.<\/p>\n<p>&nbsp;<\/p>\n<p><strong>Mejora en la fiscalizaci\u00f3n<\/strong><\/p>\n<p>El ministro Juan Carlos Mu\u00f1oz coment\u00f3 que \u201ccomo Ministerio de Transportes y Telecomunicaciones (MTT) estamos seguros de que la aplicaci\u00f3n de las medidas del plan de Gesti\u00f3n de Episodios Cr\u00edticos est\u00e1 ayudando a mejorar los \u00edndices de descontaminaci\u00f3n sobre la cuenca de Santiago\u201d.<\/p>\n<p>A\u00f1adi\u00f3 que \u201cal igual que en 2022, durante el actual per\u00edodo nuevamente se redujeron los d\u00edas de preemergencia. S\u00f3lo se constataron 2 d\u00edas bajo preemergencia, es decir, cuatro menos que en 2022. Desde el MTT impulsamos este a\u00f1o un nuevo per\u00edmetro de aplicaci\u00f3n de la restricci\u00f3n vehicular. Se ampli\u00f3 a toda la provincia de Santiago, adem\u00e1s de las comunas de Puente Alto y San Bernardo. Esto nos ha permitido que los veh\u00edculos m\u00e1s contaminantes dejen de circular por gran parte del territorio de la RM y as\u00ed prevenir episodios cr\u00edticos y su impacto en la salud de las personas. Entre mayo y agosto se han cursado 177.745 infracciones a la restricci\u00f3n vehicular, mientras que en 2022 fueron 93.934 multas. Una diferencia que se debe no s\u00f3lo a la mayor extensi\u00f3n del per\u00edmetro, sino que tambi\u00e9n a los 30 nuevos puntos de fiscalizaci\u00f3n automatizado que se implementaron\u201d.<\/p>\n<p>A partir del 2022, la Superintendencia del Medio Ambiente (SMA) asumi\u00f3 la responsabilidad de fiscalizar a las industrias. Este a\u00f1o, de un total de 61 Grandes Establecimientos que deb\u00edan presentar su Plan de Reducci\u00f3n de Emisiones de acuerdo con el Plan de Prevenci\u00f3n y Descontaminaci\u00f3n Atmosf\u00e9rica (PPDA), 7 de ellos no cumplieron con esta medida, por lo que deb\u00edan paralizar en d\u00edas de preemergencia ambiental.<\/p>\n<p>Respecto de estos, durante este periodo la SMA realiz\u00f3 120 fiscalizaciones a fuentes fijas, donde su pudo constatar un buen nivel de cumplimiento. Con todo, en julio de este a\u00f1o, se iniciaron procedimientos sancionatorios contra tres empresas por incumplimientos al PPDA: <a href=\"https:\/\/portal.sma.gob.cl\/index.php\/2023\/07\/10\/sma-formula-cargos-contra-tres-empresas-de-la-region-metropolitana-por-incumplimientos-al-plan-de-descontaminacion-atmosferica\/\">Cementos Bicentenario (Quilicura), Industrias Profal (Lampa) y Procesadora y Extrusora de Alimentos (Renca).<\/a><\/p>\n<p>La Superintendenta Marie Claude Plumer se\u00f1al\u00f3 que \u201ceste periodo GEC es el m\u00e1s positivo en t\u00e9rminos de calidad del aire desde que se implement\u00f3 el actual Plan de Descontaminaci\u00f3n, lo que ha sido una tendencia en los \u00faltimos a\u00f1os. En este periodo, realizamos 120 acciones de fiscalizaci\u00f3n a fuentes fijas, que, de acuerdo con la estrategia de fiscalizaci\u00f3n, se enfoc\u00f3 en los Grandes Establecimientos industriales\u201d. En esa l\u00ednea, agreg\u00f3 que \u201ceste trabajo cont\u00f3 con el refuerzo de los profesionales de distintos equipos de la SMA, con la intenci\u00f3n de cubrir la totalidad de las empresas que deben paralizar durante la condici\u00f3n de preemergencia. Esperamos que el pr\u00f3ximo a\u00f1o siga mejorando la calidad del aire, con el respeto a las medidas del Plan de Descontaminaci\u00f3n de la RM, lo cual es responsabilidad de todas y todos\u201d.<\/p>\n<p>Durante el periodo GEC 2023, la Seremi de Agricultura a trav\u00e9s CONAF RM, fiscaliz\u00f3 116 quemas ilegales en la Regi\u00f3n Metropolitana, de las cuales 108 se procede con recomendaci\u00f3n preventiva y 8 con citaci\u00f3n a los juzgados del SAG RM. En total fueron 1,82 hect\u00e1reas las afectadas en toda la RM. De las 116 fiscalizaciones realizadas por los diferentes recursos de CONAF RM; 15pertenecen a la Provincia Chacabuco, 3 Provincia Cordillera, 20 Provincia Maipo, 14 Provincia Talagante y 64 Provincia Melipilla. Es importante resaltar que el Decreto Supremo 100, que proh\u00edbe las quemas agr\u00edcolas en toda la RM, tiene una duraci\u00f3n hasta el 31 de octubre de 2023 y recordar que el a\u00f1o 2026 se proh\u00edbe completamente el uso del fuego para la quema de material le\u00f1oso.<\/p>\n<p>Link <a href=\"https:\/\/wetransfer.com\/downloads\/ac03c23f89c9500c10d40f1a9f76b70f20230830133122\/421f04\">declaraciones<\/a><\/p>\n<p>Link <a href=\"https:\/\/wetransfer.com\/downloads\/d5c47a5481cc2f1f246a9c615174158e20230830131944\/dd6748\">fotograf\u00edas<\/a><\/p>\n","protected":false},"excerpt":{"rendered":"<p>La ministra del Medio Ambiente, Maisa Rojas, destac\u00f3 que estos buenos resultados se relacionan con mejores condiciones de ventilaci\u00f3n y \u201cporque hemos seguido con la implementaci\u00f3n del Plan de Prevenci\u00f3n y Descontaminaci\u00f3n Atmosf\u00e9rica en la regi\u00f3n\u201d. El ministro de Transportes y Telecomunicaciones, Juan Carlos Mu\u00f1oz, destac\u00f3 que entre mayo y agosto se han cursado 177.745 infracciones <a href=\"https:\/\/portal.sma.gob.cl\/index.php\/region-metropolitana-2023-es-el-ano-con-mejor-calidad-del-aire-desde-que-existe-plan-de-descontaminacion\/\">Leer m\u00e1s<\/a><\/p>\n","protected":false},"author":8,"featured_media":27770,"comment_status":"open","ping_status":"open","sticky":false,"template":"","format":"standard","meta":{"footnotes":""},"categories":[90,107,225],"tags":[],"class_list":["post-27762","post","type-post","status-publish","format-standard","has-post-thumbnail","hentry","category-comunicados-noticias","category-destacado","category-macrozona-centro"],"_links":{"self":[{"href":"https:\/\/portal.sma.gob.cl\/index.php\/wp-json\/wp\/v2\/posts\/27762","targetHints":{"allow":["GET"]}}],"collection":[{"href":"https:\/\/portal.sma.gob.cl\/index.php\/wp-json\/wp\/v2\/posts"}],"about":[{"href":"https:\/\/portal.sma.gob.cl\/index.php\/wp-json\/wp\/v2\/types\/post"}],"author":[{"embeddable":true,"href":"https:\/\/portal.sma.gob.cl\/index.php\/wp-json\/wp\/v2\/users\/8"}],"replies":[{"embeddable":true,"href":"https:\/\/portal.sma.gob.cl\/index.php\/wp-json\/wp\/v2\/comments?post=27762"}],"version-history":[{"count":6,"href":"https:\/\/portal.sma.gob.cl\/index.php\/wp-json\/wp\/v2\/posts\/27762\/revisions"}],"predecessor-version":[{"id":27779,"href":"https:\/\/portal.sma.gob.cl\/index.php\/wp-json\/wp\/v2\/posts\/27762\/revisions\/27779"}],"wp:featuredmedia":[{"embeddable":true,"href":"https:\/\/portal.sma.gob.cl\/index.php\/wp-json\/wp\/v2\/media\/27770"}],"wp:attachment":[{"href":"https:\/\/portal.sma.gob.cl\/index.php\/wp-json\/wp\/v2\/media?parent=27762"}],"wp:term":[{"taxonomy":"category","embeddable":true,"href":"https:\/\/portal.sma.gob.cl\/index.php\/wp-json\/wp\/v2\/categories?post=27762"},{"taxonomy":"post_tag","embeddable":true,"href":"https:\/\/portal.sma.gob.cl\/index.php\/wp-json\/wp\/v2\/tags?post=27762"}],"curies":[{"name":"wp","href":"https:\/\/api.w.org\/{rel}","templated":true}]}}