{"id":27801,"date":"2023-09-04T17:16:59","date_gmt":"2023-09-04T20:16:59","guid":{"rendered":"https:\/\/portal.sma.gob.cl\/?p=27801"},"modified":"2023-09-04T17:24:13","modified_gmt":"2023-09-04T20:24:13","slug":"proyecto-de-cooperacion-triangular-comitiva-sma-visita-peru-para-intercambio-de-experiencia-y-metodologias","status":"publish","type":"post","link":"https:\/\/portal.sma.gob.cl\/index.php\/proyecto-de-cooperacion-triangular-comitiva-sma-visita-peru-para-intercambio-de-experiencia-y-metodologias\/","title":{"rendered":"Proyecto de Cooperaci\u00f3n Triangular: Comitiva SMA visita Per\u00fa para intercambio de experiencia y metodolog\u00edas"},"content":{"rendered":"<ul>\n<li><strong><span class=\"TextRun SCXW132761598 BCX8\" lang=\"ES-CL\" xml:lang=\"ES-CL\" data-contrast=\"auto\"><span class=\"NormalTextRun SCXW132761598 BCX8\" data-ccp-charstyle=\"Strong\">La visita tuvo como objetivo continuar con la profundizaci\u00f3n de las herramientas y formas de fiscalizaci\u00f3n que tiene cada pa\u00eds en materia ambiental.<\/span><\/span><span class=\"EOP SCXW132761598 BCX8\" data-ccp-props=\"{&quot;134233117&quot;:true,&quot;134233118&quot;:true,&quot;201341983&quot;:0,&quot;335551550&quot;:6,&quot;335551620&quot;:6,&quot;335559740&quot;:240}\">\u00a0<\/span><\/strong><\/li>\n<\/ul>\n<p><b><span data-contrast=\"auto\">Lima, Per\u00fa, 4 de septiembre de 2023-<\/span><\/b><span data-contrast=\"auto\">. Entre el 26 de agosto y el 1 de septiembre, una comitiva de siete funcionarias y funcionarios de la Superintendencia del Medio Ambiente (SMA) se traslad\u00f3 a Per\u00fa para participar en distintas reuniones de trabajo y visitas t\u00e9cnicas junto al Organismo de Evaluaci\u00f3n y Fiscalizaci\u00f3n Ambiental (OEFA, Per\u00fa). Esto, en el marco de la segunda parte del Proyecto de Cooperaci\u00f3n Triangular entre la SMA-OEFA-GIZ, que busca propiciar el intercambio de experiencias, en relaci\u00f3n a herramientas y metodolog\u00edas aplicadas a la fiscalizaci\u00f3n y cumplimiento ambiental.<\/span><span data-ccp-props=\"{&quot;134233117&quot;:true,&quot;134233118&quot;:true,&quot;201341983&quot;:0,&quot;335551550&quot;:6,&quot;335551620&quot;:6,&quot;335559740&quot;:240}\">\u00a0<\/span><\/p>\n<p><span data-ccp-props=\"{&quot;134233117&quot;:true,&quot;134233118&quot;:true,&quot;201341983&quot;:0,&quot;335551550&quot;:6,&quot;335551620&quot;:6,&quot;335559740&quot;:240}\">\u00a0<\/span><span data-contrast=\"auto\">Las jornadas contaron con la visita a diferentes centros asociados a Actividades de Productivas (principalmente del tipo Pesquer\u00eda y Acuicultura) y exposiciones tanto de la SMA, como <\/span><span data-ccp-props=\"{&quot;134233117&quot;:true,&quot;134233118&quot;:true,&quot;201341983&quot;:0,&quot;335551550&quot;:6,&quot;335551620&quot;:6,&quot;335559740&quot;:240}\">\u00a0<\/span><span data-contrast=\"auto\">distintas \u00e1reas de la OEFA -s\u00edmil peruano de la SMA-, y de SANIPES (Organismo Nacional de Sanidad Pesquera) con el objetivo de conocer c\u00f3mo supervisan establecimientos industriales pesqueros y centros de cultivo de peces, abordar la promoci\u00f3n de la correcci\u00f3n de incumplimiento en la industria acu\u00edcola y los criterios de an\u00e1lisis para la aplicaci\u00f3n de sanciones en pesca y acuicultura, entre otros temas.<\/span><span data-ccp-props=\"{&quot;134233117&quot;:true,&quot;134233118&quot;:true,&quot;201341983&quot;:0,&quot;335551550&quot;:6,&quot;335551620&quot;:6,&quot;335559740&quot;:240}\">\u00a0<\/span><\/p>\n<p><span data-ccp-props=\"{&quot;134233117&quot;:true,&quot;134233118&quot;:true,&quot;201341983&quot;:0,&quot;335551550&quot;:6,&quot;335551620&quot;:6,&quot;335559740&quot;:240}\">\u00a0<\/span><span data-contrast=\"auto\">La delegaci\u00f3n chilena, encabezada por la encargada de la Secci\u00f3n de Biodiversidad y \u00c1reas Protegidas de la Divisi\u00f3n de Fiscalizaci\u00f3n, y Punto Focal del Proyecto de Cooperaci\u00f3n Triangular de la SMA, <\/span><b><span data-contrast=\"auto\">Gloria Gallegos,<\/span><\/b><span data-contrast=\"auto\"> cont\u00f3 con la participaci\u00f3n de <\/span><b><span data-contrast=\"auto\">Mar\u00eda In\u00e9s Mu\u00f1oz<\/span><\/b><span data-contrast=\"auto\"> (fiscalizadora de la Secci\u00f3n Recursos H\u00eddricos de la Divisi\u00f3n de Fiscalizaci\u00f3n SMA), <\/span><b><span data-contrast=\"auto\">Javiera Poblete<\/span><\/b><span data-contrast=\"auto\"> (profesional del Departamento de Seguimiento e Informaci\u00f3n Ambiental, SMA), <\/span><b><span data-contrast=\"auto\">Gabriela Tram\u00f3n<\/span><\/b><span data-contrast=\"auto\"> (profesional Divisi\u00f3n de Sanci\u00f3n y Cumplimiento, SMA), <\/span><b><span data-contrast=\"auto\">Wladimir Cort\u00e9s<\/span><\/b><span data-contrast=\"auto\"> (fiscalizador de la Oficina Regional de la SMA en Biob\u00edo), <\/span><b><span data-contrast=\"auto\">Leonardo Saavedra<\/span><\/b><span data-contrast=\"auto\"> (fiscalizador de la Oficina Regional de la SMA en Los Lagos), y <\/span><b><span data-contrast=\"auto\">Danilo Riquelme<\/span><\/b><span data-contrast=\"auto\"> (fiscalizador de la Oficina Regional de la SMA en Magallanes). <\/span><span data-ccp-props=\"{&quot;134233117&quot;:true,&quot;134233118&quot;:true,&quot;201341983&quot;:0,&quot;335551550&quot;:6,&quot;335551620&quot;:6,&quot;335559740&quot;:240}\">\u00a0<\/span><\/p>\n<p><span data-ccp-props=\"{&quot;134233117&quot;:true,&quot;134233118&quot;:true,&quot;201341983&quot;:0,&quot;335551550&quot;:6,&quot;335551620&quot;:6,&quot;335559740&quot;:240}\">\u00a0<\/span><span data-contrast=\"auto\">Para la reuni\u00f3n de cierre de la actividad, tambi\u00e9n estuvo presente el jefe de Canciller\u00eda de la Embajada de Chile en Per\u00fa, <\/span><b><span data-contrast=\"auto\">Ricardo Bosnic<\/span><\/b><span data-contrast=\"auto\">, y el Coordinador de Programas en la Agencia Chilena de Cooperaci\u00f3n Internacional para el Desarrollo, <\/span><b><span data-contrast=\"auto\">Ignacio Rodr\u00edguez<\/span><\/b><span data-contrast=\"auto\">.<\/span><span data-ccp-props=\"{&quot;134233117&quot;:true,&quot;134233118&quot;:true,&quot;201341983&quot;:0,&quot;335551550&quot;:6,&quot;335551620&quot;:6,&quot;335559740&quot;:240}\">\u00a0<\/span><\/p>\n<p><span data-ccp-props=\"{&quot;134233117&quot;:true,&quot;134233118&quot;:true,&quot;201341983&quot;:0,&quot;335551550&quot;:6,&quot;335551620&quot;:6,&quot;335559740&quot;:240}\">\u00a0<\/span><span data-contrast=\"auto\">El presidente de OEFA, <\/span><b><span data-contrast=\"auto\">Johnny March\u00e1n<\/span><\/b><span data-contrast=\"auto\">, destac\u00f3 el intercambio de experiencias &#8220;en relaci\u00f3n a herramientas y metodolog\u00edas aplicadas a la fiscalizaci\u00f3n ambiental del sector acu\u00edcola, como un tema de inter\u00e9s para Chile debido a su gran actividad de engorda de salm\u00f3n&#8221;.<\/span><span data-ccp-props=\"{&quot;134233117&quot;:true,&quot;134233118&quot;:true,&quot;201341983&quot;:0,&quot;335551550&quot;:6,&quot;335551620&quot;:6,&quot;335559740&quot;:240}\">\u00a0<\/span><\/p>\n<p><span data-ccp-props=\"{&quot;134233117&quot;:true,&quot;134233118&quot;:true,&quot;201341983&quot;:0,&quot;335551550&quot;:6,&quot;335551620&quot;:6,&quot;335559740&quot;:240}\">\u00a0<\/span><span data-contrast=\"auto\">Por su parte, la representante de la comitiva de la SMA en Per\u00fa, <\/span><b><span data-contrast=\"auto\">Gloria Gallegos<\/span><\/b><span data-contrast=\"auto\">, precis\u00f3 que &#8220;este tipo de colaboraci\u00f3n binacional permite mejorar procesos y reflexionar acerca de la normativa ambiental existente en ambos pa\u00edses, con el \u00fanico fin de continuar velando por el desarrollo sostenible en la regi\u00f3n. La experiencia fue enriquecedora para ambas instituciones no s\u00f3lo en lo t\u00e9cnico, sino tambi\u00e9n en lo humano. Considerando que a\u00fan queda mucho por aprender y colaborar entra ambas instituciones, se espera que estas instancias no terminen y contin\u00faen\u201d.<\/span><br \/>\n<span data-ccp-props=\"{&quot;134233117&quot;:true,&quot;134233118&quot;:true,&quot;201341983&quot;:0,&quot;335551550&quot;:6,&quot;335551620&quot;:6,&quot;335559740&quot;:240}\">\u00a0<\/span><\/p>\n","protected":false},"excerpt":{"rendered":"<p>La visita tuvo como objetivo continuar con la profundizaci\u00f3n de las herramientas y formas de fiscalizaci\u00f3n que tiene cada pa\u00eds en materia ambiental.\u00a0 Lima, Per\u00fa, 4 de septiembre de 2023-. Entre el 26 de agosto y el 1 de septiembre, una comitiva de siete funcionarias y funcionarios de la Superintendencia del Medio Ambiente (SMA) se traslad\u00f3 <a href=\"https:\/\/portal.sma.gob.cl\/index.php\/proyecto-de-cooperacion-triangular-comitiva-sma-visita-peru-para-intercambio-de-experiencia-y-metodologias\/\">Leer m\u00e1s<\/a><\/p>\n","protected":false},"author":15,"featured_media":27810,"comment_status":"open","ping_status":"open","sticky":false,"template":"","format":"standard","meta":{"footnotes":""},"categories":[90,107,225],"tags":[],"class_list":["post-27801","post","type-post","status-publish","format-standard","has-post-thumbnail","hentry","category-comunicados-noticias","category-destacado","category-macrozona-centro"],"_links":{"self":[{"href":"https:\/\/portal.sma.gob.cl\/index.php\/wp-json\/wp\/v2\/posts\/27801","targetHints":{"allow":["GET"]}}],"collection":[{"href":"https:\/\/portal.sma.gob.cl\/index.php\/wp-json\/wp\/v2\/posts"}],"about":[{"href":"https:\/\/portal.sma.gob.cl\/index.php\/wp-json\/wp\/v2\/types\/post"}],"author":[{"embeddable":true,"href":"https:\/\/portal.sma.gob.cl\/index.php\/wp-json\/wp\/v2\/users\/15"}],"replies":[{"embeddable":true,"href":"https:\/\/portal.sma.gob.cl\/index.php\/wp-json\/wp\/v2\/comments?post=27801"}],"version-history":[{"count":8,"href":"https:\/\/portal.sma.gob.cl\/index.php\/wp-json\/wp\/v2\/posts\/27801\/revisions"}],"predecessor-version":[{"id":27820,"href":"https:\/\/portal.sma.gob.cl\/index.php\/wp-json\/wp\/v2\/posts\/27801\/revisions\/27820"}],"wp:featuredmedia":[{"embeddable":true,"href":"https:\/\/portal.sma.gob.cl\/index.php\/wp-json\/wp\/v2\/media\/27810"}],"wp:attachment":[{"href":"https:\/\/portal.sma.gob.cl\/index.php\/wp-json\/wp\/v2\/media?parent=27801"}],"wp:term":[{"taxonomy":"category","embeddable":true,"href":"https:\/\/portal.sma.gob.cl\/index.php\/wp-json\/wp\/v2\/categories?post=27801"},{"taxonomy":"post_tag","embeddable":true,"href":"https:\/\/portal.sma.gob.cl\/index.php\/wp-json\/wp\/v2\/tags?post=27801"}],"curies":[{"name":"wp","href":"https:\/\/api.w.org\/{rel}","templated":true}]}}