{"id":27821,"date":"2023-09-05T10:41:33","date_gmt":"2023-09-05T13:41:33","guid":{"rendered":"https:\/\/portal.sma.gob.cl\/?p=27821"},"modified":"2023-10-30T16:05:51","modified_gmt":"2023-10-30T19:05:51","slug":"asistencia-al-cumplimiento-sma-participa-en-taller-de-gestion-de-olores-de-la-asociacion-de-productores-de-cerdos","status":"publish","type":"post","link":"https:\/\/portal.sma.gob.cl\/index.php\/asistencia-al-cumplimiento-sma-participa-en-taller-de-gestion-de-olores-de-la-asociacion-de-productores-de-cerdos\/","title":{"rendered":"Asistencia al Cumplimiento: SMA participa en Taller de Gesti\u00f3n de Olores de la Asociaci\u00f3n de Productores de Cerdos"},"content":{"rendered":"<ul>\n<li><em><strong>A la actividad -en la que expusieron profesionales de la Superintendencia- asistieron cerca de 35 representantes productores.<\/strong> <\/em><\/li>\n<\/ul>\n<p>&nbsp;<\/p>\n<p>Profesionales de la Superintendencia del Medio Ambiente (SMA) participaron en el Taller de Gesti\u00f3n de Olores, organizado por la Asociaci\u00f3n de Productores de Cerdos (Asprocer), que tuvo como objetivo dar asistencia al cumplimiento respecto de las obligaciones que establece la Norma de Emisi\u00f3n de Olores para Planteles Porcinos (D.S. N\u00b09\/2022 del MMA).<\/p>\n<p>A la actividad -en la que expusieron funcionarios de la Divisi\u00f3n de Fiscalizaci\u00f3n y del Departamento de Seguimiento e Informaci\u00f3n Ambiental- asistieron de forma virtual cerca de 35 representantes productores.<\/p>\n<p><img decoding=\"async\" class=\"size-medium wp-image-27826 aligncenter\" src=\"https:\/\/portal.sma.gob.cl\/wp-content\/uploads\/2023\/09\/IMG1-300x169.jpg\" alt=\"\" width=\"300\" height=\"169\" srcset=\"https:\/\/portal.sma.gob.cl\/wp-content\/uploads\/2023\/09\/IMG1-200x113.jpg 200w, https:\/\/portal.sma.gob.cl\/wp-content\/uploads\/2023\/09\/IMG1-300x169.jpg 300w, https:\/\/portal.sma.gob.cl\/wp-content\/uploads\/2023\/09\/IMG1-400x225.jpg 400w, https:\/\/portal.sma.gob.cl\/wp-content\/uploads\/2023\/09\/IMG1-600x338.jpg 600w, https:\/\/portal.sma.gob.cl\/wp-content\/uploads\/2023\/09\/IMG1-768x432.jpg 768w, https:\/\/portal.sma.gob.cl\/wp-content\/uploads\/2023\/09\/IMG1-800x450.jpg 800w, https:\/\/portal.sma.gob.cl\/wp-content\/uploads\/2023\/09\/IMG1-1024x576.jpg 1024w, https:\/\/portal.sma.gob.cl\/wp-content\/uploads\/2023\/09\/IMG1-1200x675.jpg 1200w, https:\/\/portal.sma.gob.cl\/wp-content\/uploads\/2023\/09\/IMG1.jpg 1280w\" sizes=\"(max-width: 300px) 100vw, 300px\" \/><\/p>\n<p>En la instancia, se abord\u00f3 la reciente publicaci\u00f3n de la Resoluci\u00f3n Exenta N\u00b01386 de la SMA, que instruye sobre los deberes de remisi\u00f3n de informaci\u00f3n para las fuentes reguladas por el D.S.N\u00b09\/2022, y se presentaron los principales contenidos de la gu\u00eda sobre remisi\u00f3n y contenidos m\u00ednimos de informes para dar cumplimiento a la norma, que indica que los titulares deben reportar sus emisiones.<\/p>\n<p>Adicionalmente, se realiz\u00f3 una presentaci\u00f3n acerca de c\u00f3mo debe ser el registro en los sistemas de la SMA por parte de los titulares, espec\u00edficamente, en relaci\u00f3n al Sistema de Administraci\u00f3n de Regulados (SAR), cuyo acceso se realiza con clave \u00fanica. En este portal, los representantes legales de los planteles deben definir delegados que quedar\u00e1n habilitados para ingresar el catastro de sus instalaciones afectas, pr\u00e1cticas operacionales y reportes al Sistema de Seguimiento Atmosf\u00e9rico (SISAT).<\/p>\n","protected":false},"excerpt":{"rendered":"<p>A la actividad -en la que expusieron profesionales de la Superintendencia- asistieron cerca de 35 representantes productores. &nbsp; Profesionales de la Superintendencia del Medio Ambiente (SMA) participaron en el Taller de Gesti\u00f3n de Olores, organizado por la Asociaci\u00f3n de Productores de Cerdos (Asprocer), que tuvo como objetivo dar asistencia al cumplimiento respecto de las obligaciones que <a href=\"https:\/\/portal.sma.gob.cl\/index.php\/asistencia-al-cumplimiento-sma-participa-en-taller-de-gestion-de-olores-de-la-asociacion-de-productores-de-cerdos\/\">Leer m\u00e1s<\/a><\/p>\n","protected":false},"author":13,"featured_media":27844,"comment_status":"open","ping_status":"open","sticky":false,"template":"","format":"standard","meta":{"footnotes":""},"categories":[252,90,225],"tags":[],"class_list":["post-27821","post","type-post","status-publish","format-standard","has-post-thumbnail","hentry","category-asistencia-al-cumplimiento","category-comunicados-noticias","category-macrozona-centro"],"_links":{"self":[{"href":"https:\/\/portal.sma.gob.cl\/index.php\/wp-json\/wp\/v2\/posts\/27821","targetHints":{"allow":["GET"]}}],"collection":[{"href":"https:\/\/portal.sma.gob.cl\/index.php\/wp-json\/wp\/v2\/posts"}],"about":[{"href":"https:\/\/portal.sma.gob.cl\/index.php\/wp-json\/wp\/v2\/types\/post"}],"author":[{"embeddable":true,"href":"https:\/\/portal.sma.gob.cl\/index.php\/wp-json\/wp\/v2\/users\/13"}],"replies":[{"embeddable":true,"href":"https:\/\/portal.sma.gob.cl\/index.php\/wp-json\/wp\/v2\/comments?post=27821"}],"version-history":[{"count":5,"href":"https:\/\/portal.sma.gob.cl\/index.php\/wp-json\/wp\/v2\/posts\/27821\/revisions"}],"predecessor-version":[{"id":27847,"href":"https:\/\/portal.sma.gob.cl\/index.php\/wp-json\/wp\/v2\/posts\/27821\/revisions\/27847"}],"wp:featuredmedia":[{"embeddable":true,"href":"https:\/\/portal.sma.gob.cl\/index.php\/wp-json\/wp\/v2\/media\/27844"}],"wp:attachment":[{"href":"https:\/\/portal.sma.gob.cl\/index.php\/wp-json\/wp\/v2\/media?parent=27821"}],"wp:term":[{"taxonomy":"category","embeddable":true,"href":"https:\/\/portal.sma.gob.cl\/index.php\/wp-json\/wp\/v2\/categories?post=27821"},{"taxonomy":"post_tag","embeddable":true,"href":"https:\/\/portal.sma.gob.cl\/index.php\/wp-json\/wp\/v2\/tags?post=27821"}],"curies":[{"name":"wp","href":"https:\/\/api.w.org\/{rel}","templated":true}]}}