{"id":27892,"date":"2023-09-07T10:14:01","date_gmt":"2023-09-07T13:14:01","guid":{"rendered":"https:\/\/portal.sma.gob.cl\/?p=27892"},"modified":"2023-09-29T11:25:59","modified_gmt":"2023-09-29T14:25:59","slug":"seremi-del-medio-ambiente-de-valparaiso-sobre-el-gec-en-la-region-estamos-trabajando-en-modificar-este-instrumento-de-gestion-mediante-la-ampliacion-del-periodo","status":"publish","type":"post","link":"https:\/\/portal.sma.gob.cl\/index.php\/seremi-del-medio-ambiente-de-valparaiso-sobre-el-gec-en-la-region-estamos-trabajando-en-modificar-este-instrumento-de-gestion-mediante-la-ampliacion-del-periodo\/","title":{"rendered":"Seremi del Medio Ambiente de Valpara\u00edso sobre el GEC en la regi\u00f3n: \u201cEstamos trabajando en modificar este instrumento de gesti\u00f3n mediante la ampliaci\u00f3n del periodo\u201d"},"content":{"rendered":"<ul>\n<li><strong>El actual titular de Medio Ambiente para la Regi\u00f3n de Valpara\u00edso, Hern\u00e1n Ram\u00edrez, hace una evaluaci\u00f3n del per\u00edodo de Gesti\u00f3n de Episodios Cr\u00edticos (GEC) del Plan de Descontaminaci\u00f3n Atmosf\u00e9rico que hoy rige para las comunas de Conc\u00f3n, Quintero y Puchuncav\u00ed.<\/strong><\/li>\n<li><strong>\u201cComo MMA nos encontramos en proceso de reforzar el monitoreo de la calidad de aire a trav\u00e9s de diversas iniciativas\u201d, agreg\u00f3 la autoridad.<\/strong><\/li>\n<\/ul>\n<p>Ingeniero en Ejecuci\u00f3n en Pesca y egresado del Mag\u00edster en Gesti\u00f3n Ambiental de la Universidad de Valpara\u00edso, el seremi de Medio Ambiente para la Regi\u00f3n de Valpara\u00edso, Hern\u00e1n Ram\u00edrez, asumi\u00f3 en el cargo en marzo de 2022 tras haberse desempe\u00f1ado en distintos lugares relacionados a la tem\u00e1tica socioambiental.<\/p>\n<p>A casi el t\u00e9rmino del segundo periodo de Gesti\u00f3n de Episodios Cr\u00edticos (GEC) del Plan de Descontaminaci\u00f3n Atmosf\u00e9rica para las comunas de Conc\u00f3n, Quintero y Puchuncav\u00ed, que enfrenta como autoridad regional, Ram\u00edrez analiz\u00f3 el instrumento y se refiri\u00f3 al trabajo que est\u00e1 realizando la cartera para modificar su tiempo de activaci\u00f3n.<\/p>\n<p>\u00bf<strong>Cu\u00e1l es la evaluaci\u00f3n que hace como seremi sobre el per\u00edodo GEC 2023 del Plan de Descontaminaci\u00f3n que actualmente rige para las comunas de Conc\u00f3n, Quintero y Puchuncav\u00ed?<\/strong><\/p>\n<p>Es un instrumento que permite generar reducciones de emisiones de MP, SO2, y COVs por parte de las empresas en periodos de mala ventilaci\u00f3n y reducciones adicionales cuando se presenta mala calidad del aire. Las medidas de reducci\u00f3n de cada instalaci\u00f3n se encuentran establecidas en los Planes Operacionales aprobados por la Seremi del Medio Ambiente, los que est\u00e1n sujetos a una constante fiscalizaci\u00f3n por parte de la SMA, as\u00ed como una permanente revisi\u00f3n y ajuste de dichos planes.<\/p>\n<p>En ese sentido y a fin de fortalecer el actual PPDA en esta administraci\u00f3n, como Ministerio del Medio Ambiente estamos trabajando en modificar este instrumento de gesti\u00f3n mediante la ampliaci\u00f3n del periodo de activaci\u00f3n, ante condiciones de mala ventilaci\u00f3n, la que actualmente se activa entre el 1 de abril hasta el 30 de septiembre.<\/p>\n<p>Lo anterior buscar modificar la letra a), del art\u00edculo 47, del Decreto Supremo N\u00b0105, a\u00f1o 2018, Del Ministerio del Medio Ambiente que aprueba Plan de Prevenci\u00f3n y Descontaminaci\u00f3n Atmosf\u00e9rica (PPDA) para las comunas de Conc\u00f3n, Quintero y Puchuncav\u00ed, a fin de reforzar las medidas preventivas para el resguardo de la salud de la poblaci\u00f3n frente a condiciones de mala ventilaci\u00f3n, y que pudieran propiciar la mala calidad del aire.<\/p>\n<p>&nbsp;<\/p>\n<p><strong>\u00bfD\u00f3nde se ven reflejados, espec\u00edficamente, los efectos positivos del Plan de Descontaminaci\u00f3n? \u00bfQu\u00e9 acciones o medidas destacar\u00eda de este per\u00edodo?<\/strong><\/p>\n<p>El PPDA establece medidas de reducci\u00f3n de emisiones de MP, SO2, NOX, para las tres principales megafuentes, las cuales debieran ser implementadas al 2022. Adicionalmente, obliga a las instalaciones a declarar sus emisiones de compuestos org\u00e1nicos vol\u00e1tiles, lo que permitir\u00e1 a futuro aportar antecedentes tanto para la elaboraci\u00f3n de la norma de COVs, como para la revisi\u00f3n del PPDA.<\/p>\n<p>Por otra parte, el PPDA dej\u00f3 establecido la elaboraci\u00f3n de una norma de calidad par compuestos org\u00e1nicos vol\u00e1tiles, que se traduce en la actual norma primaria de benceno y que es aplicable para todo el territorio nacional.<\/p>\n<p>Finalmente, cabe se\u00f1alar que el mismo plan permite la implementaci\u00f3n de una oficina de un equipo fiscalizador permanente y exclusivo para el territorio.<\/p>\n<p>&nbsp;<\/p>\n<p><strong>\u00bfD\u00f3nde est\u00e1n concentrados los esfuerzos de la seremi que dirige para contribuir en la efectividad del Plan de Descontaminaci\u00f3n?<\/strong><\/p>\n<p>Como MMA nos encontramos en proceso de reforzar el monitoreo de la calidad de aire a trav\u00e9s de diversas iniciativas, siendo una de las m\u00e1s importantes la nueva <strong>Red P\u00fablica de Monitoreo de Calidad del Aire<\/strong> que viene a robustecer las mediciones en el territorio, en cuanto a cobertura territorial y contaminantes a medir.<\/p>\n<p>Adem\u00e1s, se est\u00e1 llevando a cabo un estudio que cuantifique las emisiones de las embarcaciones que operan en la bah\u00eda de Quintero, a fin de conocer el aporte de esta actividad en las emisiones totales que se generan en el territorio, lo que finalmente redundar\u00e1 en antecedentes para la futura revisi\u00f3n del PPDA.<\/p>\n","protected":false},"excerpt":{"rendered":"<p>El actual titular de Medio Ambiente para la Regi\u00f3n de Valpara\u00edso, Hern\u00e1n Ram\u00edrez, hace una evaluaci\u00f3n del per\u00edodo de Gesti\u00f3n de Episodios Cr\u00edticos (GEC) del Plan de Descontaminaci\u00f3n Atmosf\u00e9rico que hoy rige para las comunas de Conc\u00f3n, Quintero y Puchuncav\u00ed. \u201cComo MMA nos encontramos en proceso de reforzar el monitoreo de la calidad de aire a <a href=\"https:\/\/portal.sma.gob.cl\/index.php\/seremi-del-medio-ambiente-de-valparaiso-sobre-el-gec-en-la-region-estamos-trabajando-en-modificar-este-instrumento-de-gestion-mediante-la-ampliacion-del-periodo\/\">Leer m\u00e1s<\/a><\/p>\n","protected":false},"author":8,"featured_media":27842,"comment_status":"open","ping_status":"open","sticky":false,"template":"","format":"standard","meta":{"footnotes":""},"categories":[253,225],"tags":[],"class_list":["post-27892","post","type-post","status-publish","format-standard","has-post-thumbnail","hentry","category-boletin-cqp_sept-1","category-macrozona-centro"],"_links":{"self":[{"href":"https:\/\/portal.sma.gob.cl\/index.php\/wp-json\/wp\/v2\/posts\/27892","targetHints":{"allow":["GET"]}}],"collection":[{"href":"https:\/\/portal.sma.gob.cl\/index.php\/wp-json\/wp\/v2\/posts"}],"about":[{"href":"https:\/\/portal.sma.gob.cl\/index.php\/wp-json\/wp\/v2\/types\/post"}],"author":[{"embeddable":true,"href":"https:\/\/portal.sma.gob.cl\/index.php\/wp-json\/wp\/v2\/users\/8"}],"replies":[{"embeddable":true,"href":"https:\/\/portal.sma.gob.cl\/index.php\/wp-json\/wp\/v2\/comments?post=27892"}],"version-history":[{"count":3,"href":"https:\/\/portal.sma.gob.cl\/index.php\/wp-json\/wp\/v2\/posts\/27892\/revisions"}],"predecessor-version":[{"id":27899,"href":"https:\/\/portal.sma.gob.cl\/index.php\/wp-json\/wp\/v2\/posts\/27892\/revisions\/27899"}],"wp:featuredmedia":[{"embeddable":true,"href":"https:\/\/portal.sma.gob.cl\/index.php\/wp-json\/wp\/v2\/media\/27842"}],"wp:attachment":[{"href":"https:\/\/portal.sma.gob.cl\/index.php\/wp-json\/wp\/v2\/media?parent=27892"}],"wp:term":[{"taxonomy":"category","embeddable":true,"href":"https:\/\/portal.sma.gob.cl\/index.php\/wp-json\/wp\/v2\/categories?post=27892"},{"taxonomy":"post_tag","embeddable":true,"href":"https:\/\/portal.sma.gob.cl\/index.php\/wp-json\/wp\/v2\/tags?post=27892"}],"curies":[{"name":"wp","href":"https:\/\/api.w.org\/{rel}","templated":true}]}}