{"id":28022,"date":"2023-09-08T16:37:04","date_gmt":"2023-09-08T19:37:04","guid":{"rendered":"https:\/\/portal.sma.gob.cl\/?p=28022"},"modified":"2023-10-30T16:04:30","modified_gmt":"2023-10-30T19:04:30","slug":"cmn-y-superintendencia-de-medio-ambiente-suscriben-convenio-de-colaboracion-para-coordinar-la-fiscalizacion-ambiental","status":"publish","type":"post","link":"https:\/\/portal.sma.gob.cl\/index.php\/cmn-y-superintendencia-de-medio-ambiente-suscriben-convenio-de-colaboracion-para-coordinar-la-fiscalizacion-ambiental\/","title":{"rendered":"CMN y Superintendencia de Medio Ambiente suscriben convenio de colaboraci\u00f3n para coordinar la fiscalizaci\u00f3n ambiental"},"content":{"rendered":"<ul>\n<li><strong>Esto tiene como objetivo el resguardo del patrimonio cultural, especialmente el arqueol\u00f3gico y paleontol\u00f3gico.<\/strong><\/li>\n<\/ul>\n<p><strong>Santiago, 8 de septiembre de 2023.<\/strong> Un importante convenio de colaboraci\u00f3n sobre fiscalizaci\u00f3n ambiental suscribieron hoy la Superintendencia del Medio Ambiente (SMA), representada por la Superintendenta Maire Claude Plumer, y el Consejo de Monumentos Nacionales (CMN), a trav\u00e9s de su secretario t\u00e9cnico, Erwin Brevis.<\/p>\n<p>El acuerdo define los cursos de acci\u00f3n y coordinaci\u00f3n entre ambos organismos, asociados a la fiscalizaci\u00f3n de medidas incluidas en Resoluciones de Calificaci\u00f3n Ambiental (RCA) y Programas de Cumplimiento (PdC), la derivaci\u00f3n y presentaci\u00f3n de denuncias, y la solicitud de medidas provisionales o aquellas que sean urgentes y transitorias, respecto del componente ambiental Patrimonio Cultural, protegido como Monumento Nacional, en sus distintas categor\u00edas.<\/p>\n<p>El patrimonio cultural \u2013bajo la tuici\u00f3n y protecci\u00f3n del CMN- incluye los Monumentos Hist\u00f3ricos, Monumentos P\u00fablicos, Zonas T\u00edpicas o Pintorescas, Monumentos Arqueol\u00f3gicos, Monumentos Paleontol\u00f3gicos y Santuarios de la Naturaleza, los cuales deben ser resguardados al momento de ejecutar proyectos de inversi\u00f3n que pasan por el Sistema de Evaluaci\u00f3n de Impacto Ambiental, como los de energ\u00eda, miner\u00eda, infraestructura, inmobiliario o de transporte, entre otros.<\/p>\n<p>La Superintendencia del Medio Ambiente es el organismo encargado de ejecutar, organizar y coordinar el seguimiento y fiscalizaci\u00f3n, entre otras, de las Resoluciones de Calificaci\u00f3n Ambiental (RCA), un documento administrativo que se obtiene una vez culminado el proceso de evaluaci\u00f3n de impacto ambiental en todos sus componentes, incluido el patrimonio cultural. Este documento establece las condiciones, exigencias o medidas que el titular asociado a un proyecto o actividad deber\u00e1 cumplir durante su ejecuci\u00f3n.<\/p>\n<p>\u201cEste convenio materializa no solo una obligaci\u00f3n de coordinaci\u00f3n entre organismos p\u00fablicos, sino la voluntad expresa de fortalecer los servicios. La SMA tiene m\u00faltiples obligaciones en materia de fiscalizaci\u00f3n, donde el componente patrimonial es uno de ellos, y cuya especificidad es abordada por el CMN, un organismo crucial en el ejercicio de esta funci\u00f3n. De este modo, el acuerdo representa una nueva etapa en esta coordinaci\u00f3n\u201d, explic\u00f3 la superintendenta Plumer.<\/p>\n<p>En el marco de este convenio, el CMN colaborar\u00e1 en la fiscalizaci\u00f3n de las RCA y PdC que incluyan medidas relativas a Patrimonio Cultural; proceder\u00e1 a la derivaci\u00f3n y presentaci\u00f3n de denuncias por infracciones ambientales que afecten este componente; y har\u00e1 la solicitud de medidas provisionales o de medidas urgentes y transitorias que puede dictar la SMA cuando existe un riesgo inminente para este componente.<\/p>\n<p>\u201cEstamos muy contentos como secretar\u00eda t\u00e9cnica del CMN, pues formaliza un trabajo de largo aliento con la SMA que se ha ido consolidando, y que formaliza nuestro rol fiscalizador en la evaluaci\u00f3n ambiental. En el desarrollo sostenible el patrimonio es uno de sus pilares y por eso debe ser resguardado. Este convenio visibiliza y lleva al papel los trabajos en colaboraci\u00f3n que desarrollamos junto a la Superintendencia y, por tanto, clarifica y delimita nuestros roles en el objetivo com\u00fan en la protecci\u00f3n del medio ambiente\u201d, precis\u00f3 Erwin Brevis, secretario t\u00e9cnico del CMN.<\/p>\n<p>El prop\u00f3sito \u00faltimo de este convenio es asegurar el cumplimiento de la normativa ambiental y resguardar el patrimonio cultural.<\/p>\n","protected":false},"excerpt":{"rendered":"<p>Esto tiene como objetivo el resguardo del patrimonio cultural, especialmente el arqueol\u00f3gico y paleontol\u00f3gico. Santiago, 8 de septiembre de 2023. Un importante convenio de colaboraci\u00f3n sobre fiscalizaci\u00f3n ambiental suscribieron hoy la Superintendencia del Medio Ambiente (SMA), representada por la Superintendenta Maire Claude Plumer, y el Consejo de Monumentos Nacionales (CMN), a trav\u00e9s de su secretario t\u00e9cnico, <a href=\"https:\/\/portal.sma.gob.cl\/index.php\/cmn-y-superintendencia-de-medio-ambiente-suscriben-convenio-de-colaboracion-para-coordinar-la-fiscalizacion-ambiental\/\">Leer m\u00e1s<\/a><\/p>\n","protected":false},"author":13,"featured_media":28032,"comment_status":"open","ping_status":"open","sticky":false,"template":"","format":"standard","meta":{"footnotes":""},"categories":[90,107,225],"tags":[],"class_list":["post-28022","post","type-post","status-publish","format-standard","has-post-thumbnail","hentry","category-comunicados-noticias","category-destacado","category-macrozona-centro"],"_links":{"self":[{"href":"https:\/\/portal.sma.gob.cl\/index.php\/wp-json\/wp\/v2\/posts\/28022","targetHints":{"allow":["GET"]}}],"collection":[{"href":"https:\/\/portal.sma.gob.cl\/index.php\/wp-json\/wp\/v2\/posts"}],"about":[{"href":"https:\/\/portal.sma.gob.cl\/index.php\/wp-json\/wp\/v2\/types\/post"}],"author":[{"embeddable":true,"href":"https:\/\/portal.sma.gob.cl\/index.php\/wp-json\/wp\/v2\/users\/13"}],"replies":[{"embeddable":true,"href":"https:\/\/portal.sma.gob.cl\/index.php\/wp-json\/wp\/v2\/comments?post=28022"}],"version-history":[{"count":1,"href":"https:\/\/portal.sma.gob.cl\/index.php\/wp-json\/wp\/v2\/posts\/28022\/revisions"}],"predecessor-version":[{"id":28033,"href":"https:\/\/portal.sma.gob.cl\/index.php\/wp-json\/wp\/v2\/posts\/28022\/revisions\/28033"}],"wp:featuredmedia":[{"embeddable":true,"href":"https:\/\/portal.sma.gob.cl\/index.php\/wp-json\/wp\/v2\/media\/28032"}],"wp:attachment":[{"href":"https:\/\/portal.sma.gob.cl\/index.php\/wp-json\/wp\/v2\/media?parent=28022"}],"wp:term":[{"taxonomy":"category","embeddable":true,"href":"https:\/\/portal.sma.gob.cl\/index.php\/wp-json\/wp\/v2\/categories?post=28022"},{"taxonomy":"post_tag","embeddable":true,"href":"https:\/\/portal.sma.gob.cl\/index.php\/wp-json\/wp\/v2\/tags?post=28022"}],"curies":[{"name":"wp","href":"https:\/\/api.w.org\/{rel}","templated":true}]}}