{"id":28057,"date":"2023-09-13T17:20:54","date_gmt":"2023-09-13T20:20:54","guid":{"rendered":"https:\/\/portal.sma.gob.cl\/?p=28057"},"modified":"2023-09-13T17:20:54","modified_gmt":"2023-09-13T20:20:54","slug":"superintendenta-plumer-visita-la-region-del-maule-para-reunirse-con-autoridades-locales","status":"publish","type":"post","link":"https:\/\/portal.sma.gob.cl\/index.php\/superintendenta-plumer-visita-la-region-del-maule-para-reunirse-con-autoridades-locales\/","title":{"rendered":"Superintendenta Plumer visita la Regi\u00f3n del Maule para reunirse con autoridades locales"},"content":{"rendered":"<ul>\n<li><strong>Se trata de la primera visita oficial de la jefa del Servicio a la Regi\u00f3n del Maule y tuvo como fin abordar distintas preocupaciones ambientales que afectan a este territorio del pa\u00eds. <\/strong><\/li>\n<\/ul>\n<p><strong>Talca, Regi\u00f3n del Maule, 13 de septiembre de 2023.-<\/strong>\u00a0La Superintendenta del Medio Ambiente, Marie Claude Plumer, se traslad\u00f3 hoy a la Regi\u00f3n del Maule, en el marco de una visita oficial que tuvo por objetivo sostener reuniones con distintas autoridades locales. Se trata del primer viaje a la zona que realiza la Superintendenta tras asumir en el cargo.<\/p>\n<p>Durante el despliegue, y en compa\u00f1\u00eda de la Jefa de la Oficina Regional de la SMA del Maule, Mariela Valenzuela, la jefa del Servicio se reuni\u00f3 con la seremi de Medio Ambiente del Maule, <strong>Daniela de La Jara <\/strong>y con el Director Regional del Servicio de Evaluaci\u00f3n Ambiental (SEA), <strong>Alejandro Christen, <\/strong>con quienes abord\u00f3 los principales desaf\u00edos que tiene la zona en materia medioambiental y acerca del rol que tiene la institucionalidad compuesta por los tres organismos.<\/p>\n<p>Luego de finalizada la visita, la Superintendenta Plumer relev\u00f3 que \u201cse ha tratado de un viaje muy productivo y que tuvo como objetivo abordar los principales problemas ambientales que afectan a la regi\u00f3n del Maule. El trabajo directo con los territorios a lo largo del pa\u00eds es sumamente importante\u201d.<\/p>\n<p>Adem\u00e1s, agreg\u00f3 que \u201cconversar y establecer coordinaci\u00f3n con las autoridades locales es clave, as\u00ed como tambi\u00e9n que la autoridad central conozca de manera presencial, las preocupaciones y los avances de la gesti\u00f3n en materia ambiental que est\u00e1 desplegando la Superintendencia del Medio Ambiente\u201d.<\/p>\n<p>Cabe indicar que la Regi\u00f3n del Maule cuenta con 1.283 Unidades Fiscalizables y 1.112 Resoluciones de Calificaci\u00f3n Ambiental.<\/p>\n","protected":false},"excerpt":{"rendered":"<p>Se trata de la primera visita oficial de la jefa del Servicio a la Regi\u00f3n del Maule y tuvo como fin abordar distintas preocupaciones ambientales que afectan a este territorio del pa\u00eds. Talca, Regi\u00f3n del Maule, 13 de septiembre de 2023.-\u00a0La Superintendenta del Medio Ambiente, Marie Claude Plumer, se traslad\u00f3 hoy a la Regi\u00f3n del Maule, <a href=\"https:\/\/portal.sma.gob.cl\/index.php\/superintendenta-plumer-visita-la-region-del-maule-para-reunirse-con-autoridades-locales\/\">Leer m\u00e1s<\/a><\/p>\n","protected":false},"author":13,"featured_media":28058,"comment_status":"open","ping_status":"open","sticky":false,"template":"","format":"standard","meta":{"footnotes":""},"categories":[90,107,225,94],"tags":[],"class_list":["post-28057","post","type-post","status-publish","format-standard","has-post-thumbnail","hentry","category-comunicados-noticias","category-destacado","category-macrozona-centro","category-notas-noticias"],"_links":{"self":[{"href":"https:\/\/portal.sma.gob.cl\/index.php\/wp-json\/wp\/v2\/posts\/28057","targetHints":{"allow":["GET"]}}],"collection":[{"href":"https:\/\/portal.sma.gob.cl\/index.php\/wp-json\/wp\/v2\/posts"}],"about":[{"href":"https:\/\/portal.sma.gob.cl\/index.php\/wp-json\/wp\/v2\/types\/post"}],"author":[{"embeddable":true,"href":"https:\/\/portal.sma.gob.cl\/index.php\/wp-json\/wp\/v2\/users\/13"}],"replies":[{"embeddable":true,"href":"https:\/\/portal.sma.gob.cl\/index.php\/wp-json\/wp\/v2\/comments?post=28057"}],"version-history":[{"count":1,"href":"https:\/\/portal.sma.gob.cl\/index.php\/wp-json\/wp\/v2\/posts\/28057\/revisions"}],"predecessor-version":[{"id":28059,"href":"https:\/\/portal.sma.gob.cl\/index.php\/wp-json\/wp\/v2\/posts\/28057\/revisions\/28059"}],"wp:featuredmedia":[{"embeddable":true,"href":"https:\/\/portal.sma.gob.cl\/index.php\/wp-json\/wp\/v2\/media\/28058"}],"wp:attachment":[{"href":"https:\/\/portal.sma.gob.cl\/index.php\/wp-json\/wp\/v2\/media?parent=28057"}],"wp:term":[{"taxonomy":"category","embeddable":true,"href":"https:\/\/portal.sma.gob.cl\/index.php\/wp-json\/wp\/v2\/categories?post=28057"},{"taxonomy":"post_tag","embeddable":true,"href":"https:\/\/portal.sma.gob.cl\/index.php\/wp-json\/wp\/v2\/tags?post=28057"}],"curies":[{"name":"wp","href":"https:\/\/api.w.org\/{rel}","templated":true}]}}